{"id":117637,"date":"2025-12-19T17:59:53","date_gmt":"2025-12-19T17:59:53","guid":{"rendered":"https:\/\/www.europesays.com\/no\/117637\/"},"modified":"2025-12-19T17:59:53","modified_gmt":"2025-12-19T17:59:53","slug":"donald-trump-kennedy-sentere-donald-trump-doper-om-kennedy-senteret-til-sitt-eget-navn","status":"publish","type":"post","link":"https:\/\/www.europesays.com\/no\/117637\/","title":{"rendered":"Donald Trump, Kennedy-sentere | Donald Trump d\u00f8per om Kennedy-senteret til sitt eget navn"},"content":{"rendered":"\n<p>Det nasjonale kultursenteret ved bredden av Potomac-elven ble \u00e5pnet i 1971 til minne om tidligere president John F. Kennedy, som ble drept i et attentat \u00e5tte \u00e5r tidligere.<\/p>\n<p>Kongressen ga senteret navnet The John F. Kennedy Center for the Performing Arts.<\/p>\n<p>Senteret rommer en konsertsal som er hjemmescene for National Symphony Orchestra, samt et operahus. Det har ogs\u00e5 flere teaterscener, et galleri og en jazzklubb.<\/p>\n<p><b>Les ogs\u00e5: <a rel=\"Follow nofollow noopener\" href=\"https:\/\/www.nettavisen.no\/nyheter\/reagerer-pa-donald-trumps-tirade-panikkartet\/s\/5-95-2788108\" target=\"_blank\">Reagerer p\u00e5 Trumps tirade: \u2013 Panikkartet<\/a><\/b><\/p>\n<p>Senterets styre, der medlemmene er h\u00e5ndplukket av president Donald Trump, har n\u00e5 besluttet at senteret skal omd\u00f8pes til Trump-Kennedy Center, opplyser Det hvite hus.<\/p>\n<p>If\u00f8lge Trumps talsperson Karoline Leavitt skjer dette som f\u00f8lge av \u00abdet utrolige arbeidet president Trump har gjort det siste \u00e5ret med \u00e5 redde bygningen. Ikke bare ved \u00e5 pusse det opp, men ogs\u00e5 \u00f8konomisk og omd\u00f8mmemessig\u00bb.<\/p>\n<p>Republikanerne i Kongressen har ogs\u00e5 fremmet et forslag om \u00e5 d\u00f8pe operahuset p\u00e5 senteret for First Lady Melania Trump Opera House, men det er enn\u00e5 ikke vedtatt.<\/p>\n<p>(\u00a9NTB)<\/p>\n<p>    Vil du se neste video?<\/p>\n<p>    <a href=\"https:\/\/www.nettavisen.no\/nyheter\/ville-donald-trump-spekulasjoner-det-er-noe-galt\/v\/5-95-2784982\" class=\"recommend-poster\" data-adp-clicklabel=\"video-recommend\" data-adp-clickvalue=\"poster\" rel=\"nofollow noopener\" target=\"_blank\"><br \/>\n      <img decoding=\"async\" width=\"200\" height=\"200\" loading=\"lazy\" src=\"https:\/\/www.europesays.com\/no\/wp-content\/uploads\/2025\/12\/Forvirret+Trump+2.jpg\" alt=\"\" class=\"brick-c-cFOWSL\" style=\"--brick-image-ratio: 200 \/ 200;\"\/><\/p>\n<p>Ville Trump-spekulasjoner: \u2013 Det er noe galt0:57<\/p>\n<p>    <\/a><\/p>\n","protected":false},"excerpt":{"rendered":"Det nasjonale kultursenteret ved bredden av Potomac-elven ble \u00e5pnet i 1971 til minne om tidligere president John F.&hellip;\n","protected":false},"author":2,"featured_media":117638,"comment_status":"","ping_status":"","sticky":false,"template":"","format":"standard","meta":{"footnotes":""},"categories":[12],"tags":[20,21,24,25,15,22,23,13,30,28,29,14,16,26,27,42,43,44,45],"class_list":{"0":"post-117637","1":"post","2":"type-post","3":"status-publish","4":"format-standard","5":"has-post-thumbnail","7":"category-verden","8":"tag-breaking-news","9":"tag-breakingnews","10":"tag-featured-news","11":"tag-featurednews","12":"tag-headlines","13":"tag-latest-news","14":"tag-latestnews","15":"tag-news","16":"tag-no","17":"tag-norge","18":"tag-norway","19":"tag-nyheter","20":"tag-overskrifter","21":"tag-top-stories","22":"tag-topstories","23":"tag-verden","24":"tag-world","25":"tag-world-news","26":"tag-worldnews"},"share_on_mastodon":{"url":"https:\/\/pubeurope.com\/@no\/115747542090884087","error":""},"_links":{"self":[{"href":"https:\/\/www.europesays.com\/no\/wp-json\/wp\/v2\/posts\/117637","targetHints":{"allow":["GET"]}}],"collection":[{"href":"https:\/\/www.europesays.com\/no\/wp-json\/wp\/v2\/posts"}],"about":[{"href":"https:\/\/www.europesays.com\/no\/wp-json\/wp\/v2\/types\/post"}],"author":[{"embeddable":true,"href":"https:\/\/www.europesays.com\/no\/wp-json\/wp\/v2\/users\/2"}],"replies":[{"embeddable":true,"href":"https:\/\/www.europesays.com\/no\/wp-json\/wp\/v2\/comments?post=117637"}],"version-history":[{"count":0,"href":"https:\/\/www.europesays.com\/no\/wp-json\/wp\/v2\/posts\/117637\/revisions"}],"wp:featuredmedia":[{"embeddable":true,"href":"https:\/\/www.europesays.com\/no\/wp-json\/wp\/v2\/media\/117638"}],"wp:attachment":[{"href":"https:\/\/www.europesays.com\/no\/wp-json\/wp\/v2\/media?parent=117637"}],"wp:term":[{"taxonomy":"category","embeddable":true,"href":"https:\/\/www.europesays.com\/no\/wp-json\/wp\/v2\/categories?post=117637"},{"taxonomy":"post_tag","embeddable":true,"href":"https:\/\/www.europesays.com\/no\/wp-json\/wp\/v2\/tags?post=117637"}],"curies":[{"name":"wp","href":"https:\/\/api.w.org\/{rel}","templated":true}]}}