{"id":117639,"date":"2025-12-19T18:00:07","date_gmt":"2025-12-19T18:00:07","guid":{"rendered":"https:\/\/www.europesays.com\/no\/117639\/"},"modified":"2025-12-19T18:00:07","modified_gmt":"2025-12-19T18:00:07","slug":"molde-spiller-tiltalt-erkjenner-ikke-straffskyld","status":"publish","type":"post","link":"https:\/\/www.europesays.com\/no\/117639\/","title":{"rendered":"Molde-spiller tiltalt &#8211; erkjenner ikke straffskyld"},"content":{"rendered":"<p class=\"no_italic m-no_italic\" data-lab-italic=\"\">Det kommer frem i <a href=\"https:\/\/www.moldefk.no\/nyheter\/pressemelding-tiltale-mot-spiller-i-molde-fotballklubb\" style=\"letter-spacing: 0.01em;\" rel=\"nofollow noopener\" target=\"_blank\">pressemelding fra Molde FK fredag<\/a>\u00a0kveld.<\/p>\n<p>Han er tatt ut av trening og kamp i tiden fremover, opplyser klubben.\u00a0<\/p>\n<p>18-\u00e5ringen har deltatt i samtlige avh\u00f8r og fullt ut samarbeidet med politiet under etterforskningen, skriver de videre. <\/p>\n<p>Daga har reist hjem til Nigeria, men returnerer til Norge i forkant av den rettslige behandlingen. <\/p>\n<p>Saken er berammet i mars. Det kommer frem i saksopplysningene\u00a0hos Nordm\u00f8re og Romsdal tingrett. <\/p>\n<p>\u2013 Vi har tidligere erfart hvor krevende denne typen saker er for de involverte, for klubben og for alle rundt oss. Dette er en sak av alvorlig karakter, og vi ser med stort alvor p\u00e5 tiltalen som er tatt ut, sier styreleder Odd Ivar Moen.\u00a0<\/p>\n<p>Midtbanespilleren kom til Molde f\u00f8r 2025-sesongen og spilte 17 kamper for bl\u00e5tr\u00f8yene i 2025.<\/p>\n<p>Klubben har v\u00e6rt i kontakt med kvinnens bistandsadvokat for \u00e5 anerkjenne belastningen saken medf\u00f8rer.<\/p>\n<p>TV 2 har ogs\u00e5 v\u00e6rt i kontakt med den forn\u00e6rmedes kvinnens bistandsadvokat.<\/p>\n<p>\u2013 Det er en stor belastning for forn\u00e6rmede, utover det ingen kommentar, sier bistandsadvokat Anette Western Torgersen.<\/p>\n<p>Styrelederen i Molde FK presiserer at klubben \u00f8nsker \u00e5\u00a0opptre respektfullt og legge til rette for en rettferdig prosess for de ber\u00f8rte.<\/p>\n<p> Spillerens advokat, Astrid Bolstad, uttaler f\u00f8lgende:<\/p>\n<p>\u2013 Min klient erkjenner at det har v\u00e6rt en seksuell hendelse, men fastholder at den var gjensidig samtykkende. Han mener at han ikke har gjort noe ulovlig og erkjenner ikke straffskyld, sier advokaten, og fortsetter:\u00a0<\/p>\n<p>\u2013 Vi er overrasket over at det er tatt ut tiltale etter den etterforskningen som er gjennomf\u00f8rt. Det er ogs\u00e5 viktig \u00e5 presisere at det ikke er mistanke om vold eller trusler. Min klient ser frem til \u00e5 f\u00e5 saken behandlet i retten slik at han kan renvaske seg. Han er sv\u00e6rt preget av situasjonen og anmeldelsen. <\/p>\n<p>TV 2 har v\u00e6rt i kontakt med spillerens advokat, som ikke \u00f8nsker \u00e5 utdype noe mer enn det som fremg\u00e5r i pressemeldingen.<\/p>\n","protected":false},"excerpt":{"rendered":"Det kommer frem i pressemelding fra Molde FK fredag\u00a0kveld. Han er tatt ut av trening og kamp i&hellip;\n","protected":false},"author":2,"featured_media":117640,"comment_status":"","ping_status":"","sticky":false,"template":"","format":"standard","meta":{"footnotes":""},"categories":[10],"tags":[20,21,24,25,15,22,23,13,30,28,29,14,16,26,27],"class_list":{"0":"post-117639","1":"post","2":"type-post","3":"status-publish","4":"format-standard","5":"has-post-thumbnail","7":"category-norge","8":"tag-breaking-news","9":"tag-breakingnews","10":"tag-featured-news","11":"tag-featurednews","12":"tag-headlines","13":"tag-latest-news","14":"tag-latestnews","15":"tag-news","16":"tag-no","17":"tag-norge","18":"tag-norway","19":"tag-nyheter","20":"tag-overskrifter","21":"tag-top-stories","22":"tag-topstories"},"share_on_mastodon":{"url":"https:\/\/pubeurope.com\/@no\/115747542158898161","error":""},"_links":{"self":[{"href":"https:\/\/www.europesays.com\/no\/wp-json\/wp\/v2\/posts\/117639","targetHints":{"allow":["GET"]}}],"collection":[{"href":"https:\/\/www.europesays.com\/no\/wp-json\/wp\/v2\/posts"}],"about":[{"href":"https:\/\/www.europesays.com\/no\/wp-json\/wp\/v2\/types\/post"}],"author":[{"embeddable":true,"href":"https:\/\/www.europesays.com\/no\/wp-json\/wp\/v2\/users\/2"}],"replies":[{"embeddable":true,"href":"https:\/\/www.europesays.com\/no\/wp-json\/wp\/v2\/comments?post=117639"}],"version-history":[{"count":0,"href":"https:\/\/www.europesays.com\/no\/wp-json\/wp\/v2\/posts\/117639\/revisions"}],"wp:featuredmedia":[{"embeddable":true,"href":"https:\/\/www.europesays.com\/no\/wp-json\/wp\/v2\/media\/117640"}],"wp:attachment":[{"href":"https:\/\/www.europesays.com\/no\/wp-json\/wp\/v2\/media?parent=117639"}],"wp:term":[{"taxonomy":"category","embeddable":true,"href":"https:\/\/www.europesays.com\/no\/wp-json\/wp\/v2\/categories?post=117639"},{"taxonomy":"post_tag","embeddable":true,"href":"https:\/\/www.europesays.com\/no\/wp-json\/wp\/v2\/tags?post=117639"}],"curies":[{"name":"wp","href":"https:\/\/api.w.org\/{rel}","templated":true}]}}