{"id":117651,"date":"2025-12-19T18:09:11","date_gmt":"2025-12-19T18:09:11","guid":{"rendered":"https:\/\/www.europesays.com\/no\/117651\/"},"modified":"2025-12-19T18:09:11","modified_gmt":"2025-12-19T18:09:11","slug":"trafikk-gjovik-trafikken-star-i-begge-retninger-oppland-arbeiderblad","status":"publish","type":"post","link":"https:\/\/www.europesays.com\/no\/117651\/","title":{"rendered":"Trafikk, Gj\u00f8vik | \u2013 Trafikken st\u00e5r i begge retninger &#8211; Oppland Arbeiderblad"},"content":{"rendered":"<ol>\n<li><a href=\"https:\/\/news.google.com\/rss\/articles\/CBMic0FVX3lxTFByZFg2a3Y4MHFDNnpxRUVmQ0RDYUhTQUNfSjJlaC1fZUVobEh4ZnNOVUkwUUhGWUotdVVtSFBLT08xdDRLQXdhNFFXa1BHTXNPVmNHVDAycEUxUjgxaDctNEUtWHhZcUx5d3dEZkJJbi1jTzA?oc=5\" target=\"_blank\" rel=\"nofollow noopener\">Trafikk, Gj\u00f8vik | \u2013 Trafikken st\u00e5r i begge retninger<\/a>&nbsp;&nbsp;Oppland Arbeiderblad<\/li>\n<li><a href=\"https:\/\/news.google.com\/rss\/articles\/CBMihAFBVV95cUxOX2hLN29KaDlYbGo5YU1lMHJpOURVTHFkcjVIU2p1ME9LdHVIR3dESzhzU3FiSUw5RFl5bDZXMUR0NGpFN1Bwc3lSNGRNMVppbkZnQVQyZWdZTFR1NzBvd2p0NGRmRm80YVFCRnJOSWt4MUFwX1g4SEE2VVVRNER3ZkQ5ckI?oc=5\" target=\"_blank\" rel=\"nofollow noopener\">Ulykker og hendelser, Trafikk | Br\u00e5bremset for r\u00e5dyr \u2013 endte i p\u00e5kj\u00f8rsel bakfra<\/a>&nbsp;&nbsp;Gudbrandsd\u00f8len Dagningen<\/li>\n<li><a href=\"https:\/\/news.google.com\/rss\/articles\/CBMiiwFBVV95cUxQdkd1Szk1RWU1RXRtYVE3N19sTmM1QjVMY2lBeDRiMk5LTTBXR2RlUDBLdXQ5d3hKQWViZWd4WU5tTExoSnpoeFIyMTNybTFTYXdQQUlxS01XbkRnTjFBQzNtM2hwWHZFLTllSmp5SHdmYmNzYklPeXBYb3ZMaXI5N3pNRi1mSEJaRkVn?oc=5\" target=\"_blank\" rel=\"nofollow noopener\">Trafikk | Trafikkulykke p\u00e5 E6 i juleutfarten<\/a>&nbsp;&nbsp;Nettavisen<\/li>\n<li><a href=\"https:\/\/news.google.com\/rss\/articles\/CBMickFVX3lxTE8zTDB5WjZCTEFLVy1TM0VTOWxhUVV3eWIxTlRkWk9UN0hzbnc1ejNscTVkSjZmejVHMXMta1loWG1rYzJBNXc1aDdkb0pIeW1hNkpzeUUzQ0V6SjZZOTRMUWxzZnViRHlGeUZhZXJwSTREdw?oc=5\" target=\"_blank\" rel=\"nofollow noopener\">E6, Trafikk | Bremset for r\u00e5dyr &#8211; p\u00e5kj\u00f8rt bakfra<\/a>&nbsp;&nbsp;Ringsaker Blad<\/li>\n<\/ol>\n","protected":false},"excerpt":{"rendered":"Trafikk, Gj\u00f8vik | \u2013 Trafikken st\u00e5r i begge retninger&nbsp;&nbsp;Oppland Arbeiderblad Ulykker og hendelser, Trafikk | Br\u00e5bremset for r\u00e5dyr&hellip;\n","protected":false},"author":2,"featured_media":4217,"comment_status":"","ping_status":"","sticky":false,"template":"","format":"standard","meta":{"footnotes":""},"categories":[10],"tags":[20,21,24,25,15,22,23,13,30,28,29,14,16,26,27],"class_list":{"0":"post-117651","1":"post","2":"type-post","3":"status-publish","4":"format-standard","5":"has-post-thumbnail","7":"category-norge","8":"tag-breaking-news","9":"tag-breakingnews","10":"tag-featured-news","11":"tag-featurednews","12":"tag-headlines","13":"tag-latest-news","14":"tag-latestnews","15":"tag-news","16":"tag-no","17":"tag-norge","18":"tag-norway","19":"tag-nyheter","20":"tag-overskrifter","21":"tag-top-stories","22":"tag-topstories"},"share_on_mastodon":{"url":"https:\/\/pubeurope.com\/@no\/115747577161983343","error":""},"_links":{"self":[{"href":"https:\/\/www.europesays.com\/no\/wp-json\/wp\/v2\/posts\/117651","targetHints":{"allow":["GET"]}}],"collection":[{"href":"https:\/\/www.europesays.com\/no\/wp-json\/wp\/v2\/posts"}],"about":[{"href":"https:\/\/www.europesays.com\/no\/wp-json\/wp\/v2\/types\/post"}],"author":[{"embeddable":true,"href":"https:\/\/www.europesays.com\/no\/wp-json\/wp\/v2\/users\/2"}],"replies":[{"embeddable":true,"href":"https:\/\/www.europesays.com\/no\/wp-json\/wp\/v2\/comments?post=117651"}],"version-history":[{"count":0,"href":"https:\/\/www.europesays.com\/no\/wp-json\/wp\/v2\/posts\/117651\/revisions"}],"wp:featuredmedia":[{"embeddable":true,"href":"https:\/\/www.europesays.com\/no\/wp-json\/wp\/v2\/media\/4217"}],"wp:attachment":[{"href":"https:\/\/www.europesays.com\/no\/wp-json\/wp\/v2\/media?parent=117651"}],"wp:term":[{"taxonomy":"category","embeddable":true,"href":"https:\/\/www.europesays.com\/no\/wp-json\/wp\/v2\/categories?post=117651"},{"taxonomy":"post_tag","embeddable":true,"href":"https:\/\/www.europesays.com\/no\/wp-json\/wp\/v2\/tags?post=117651"}],"curies":[{"name":"wp","href":"https:\/\/api.w.org\/{rel}","templated":true}]}}