{"id":117662,"date":"2025-12-19T18:20:14","date_gmt":"2025-12-19T18:20:14","guid":{"rendered":"https:\/\/www.europesays.com\/no\/117662\/"},"modified":"2025-12-19T18:20:14","modified_gmt":"2025-12-19T18:20:14","slug":"asbjorn-lanes-80-bisatt-i-lyngen-kirke","status":"publish","type":"post","link":"https:\/\/www.europesays.com\/no\/117662\/","title":{"rendered":"Asbj\u00f8rn Lanes (80) bisatt i Lyngen kirke"},"content":{"rendered":"\n<p class=\"_lead_o9xde_2 _lead_xtcu6_50 layout-component text-serif-m layout-normal text-serif-l layout-component layout-wide layout-padded _wide_17hqh_1 layout-padded\">Fredag ble Asbj\u00f8rn Lanes bisatt i Lyngen i kirke.<\/p>\n<p><img alt=\"Mange m\u00f8tte fredag opp i Lyngen kirke for \u00e5 ta farvel med Asbj\u00f8rn Lanes.  Foto: Marius Hoe\" class=\"_image_qp4xg_65 layout-component layout-wide\" data-fullscreen- data-track-element-type=\"Article image fullscreen\" data-track-name=\"ImageFullscreen\" fetchpriority=\"high\" decoding=\"sync\" loading=\"eager\" height=\"4000\" itemprop=\"image\"  src=\"https:\/\/www.europesays.com\/no\/wp-content\/uploads\/2025\/12\/36d596f3-29b9-4872-a3ed-490f6fffd77e\"  style=\"object-position:55.108333333333334% 63.9375%\" width=\"6000\"\/>Mange m\u00f8tte fredag opp i Lyngen kirke for \u00e5 ta farvel med Asbj\u00f8rn Lanes.  Foto: Marius Hoe Oppdatert fredag 19. desember kl. 18:11     <\/p>\n<p class=\"_paragraph_o9xde_4 _paragraph_xtcu6_10 layout-component text-serif-m layout-normal text-serif-m layout-padded\">Familie, venner, tidligere kolleger og kommuneledelse tok fredag et siste farvel med Asbj\u00f8rn Lanes.<\/p>\n<p class=\"_paragraph_o9xde_4 _paragraph_xtcu6_10 layout-component text-serif-m layout-normal text-serif-m layout-padded\">Den tidligere l\u00e6reren, rektoren, r\u00e5dmannen, fotballtreneren og bankmannen Lanes ble 24. november funnet drept p\u00e5 sitt rom p\u00e5 Lyngstunet helse- og omsorgssenter.<\/p>\n<p class=\"_paragraph_o9xde_4 _paragraph_xtcu6_10 layout-component text-serif-m layout-normal layout-padded\"><strong class=\"_strong_o9xde_25\">Les ogs\u00e5:<\/strong> <a href=\"https:\/\/www.vg.no\/i\/q6pea1\" data-track-element-type=\"Link\" data-track-id=\"link:q6pea1\" class=\"_link_o9xde_39\" rel=\"nofollow noopener\" target=\"_blank\">Asbj\u00f8rn (80) ble drept: \u2013 Verdens beste pappa<\/a><\/p>\n<p>\u2013 Asbj\u00f8rn skilte ikke mellom mennesker<\/p>\n<p class=\"_paragraph_o9xde_4 _paragraph_xtcu6_10 layout-component text-serif-m layout-normal text-serif-m layout-padded\">Sogneprest Svenn A. Nielsen fortalte i sin tale, holdt p\u00e5 vegne av familien, om en samfunnsbygger og hardtarbeidende mann. <\/p>\n<p class=\"_paragraph_o9xde_4 _paragraph_xtcu6_10 layout-component text-serif-m layout-normal text-serif-m layout-padded\">Han ble f\u00f8dt p\u00e5 Rasteby i Storfjord, 14. august 1945, men vokste opp p\u00e5 Lanes p\u00e5 Furuflaten. Nielsen fortalte om en oppvekst Lanes i ettertid beskrev med takknemlighet. <\/p>\n<p class=\"_paragraph_o9xde_4 _paragraph_xtcu6_10 layout-component text-serif-m layout-normal text-serif-m layout-padded\">Han fors\u00f8kte seg f\u00f8rst som fisker, men tok raskt fatt p\u00e5 en akademisk karriere p\u00e5 land. Han ble l\u00e6rer, og senere skoleleder, b\u00e5de p\u00e5 Solhov og i Lenangen. Etter dette ble han helse- og sosialsjef, skolesjef og sist r\u00e5dmann i <a href=\"https:\/\/www.vg.no\/tag\/lyngen?utm_source=vg-article&amp;utm_medium=auto-tagger&amp;utm_campaign=3pJJa0\" class=\"_link_o9xde_39\" rel=\"nofollow noopener\" target=\"_blank\">Lyngen<\/a>, f\u00f8r han startet som banksjef i banken p\u00e5 Lyngseidet. <\/p>\n<p class=\"_paragraph_o9xde_4 _paragraph_xtcu6_10 layout-component text-serif-m layout-normal text-serif-m layout-padded\">\u2013 Sine siste \u00e5r i arbeidslivet viet Asbj\u00f8rn sin innsats som daglig leder ved Ecotech p\u00e5 Furuflaten og var sterkt delaktig i \u00e5 legge grunnlaget for denne suksessbedriften.<\/p>\n<p><img alt=\"Foto: Marius Hoe\" class=\"_image_qp4xg_65 layout-component layout-normal\" data-fullscreen- data-track-element-type=\"Article image fullscreen\" data-track-name=\"ImageFullscreen\" decoding=\"async\" loading=\"lazy\" height=\"4000\" itemprop=\"image\"  src=\"https:\/\/www.europesays.com\/no\/wp-content\/uploads\/2025\/12\/fad4bedf-0b88-41f7-b2e6-c5ad5d89aa42\"  style=\"object-position:0% 0%\" width=\"6000\"\/>Foto: Marius Hoe<\/p>\n<p class=\"_paragraph_o9xde_4 _paragraph_xtcu6_10 layout-component text-serif-m layout-normal text-serif-m layout-padded\">Sognepresten beskrev ogs\u00e5 en mann respektert utenfor arbeidslivet.<\/p>\n<p class=\"_paragraph_o9xde_4 _paragraph_xtcu6_10 layout-component text-serif-m layout-normal text-serif-m layout-padded\">\u2013 Gjennom alle sine posisjoner og ikke minst frivillighetsverv \u2013 s\u00e6rlig innen fotballen \u2013 ble Asbj\u00f8rn en markant og respektert skikkelse for alle i Lyngen kommune. Han var en folkets mann, ydmyk, men skolert, og tok gjerne de svakes parti. Asbj\u00f8rn skilte ikke mellom mennesker, og behandlet alle med respekt. Han pr\u00f8vde hele tiden \u00e5 f\u00e5 det beste ut av andre mennesker. Og han var gavmild, og st\u00f8ttet ofte opp fra egen lomme, sa Nielsen under begravelsen.<\/p>\n<p><img alt=\"Datteren Cecilie Lanes med sin far Asbj\u00f8rn.  Foto: Privat \/ Privat\" class=\"_image_qp4xg_65 layout-component layout-normal\" data-fullscreen- data-track-element-type=\"Article image fullscreen\" data-track-name=\"ImageFullscreen\" decoding=\"async\" loading=\"lazy\" height=\"654\" itemprop=\"image\"  src=\"https:\/\/www.europesays.com\/no\/wp-content\/uploads\/2025\/12\/7eda2bea-92fd-402d-b1b8-010653a145bb\"  style=\"object-position:0% 0%\" width=\"900\"\/>Datteren Cecilie Lanes med sin far Asbj\u00f8rn.  Foto: Privat \/ Privat<\/p>\n<p class=\"_paragraph_o9xde_4 _paragraph_xtcu6_10 layout-component text-serif-m layout-normal text-serif-m layout-padded\">B\u00e5de barn og barnebarn talte foran Lanes\u2019 kiste, og ordene til et av hans barnebarn r\u00f8rte en hel forsamling. <\/p>\n<p class=\"_paragraph_o9xde_4 _paragraph_xtcu6_10 layout-component text-serif-m layout-normal text-serif-m layout-padded\">Hun fortalte om et n\u00e6rt forhold til sin kj\u00e6re bestefar og om sorgen over at han ble revet bort. <\/p>\n<p>\u2013 Den 24. november mistet vi ordene<\/p>\n<p class=\"_paragraph_o9xde_4 _paragraph_xtcu6_10 layout-component text-serif-m layout-normal text-serif-m layout-padded\">I Nielsens preken pekte presten p\u00e5 sjokket et helt samfunn kjente p\u00e5 for snart \u00e9n m\u00e5ned siden:<\/p>\n<p class=\"_paragraph_o9xde_4 _paragraph_xtcu6_10 layout-component text-serif-m layout-normal text-serif-m layout-padded\">\u2013 Den 24. november mistet vi ordene. N\u00e5r det uforklarlige skjer er det ingen som ikke blir ber\u00f8rt. Men midt i sjokket og sorgen sto folk i Lyngen som et eksempel p\u00e5 at vi kan ta vare p\u00e5 hverandre selv n\u00e5 det verst tenkelig skjer. Vi tar farvel med Asbj\u00f8rn i en 250 \u00e5r gammel kirke. Utallige b\u00e5rer er b\u00e5ret ut og kirkegulvet har tatt imot ufattelig mange t\u00e5rer. Men likevel; sangene har l\u00f8ftet seg mot taket. Sangene i dag har l\u00f8ftet h\u00e5pet mot kirketaket, sa Nielsen, og ba forsamlingen holde fast ved h\u00e5pet. <\/p>\n<p class=\"_paragraph_o9xde_4 _paragraph_xtcu6_10 layout-component text-serif-m layout-normal layout-padded\"><strong class=\"_strong_o9xde_25\">Les ogs\u00e5:<\/strong> <a href=\"https:\/\/www.vg.no\/i\/oEL82B\" data-track-element-type=\"Link\" data-track-id=\"link:oEL82B\" class=\"_link_o9xde_39\" rel=\"nofollow noopener\" target=\"_blank\">Datteren etter drapet: \u2013 Hvordan kunne det skje?<\/a><\/p>\n<p class=\"_paragraph_o9xde_4 _paragraph_xtcu6_10 layout-component text-serif-m layout-normal text-serif-m layout-padded\">Bisettelsen ble avbrutt av et str\u00f8mbrudd midtveis. I den m\u00f8rklagte kirken fortsatte Nielsen og de fremm\u00f8tte seremonien. Men da ulingen fra alarmene ble \u00f8red\u00f8vende, ba presten alle om \u00e5 trekke ut. <\/p>\n<p class=\"_paragraph_o9xde_4 _paragraph_xtcu6_10 layout-component text-serif-m layout-normal text-serif-m layout-padded\">En liten stund etterp\u00e5 ga alarmen seg, og forsamlingen kunne igjen g\u00e5 inn i kirken. Noen minutter senere kom ogs\u00e5 lysene p\u00e5 og begravelsen ble avsluttet til tonene av \u00abDeilig er jorden\u00bb.<\/p>\n<p class=\"_paragraph_o9xde_4 _paragraph_xtcu6_10 layout-component text-serif-m layout-normal text-serif-m layout-padded\">Asbj\u00f8rn Lanes ble 80 \u00e5r gammel.<\/p>\n","protected":false},"excerpt":{"rendered":"Fredag ble Asbj\u00f8rn Lanes bisatt i Lyngen i kirke. Mange m\u00f8tte fredag opp i Lyngen kirke for \u00e5&hellip;\n","protected":false},"author":2,"featured_media":117663,"comment_status":"","ping_status":"","sticky":false,"template":"","format":"standard","meta":{"footnotes":""},"categories":[10],"tags":[20,21,2320,24,25,15,148,22,23,12332,13,30,28,29,14,16,26,27],"class_list":{"0":"post-117662","1":"post","2":"type-post","3":"status-publish","4":"format-standard","5":"has-post-thumbnail","7":"category-norge","8":"tag-breaking-news","9":"tag-breakingnews","10":"tag-drap-i-norge","11":"tag-featured-news","12":"tag-featurednews","13":"tag-headlines","14":"tag-kriminalitet","15":"tag-latest-news","16":"tag-latestnews","17":"tag-lyngen","18":"tag-news","19":"tag-no","20":"tag-norge","21":"tag-norway","22":"tag-nyheter","23":"tag-overskrifter","24":"tag-top-stories","25":"tag-topstories"},"share_on_mastodon":{"url":"https:\/\/pubeurope.com\/@no\/115747620663864202","error":""},"_links":{"self":[{"href":"https:\/\/www.europesays.com\/no\/wp-json\/wp\/v2\/posts\/117662","targetHints":{"allow":["GET"]}}],"collection":[{"href":"https:\/\/www.europesays.com\/no\/wp-json\/wp\/v2\/posts"}],"about":[{"href":"https:\/\/www.europesays.com\/no\/wp-json\/wp\/v2\/types\/post"}],"author":[{"embeddable":true,"href":"https:\/\/www.europesays.com\/no\/wp-json\/wp\/v2\/users\/2"}],"replies":[{"embeddable":true,"href":"https:\/\/www.europesays.com\/no\/wp-json\/wp\/v2\/comments?post=117662"}],"version-history":[{"count":0,"href":"https:\/\/www.europesays.com\/no\/wp-json\/wp\/v2\/posts\/117662\/revisions"}],"wp:featuredmedia":[{"embeddable":true,"href":"https:\/\/www.europesays.com\/no\/wp-json\/wp\/v2\/media\/117663"}],"wp:attachment":[{"href":"https:\/\/www.europesays.com\/no\/wp-json\/wp\/v2\/media?parent=117662"}],"wp:term":[{"taxonomy":"category","embeddable":true,"href":"https:\/\/www.europesays.com\/no\/wp-json\/wp\/v2\/categories?post=117662"},{"taxonomy":"post_tag","embeddable":true,"href":"https:\/\/www.europesays.com\/no\/wp-json\/wp\/v2\/tags?post=117662"}],"curies":[{"name":"wp","href":"https:\/\/api.w.org\/{rel}","templated":true}]}}