{"id":117668,"date":"2025-12-19T18:28:09","date_gmt":"2025-12-19T18:28:09","guid":{"rendered":"https:\/\/www.europesays.com\/no\/117668\/"},"modified":"2025-12-19T18:28:09","modified_gmt":"2025-12-19T18:28:09","slug":"det-er-tungt-nrk-norge-oversikt-over-nyheter-fra-ulike-deler-av-landet","status":"publish","type":"post","link":"https:\/\/www.europesays.com\/no\/117668\/","title":{"rendered":"\u2013 Det er tungt \u2013 NRK Norge \u2013 Oversikt over nyheter fra ulike deler av landet"},"content":{"rendered":"<p>Kongeparet forteller at kronprinsesse Mette-Marit gj\u00f8r det hun kan for \u00e5 fylle sin kongelige rolle.<\/p>\n<p>\u2013 Hun gj\u00f8r absolutt det hun kan, og dessverre er det mindre og mindre hun kan. Sykdommen utvikler seg stadig. Det er tungt, sier kong Harald til NRKs \u00ab\u00c5ret med kongefamilien\u00bb.<\/p>\n<p>\u2013 Men dette m\u00e5 vi leve med, legger han til.<\/p>\n<p><img decoding=\"async\"   src=\"data:image\/gif;base64,R0lGODlhAQABAIAAAAAAAP\/\/\/yH5BAEAAAAALAAAAAABAAEAAAIBRAA7\" loading=\"eager\" alt=\"Kongen og dronningen sitter i hver sin stol p\u00e5 Slottet i forbindelse med intervju til NRKs &quot;\u00c5ret med kongefamilien 2025&quot;\" title=\"Foto: Geirr Larsen \/ NRK\"\/><\/p>\n<p class=\"\">\u2013 Det er tungt, sier kong Harald om utviklingen i kronprinsessens sykdom.<\/p>\n<p>Foto: Geirr Larsen \/ NRK<\/p>\n<p>\u2013 Bekymrer hele familien<\/p>\n<p>I dag ble det kjent at kronprinsesse Mette-Marits lungesykdom er blitt dramatisk forverret i l\u00f8pet av h\u00f8sten.<\/p>\n<p>Det er skjer sju \u00e5r etter at kronprinsparet fortalte at kronprinsessen hadde f\u00e5tt p\u00e5vist den kroniske sykdommen lungefibrose.<\/p>\n<p>N\u00e5 er situasjonen s\u00e5 alvorlig at legene har begynt \u00e5 forberede henne p\u00e5 lungetransplantasjon.<\/p>\n<p>\u2013 Det er trist \u00e5 biv\u00e5ne at hun er d\u00e5rlig, sier dronning Sonja til \u00ab\u00c5ret med kongefamilien\u00bb.<\/p>\n<p>\u2013 Denne sykdommen synes ikke s\u00e5 godt utenp\u00e5 heller, s\u00e5 jeg tror det er veldig vanskelig for henne selv, for hun vil gjerne gj\u00f8re en god jobb, men har da ikke krefter. Det ser vi jo er noe som bekymrer hele familien.<\/p>\n<p>Kronprinsessen: \u2013 Klart det g\u00e5r utover familien<\/p>\n<p>Lungefibrose f\u00f8rer til at det dannes arrvev p\u00e5 lungene, s\u00e5 de blir stive og mindre elastiske og skrumper inn.<\/p>\n<p>Det gj\u00f8r at det blir vanskeligere og vanskeligere \u00e5 puste etter hvert som sykdommen utvikler seg.<\/p>\n<p>\u2013 Jeg har brukt mye av dette halv\u00e5ret p\u00e5 Jessheim eller p\u00e5 Rikshospitalet med \u00e5 ta nye tester, og s\u00e5 har vi hatt en del samtaler i h\u00f8st om lungetransplantasjon. Det er det som er nytt, at vi begynner \u00e5 n\u00e6rme oss det steget, sier kronprinsesse Mette-Marit selv til \u00ab\u00c5ret med kongefamilien.\u00bb<\/p>\n<p>Kronprinsessens lungelege beskriver lungetransplantasjon som en stor og skremmende operasjon, og som noe man kun gj\u00f8r n\u00e5r det er det eneste som kan redde livet.<\/p>\n<p>Kronprinsesse Mette-Marit forteller til \u00ab\u00c5ret med kongefamilien\u00bb at utviklingen har v\u00e6rt vanskelig ogs\u00e5 for barna og resten av familien, og at det har v\u00e6rt en prosess for dem ogs\u00e5 \u00e5 ta situasjonen innover seg.<\/p>\n<p>\u2013 I familier hvor noen er syke, er det klart at det g\u00e5r utover familien, sier kronprinsessen.<\/p>\n<p>\u2013 For meg er det veldig viktig at barna f\u00e5r leve sine liv og forst\u00e5r hvor mye glede jeg har av det. Som med Ingrid n\u00e5, som studerer i Australia. Det betyr s\u00e5 utrolig mye for meg, sier hun.<\/p>\n<p>\u2013 Det er viktig for meg at de ikke m\u00e5 gj\u00f8re noe annerledes p\u00e5 grunn av min situasjon. Men det er klart at det er en prosess for dem. Det har v\u00e6rt vanskelig for dem ogs\u00e5, helt klart.<\/p>\n<p><img decoding=\"async\"   src=\"data:image\/gif;base64,R0lGODlhAQABAIAAAAAAAP\/\/\/yH5BAEAAAAALAAAAAABAAEAAAIBRAA7\" loading=\"eager\" alt=\"Kronprinsfamilien p\u00e5 bes\u00f8k p\u00e5 Langerudhjemmet\" title=\"Foto: Ismail Burak Akkan \/ NRK\"\/><\/p>\n<p class=\"\">Kronprinsfamilien bes\u00f8kte Langerudhjemmet for bare to dager siden.<\/p>\n<p>Foto: Ismail Burak Akkan \/ NRK<\/p>\n<p>Roste morens st\u00e5 p\u00e5-vilje<\/p>\n<p>Prinsesse Ingrid Alexandra er for tiden hjemme p\u00e5 juleferie og har v\u00e6rt ute p\u00e5 jobb b\u00e5de alene og med familien flere ganger f\u00f8r jul.\n<\/p>\n<p><img decoding=\"async\"   src=\"data:image\/gif;base64,R0lGODlhAQABAIAAAAAAAP\/\/\/yH5BAEAAAAALAAAAAABAAEAAAIBRAA7\" loading=\"eager\" alt=\"Kronprins Haakon, prinsesse Ingrid Alexandra og kronprinsesse Mette-Marit i Oslo r\u00e5dhus under fredsprisutdelingen.\" title=\"Foto: Ole Berg-Rusten \/ NTB\"\/><\/p>\n<p class=\"\">Prinsesse Ingrid Alexandra deltok p\u00e5 fredsprisutdelingen for f\u00f8rste gang sammen med foreldrene. Ogs\u00e5 kongeparet var der.<\/p>\n<p>Foto: Ole Berg-Rusten \/ NTB<\/p>\n<p>Da NRK m\u00f8tte henne i hennes nye hjemby Sydney for halvannen m\u00e5ned siden, beskrev hun hvordan det er \u00e5 v\u00e6re s\u00e5 langt unna moren n\u00e5r hun er syk.<\/p>\n<p>\u2013 Det er vanskelig. Mamma har hatt en kronisk sykdom i lang tid. Men jeg pr\u00f8ver \u00e5 holde god kontakt med henne, vi snakker ofte p\u00e5 telefonen, sa prinsessen.<\/p>\n<p>\u2013 Og s\u00e5 tror jeg hun \u00f8nsker \u00e5 unne meg \u00e5 v\u00e6re student og v\u00e6re her \u00e5 studere. Det vet jeg. Men det er selvf\u00f8lgelig vanskelig \u00e5 v\u00e6re langt borte. Og jeg blir jo stolt av mamma som har utrolig stor st\u00e5 p\u00e5-vilje n\u00e5.<\/p>\n<p>Publisert<\/p>\n<p>19.12.2025, kl. 19.00<\/p>\n","protected":false},"excerpt":{"rendered":"Kongeparet forteller at kronprinsesse Mette-Marit gj\u00f8r det hun kan for \u00e5 fylle sin kongelige rolle. \u2013 Hun gj\u00f8r&hellip;\n","protected":false},"author":2,"featured_media":117669,"comment_status":"","ping_status":"","sticky":false,"template":"","format":"standard","meta":{"footnotes":""},"categories":[10],"tags":[20,21,24,25,15,22,23,13,30,28,29,14,16,26,27],"class_list":{"0":"post-117668","1":"post","2":"type-post","3":"status-publish","4":"format-standard","5":"has-post-thumbnail","7":"category-norge","8":"tag-breaking-news","9":"tag-breakingnews","10":"tag-featured-news","11":"tag-featurednews","12":"tag-headlines","13":"tag-latest-news","14":"tag-latestnews","15":"tag-news","16":"tag-no","17":"tag-norge","18":"tag-norway","19":"tag-nyheter","20":"tag-overskrifter","21":"tag-top-stories","22":"tag-topstories"},"share_on_mastodon":{"url":"https:\/\/pubeurope.com\/@no\/115747652008363889","error":""},"_links":{"self":[{"href":"https:\/\/www.europesays.com\/no\/wp-json\/wp\/v2\/posts\/117668","targetHints":{"allow":["GET"]}}],"collection":[{"href":"https:\/\/www.europesays.com\/no\/wp-json\/wp\/v2\/posts"}],"about":[{"href":"https:\/\/www.europesays.com\/no\/wp-json\/wp\/v2\/types\/post"}],"author":[{"embeddable":true,"href":"https:\/\/www.europesays.com\/no\/wp-json\/wp\/v2\/users\/2"}],"replies":[{"embeddable":true,"href":"https:\/\/www.europesays.com\/no\/wp-json\/wp\/v2\/comments?post=117668"}],"version-history":[{"count":0,"href":"https:\/\/www.europesays.com\/no\/wp-json\/wp\/v2\/posts\/117668\/revisions"}],"wp:featuredmedia":[{"embeddable":true,"href":"https:\/\/www.europesays.com\/no\/wp-json\/wp\/v2\/media\/117669"}],"wp:attachment":[{"href":"https:\/\/www.europesays.com\/no\/wp-json\/wp\/v2\/media?parent=117668"}],"wp:term":[{"taxonomy":"category","embeddable":true,"href":"https:\/\/www.europesays.com\/no\/wp-json\/wp\/v2\/categories?post=117668"},{"taxonomy":"post_tag","embeddable":true,"href":"https:\/\/www.europesays.com\/no\/wp-json\/wp\/v2\/tags?post=117668"}],"curies":[{"name":"wp","href":"https:\/\/api.w.org\/{rel}","templated":true}]}}