{"id":117670,"date":"2025-12-19T18:29:12","date_gmt":"2025-12-19T18:29:12","guid":{"rendered":"https:\/\/www.europesays.com\/no\/117670\/"},"modified":"2025-12-19T18:29:12","modified_gmt":"2025-12-19T18:29:12","slug":"alexander-steen-olsen-mister-ol","status":"publish","type":"post","link":"https:\/\/www.europesays.com\/no\/117670\/","title":{"rendered":"Alexander Steen Olsen mister OL:"},"content":{"rendered":"\n<p class=\"_lead_o9xde_2 _lead_xtcu6_50 layout-component text-serif-m layout-normal text-serif-l layout-component layout-wide layout-padded _wide_17hqh_1 layout-padded\">Skadetr\u00f8bbel gj\u00f8r at OL ryker for alpinisten.<\/p>\n<p><img alt=\" Foto: Giovanni Auletta \/ AP \/ NTB\" class=\"_image_qp4xg_65 layout-component layout-wide\" data-fullscreen- data-track-element-type=\"Article image fullscreen\" data-track-name=\"ImageFullscreen\" fetchpriority=\"high\" decoding=\"sync\" loading=\"eager\" height=\"1433\" itemprop=\"image\"  src=\"https:\/\/www.europesays.com\/no\/wp-content\/uploads\/2025\/12\/a89bc168-ee35-4512-ae7b-1ed723a006bc\"  style=\"object-position:0% 0%\" width=\"2149\"\/> Foto: Giovanni Auletta \/ AP \/ NTB<\/p>\n<ul aria-hidden=\"true\" class=\"_images_ntbth_112\">\n<li><a class=\"_link_ntbth_117\" href=\"https:\/\/www.vg.no\/forfatter\/andreas-almli\" style=\"z-index:2\" title=\"Andreas Almli\" rel=\"nofollow noopener\" target=\"_blank\"><img alt=\"Bilde av Andreas Almli\" class=\"_image_ntbth_93\" fetchpriority=\"low\" loading=\"lazy\" decoding=\"async\" itemprop=\"image\"  src=\"https:\/\/www.europesays.com\/no\/wp-content\/uploads\/2025\/12\/1766168951_300_375927d7-c3ac-45fd-a424-5db85cd85b8f\"  width=\"480\"\/><\/a><\/li>\n<li><a class=\"_link_ntbth_117\" href=\"https:\/\/www.vg.no\/forfatter\/ntb\" style=\"z-index:1\" title=\"NTB\" rel=\"nofollow noopener\" target=\"_blank\"><img alt=\"Bilde av NTB\" class=\"_image_ntbth_93\" fetchpriority=\"low\" loading=\"lazy\" decoding=\"async\" itemprop=\"image\"  src=\"https:\/\/www.europesays.com\/no\/wp-content\/uploads\/2025\/12\/1766168952_73_c33980b0-5d07-4027-84a1-813f90a7c8d6\"  width=\"480\"\/><\/a><\/li>\n<\/ul>\n<p> Oppdatert fredag 19. desember kl. 18:50    <\/p>\n<ul class=\"_list_o9xde_3 _list_64s2r_85 _unordered_o9xde_106 text-sans-m\">\n<li class=\"_item_o9xde_30\">Alpinisten Alexander Steen Olsen mister resten av sesongen p\u00e5 grunn av en kneskade.<\/li>\n<li class=\"_item_o9xde_30\">Steen Olsen lider av Jumpers knee og vurderer n\u00e5 muligheten for kirurgi.<\/li>\n<li class=\"_item_o9xde_30\">Landslagslege Trond Floberghagen bekrefter at de har pr\u00f8vd ulike behandlinger uten hell.<\/li>\n<\/ul>\n<p>Vis mer <\/p>\n<p class=\"_paragraph_o9xde_4 _paragraph_xtcu6_10 layout-component text-serif-m layout-normal text-serif-m layout-padded\"><a href=\"https:\/\/www.vg.no\/tag\/alexander-steen-olsen?utm_source=vg-article&amp;utm_medium=auto-tagger&amp;utm_campaign=9pvOWW\" class=\"_link_o9xde_39\" rel=\"nofollow noopener\" target=\"_blank\">Alexander Steen Olsen<\/a> tr\u00f8bler med en kneskade og har n\u00e5 bestemt seg for at det ikke blir noen flere konkurranser denne sesongen.<\/p>\n<p class=\"_paragraph_o9xde_4 _paragraph_xtcu6_10 layout-component text-serif-m layout-normal text-serif-m layout-padded\">Det bekrefter han selv p\u00e5 sin <a href=\"https:\/\/www.instagram.com\/p\/DSc-EdejO-8\/?hl=en\" class=\"_link_o9xde_39\" rel=\"nofollow noopener\" target=\"_blank\">Instagram<\/a>.<\/p>\n<p class=\"_paragraph_o9xde_4 _paragraph_xtcu6_10 layout-component text-serif-m layout-normal text-serif-m layout-padded\">\u2013 Etter \u00e5 ha tenkt lenge og langt, har jeg bestemt meg for at sesongen min er over. Det siste \u00e5ret har jeg slitt med en kneskade. Uansett hva jeg gjorde, klarte jeg ikke \u00e5 bli kvitt den. Det siste alternativet var operasjon. S\u00e5 for to uker siden tok jeg den operasjonen, skriver han.<\/p>\n<p class=\"_paragraph_o9xde_4 _paragraph_xtcu6_10 layout-component text-serif-m layout-normal text-serif-m layout-padded\">\u2013 Det er veldig dritt og det er ogs\u00e5 det som gjorde dette valget ekstra t\u00f8ft, for at OL er hvert fjerde \u00e5r og det \u00e5 droppe det er ikke s\u00e5 g\u00f8y, sier han til <a href=\"https:\/\/www.nrk.no\/sport\/sportsnyheter-1.14660227\" class=\"_link_o9xde_39\" rel=\"nofollow noopener\" target=\"_blank\">NRK.<\/a><\/p>\n<p class=\"_paragraph_o9xde_4 _paragraph_xtcu6_10 layout-component text-serif-m layout-normal text-serif-m layout-padded\">Steen Olsen sliter med s\u00e5kalt Jumper&#8217;s knee. Han testet kneet f\u00f8r sesongstarten i S\u00f6lden i oktober med negativt resultat. Dermed reiste han hjem til Oslo for unders\u00f8kelser.<\/p>\n<p class=\"_paragraph_o9xde_4 _paragraph_xtcu6_10 layout-component text-serif-m layout-normal text-serif-m layout-padded\">Det har v\u00e6rt sv\u00e6rt usikkert n\u00e5r han kunne konkurrere igjen.<\/p>\n<p class=\"_paragraph_o9xde_4 _paragraph_xtcu6_10 layout-component text-serif-m layout-normal text-serif-m layout-padded\">\u2013 Vi har fors\u00f8kt ulike behandlinger, men dessverre er ikke situasjonen forenlig med alpinrenn n\u00e5. Vi har samarbeidet med ekspertise i b\u00e5de inn- og utland, og vi evaluerer n\u00e5 om det er grunnlag for kirurgi og forventer \u00e5 ta en endelig beslutning i l\u00f8pet av de n\u00e6rmeste dagene, har landslagslege Trond Floberghagen sagt.<\/p>\n<p class=\"_paragraph_o9xde_4 _paragraph_xtcu6_10 layout-component text-serif-m layout-normal text-serif-m layout-padded\">Steen Olsen har tre verdenscupseirer i karrieren. Den forel\u00f8pig siste kom i \u00f8sterrikske Schladming i slutten av januar. Det ble da kj\u00f8rt storslal\u00e5m.<\/p>\n<p class=\"_paragraph_o9xde_4 _paragraph_xtcu6_10 layout-component text-serif-m layout-normal text-serif-m layout-padded\">De to \u00f8vrige seirene kom i storslal\u00e5mrennet S\u00f6lden i oktober i fjor samt et slal\u00e5mrenn i amerikanske Palisades Tahoe i 2023.<\/p>\n<p class=\"_paragraph_o9xde_4 _paragraph_xtcu6_10 layout-component text-serif-m layout-normal text-serif-m layout-padded\">Alpinisten retter en stor takk til sponsorer og folkene rundt han for st\u00f8tten han har f\u00e5tt.<\/p>\n<p class=\"_paragraph_o9xde_4 _paragraph_xtcu6_10 layout-component text-serif-m layout-normal text-serif-m layout-padded\">\u2013 Jeg kommer tilbake neste \u00e5r, raskere og eldre enn noen gang.<\/p>\n<p>       <script async src=\"\/\/www.instagram.com\/embed.js\"><\/script><\/p>\n","protected":false},"excerpt":{"rendered":"Skadetr\u00f8bbel gj\u00f8r at OL ryker for alpinisten. Foto: Giovanni Auletta \/ AP \/ NTB Oppdatert fredag 19. desember&hellip;\n","protected":false},"author":2,"featured_media":117671,"comment_status":"","ping_status":"","sticky":false,"template":"","format":"standard","meta":{"footnotes":""},"categories":[5],"tags":[14162,249,20,21,24,25,15,19,22,23,17,18,13,30,28,29,14,526,16,26,27],"class_list":{"0":"post-117670","1":"post","2":"type-post","3":"status-publish","4":"format-standard","5":"has-post-thumbnail","7":"category-overskrifter","8":"tag-alexander-steen-olsen","9":"tag-alpint","10":"tag-breaking-news","11":"tag-breakingnews","12":"tag-featured-news","13":"tag-featurednews","14":"tag-headlines","15":"tag-hovedoppslag","16":"tag-latest-news","17":"tag-latestnews","18":"tag-main-news","19":"tag-mainnews","20":"tag-news","21":"tag-no","22":"tag-norge","23":"tag-norway","24":"tag-nyheter","25":"tag-ol","26":"tag-overskrifter","27":"tag-top-stories","28":"tag-topstories"},"share_on_mastodon":{"url":"https:\/\/pubeurope.com\/@no\/115747656022979461","error":""},"_links":{"self":[{"href":"https:\/\/www.europesays.com\/no\/wp-json\/wp\/v2\/posts\/117670","targetHints":{"allow":["GET"]}}],"collection":[{"href":"https:\/\/www.europesays.com\/no\/wp-json\/wp\/v2\/posts"}],"about":[{"href":"https:\/\/www.europesays.com\/no\/wp-json\/wp\/v2\/types\/post"}],"author":[{"embeddable":true,"href":"https:\/\/www.europesays.com\/no\/wp-json\/wp\/v2\/users\/2"}],"replies":[{"embeddable":true,"href":"https:\/\/www.europesays.com\/no\/wp-json\/wp\/v2\/comments?post=117670"}],"version-history":[{"count":0,"href":"https:\/\/www.europesays.com\/no\/wp-json\/wp\/v2\/posts\/117670\/revisions"}],"wp:featuredmedia":[{"embeddable":true,"href":"https:\/\/www.europesays.com\/no\/wp-json\/wp\/v2\/media\/117671"}],"wp:attachment":[{"href":"https:\/\/www.europesays.com\/no\/wp-json\/wp\/v2\/media?parent=117670"}],"wp:term":[{"taxonomy":"category","embeddable":true,"href":"https:\/\/www.europesays.com\/no\/wp-json\/wp\/v2\/categories?post=117670"},{"taxonomy":"post_tag","embeddable":true,"href":"https:\/\/www.europesays.com\/no\/wp-json\/wp\/v2\/tags?post=117670"}],"curies":[{"name":"wp","href":"https:\/\/api.w.org\/{rel}","templated":true}]}}