{"id":117674,"date":"2025-12-19T18:36:20","date_gmt":"2025-12-19T18:36:20","guid":{"rendered":"https:\/\/www.europesays.com\/no\/117674\/"},"modified":"2025-12-19T18:36:20","modified_gmt":"2025-12-19T18:36:20","slug":"permitterer-alle-ansatte-mellom-40-og-60-personer","status":"publish","type":"post","link":"https:\/\/www.europesays.com\/no\/117674\/","title":{"rendered":"Permitterer alle ansatte: \u2013 Mellom 40 og 60 personer"},"content":{"rendered":"\n<p>\u2013 Permitteringen vil gjelde alle ansatte, meg selv inkludert. Dette dreier seg om mellom 40 og 60 personer.<\/p>\n<p>Det sier daglig leder Alf-G\u00f8ran Knutsen i 1814 Salmon til <a href=\"https:\/\/www.eub.no\/satset-stort-i-eidsvoll-na-permitteres-alle-ansatte-mellom-40-og-60-personer\/s\/5-136-726791\" rel=\"Follow nofollow noopener\" target=\"_blank\">Eidsvoll Ullensaker Blad<\/a>.<\/p>\n<p>Selskapet drifter et eksportanlegg for fisk p\u00e5 Dal i n\u00e6rheten av Gardermoen <\/p>\n<p>\u2013 Produksjonen av laks er lavere etter hvert som temperaturen faller, og tilgangen p\u00e5 r\u00e5stoff er derfor betydelig redusert. Vi klarte \u00e5 unng\u00e5 full permittering i fjor, men i \u00e5r har det dessverre ikke v\u00e6rt mulig, sier han.<\/p>\n<p>If\u00f8lge avisen jobber n\u00e5 selskapet med tiltak for \u00e5 f\u00e5 igang igjen driften s\u00e5 raskt som mulig.<\/p>\n","protected":false},"excerpt":{"rendered":"\u2013 Permitteringen vil gjelde alle ansatte, meg selv inkludert. Dette dreier seg om mellom 40 og 60 personer.&hellip;\n","protected":false},"author":2,"featured_media":3844,"comment_status":"","ping_status":"","sticky":false,"template":"","format":"standard","meta":{"footnotes":""},"categories":[5],"tags":[20,21,24,25,15,19,22,23,17,18,13,30,28,29,14,16,26,27],"class_list":{"0":"post-117674","1":"post","2":"type-post","3":"status-publish","4":"format-standard","5":"has-post-thumbnail","7":"category-overskrifter","8":"tag-breaking-news","9":"tag-breakingnews","10":"tag-featured-news","11":"tag-featurednews","12":"tag-headlines","13":"tag-hovedoppslag","14":"tag-latest-news","15":"tag-latestnews","16":"tag-main-news","17":"tag-mainnews","18":"tag-news","19":"tag-no","20":"tag-norge","21":"tag-norway","22":"tag-nyheter","23":"tag-overskrifter","24":"tag-top-stories","25":"tag-topstories"},"share_on_mastodon":{"url":"https:\/\/pubeurope.com\/@no\/115747683260970353","error":""},"_links":{"self":[{"href":"https:\/\/www.europesays.com\/no\/wp-json\/wp\/v2\/posts\/117674","targetHints":{"allow":["GET"]}}],"collection":[{"href":"https:\/\/www.europesays.com\/no\/wp-json\/wp\/v2\/posts"}],"about":[{"href":"https:\/\/www.europesays.com\/no\/wp-json\/wp\/v2\/types\/post"}],"author":[{"embeddable":true,"href":"https:\/\/www.europesays.com\/no\/wp-json\/wp\/v2\/users\/2"}],"replies":[{"embeddable":true,"href":"https:\/\/www.europesays.com\/no\/wp-json\/wp\/v2\/comments?post=117674"}],"version-history":[{"count":0,"href":"https:\/\/www.europesays.com\/no\/wp-json\/wp\/v2\/posts\/117674\/revisions"}],"wp:featuredmedia":[{"embeddable":true,"href":"https:\/\/www.europesays.com\/no\/wp-json\/wp\/v2\/media\/3844"}],"wp:attachment":[{"href":"https:\/\/www.europesays.com\/no\/wp-json\/wp\/v2\/media?parent=117674"}],"wp:term":[{"taxonomy":"category","embeddable":true,"href":"https:\/\/www.europesays.com\/no\/wp-json\/wp\/v2\/categories?post=117674"},{"taxonomy":"post_tag","embeddable":true,"href":"https:\/\/www.europesays.com\/no\/wp-json\/wp\/v2\/tags?post=117674"}],"curies":[{"name":"wp","href":"https:\/\/api.w.org\/{rel}","templated":true}]}}