{"id":117675,"date":"2025-12-19T18:42:15","date_gmt":"2025-12-19T18:42:15","guid":{"rendered":"https:\/\/www.europesays.com\/no\/117675\/"},"modified":"2025-12-19T18:42:15","modified_gmt":"2025-12-19T18:42:15","slug":"advarte-mot-a-kjore-fredag-na-snur-veivesenet","status":"publish","type":"post","link":"https:\/\/www.europesays.com\/no\/117675\/","title":{"rendered":"Advarte mot \u00e5 kj\u00f8re fredag \u2013 n\u00e5 snur Veivesenet"},"content":{"rendered":"<p class=\"extendedContent hyperion-css-eyn926\" data-test-tag=\"lead-text\">Trafikken flyter p\u00e5fallende greit p\u00e5 veiene fredag ettermiddag. <\/p>\n<p><img decoding=\"async\" class=\"image-asset hyperion-css-u06ts1\" data-test-tag=\"image-asset\" src=\"https:\/\/www.europesays.com\/no\/wp-content\/uploads\/2025\/12\/0df6fa63-465c-4578-87a5-9667e344cd55\"  alt=\"Det ble hverken lange k\u00f8er eller sn\u00f8 fredag f\u00f8r juleuken. Dette er et arkivbilde fra 2022.\"  loading=\"eager\" fetchpriority=\"high\" style=\"aspect-ratio:2048 \/ 1365\"\/>Det ble hverken lange k\u00f8er eller sn\u00f8 fredag f\u00f8r juleuken. Dette er et arkivbilde fra 2022. Foto: Stian Lysberg Solum, NTB<\/p>\n<p>Publisert: 19.12.2025 16:45 |\u00a0Oppdatert: 19.12.2025 18:04<\/p>\n<p class=\"paywall hyperion-css-1j42uic\">Statens vegvesen varslet om mange biler p\u00e5 veien fredag <a data-test-tag=\"internal-link\" href=\"https:\/\/www.aftenposten.no\/oslo\/i\/JOoWQb\/over-halvparten-reiser-ut-av-oslo-i-julen-her-er-noen-gode-raad-for-deg-som-skal-kjoere\" class=\"hyperion-css-1raymq9\" rel=\"nofollow noopener\" target=\"\" aria-label=\"19. desember\">19. desember<\/a>. Toppen blir sannsynligvis p\u00e5 lille julaften. <\/p>\n<p class=\"paywall hyperion-css-1j42uic\">Over halvparten av dem som reiser bort i julen, bruker bil som fremkomstmiddel.<\/p>\n<p class=\"paywall hyperion-css-1j42uic\">Men fredag ettermiddag flyter trafikken bedre enn den pleier \u00e5 gj\u00f8re i ettermiddagsrushet. <\/p>\n<p class=\"paywall hyperion-css-1j42uic\">Fredag morgen var oppfordringen fra Veivesenet krystallklar: Planlegg godt, belag deg p\u00e5 ekstra kj\u00f8retid og ha en vinterklar bil.<\/p>\n<p class=\"paywall hyperion-css-1j42uic\">Men n\u00e5r Aftenposten sjekker k\u00f8status i Oslo-omr\u00e5det, ser det ut til at prognosen er feilsl\u00e5tt. Det er lite k\u00f8 p\u00e5 de mest trafikerte strekningene, og de fleste fjellovergangene er \u00e5pne. <\/p>\n<p class=\"paywall hyperion-css-1j42uic\">Vi m\u00e5 rett og slett ringe Veivesenet p\u00e5 nytt for \u00e5 oppklare dette julemysteriet.<\/p>\n<p class=\"paywall hyperion-css-1j42uic\"><strong>Sjekk sanntidsdata for trafikken nederst i saken<\/strong><\/p>\n<p>\u2013 Ser for meg at folk kj\u00f8rer i helgen<\/p>\n<p class=\"paywall hyperion-css-1j42uic\">Noe snodig skjer p\u00e5 veiene i Oslo-omr\u00e5det i dag:<\/p>\n<p class=\"paywall hyperion-css-1j42uic\">\u2013 Det er helt riktig, trafikken flyter overraskende fint. Akkurat n\u00e5 er det mer trafikk inn mot Oslo enn ut av byen, sier Barbro Evensen Venhagen i Statens vegvesens vegtrafikksentral.<\/p>\n<p class=\"paywall hyperion-css-1j42uic\">Trafikken p\u00e5 E18 inn mot Oslo er tettest, if\u00f8lge Veivesenet. Venhagen sier imidlertid at det er noe trafikk nordover p\u00e5 E6.<\/p>\n<p class=\"paywall hyperion-css-1j42uic\">Hun mistenker at det skyldes varsler om stengte fjelloverganger, og at folk derfor har valgt \u00e5 vente med \u00e5 kj\u00f8re hjem til jul.<\/p>\n<p class=\"paywall hyperion-css-1j42uic\">Venhagen sier at vinduet med finv\u00e6r var fra klokken 13 til 17. Utover ettermiddagen er det ventet \u00e5 bl\u00e5se opp igjen. Det vil trolig f\u00f8re til stengte fjelloverganger og glatte veier. Spesielt glatt er det ventet \u00e5 bli p\u00e5 E16 og E6.<\/p>\n<p class=\"paywall hyperion-css-1j42uic\">S\u00e5 n\u00e5r sp\u00e5s det at den sagnomsuste trafikken tar seg opp?<\/p>\n<p class=\"paywall hyperion-css-1j42uic\">\u2013 Jeg ser for meg at folk kj\u00f8rer i helgen, eller p\u00e5 mandag. Plutselig blir den store utfartsdagen p\u00e5 l\u00f8rdag, opplyser Venhagen.<\/p>\n<p class=\"paywall hyperion-css-1j42uic\">I helgen er det meldt sol og opphold ved flere utfartsomr\u00e5der og fjelloverganger.<\/p>\n<p class=\"paywall hyperion-css-1j42uic\">Dette er k\u00f8situasjonen p\u00e5 hovedveiene i Oslo-omr\u00e5det akkurat n\u00e5:<\/p>\n<p class=\"paywall hyperion-css-1j42uic\">Dette er status p\u00e5 fjellovergangene akkurat n\u00e5:<\/p>\n<p class=\"paywall hyperion-css-1j42uic\">Slik g\u00e5r det med togtrafikken p\u00e5 Oslo S akkurat n\u00e5:<\/p>\n","protected":false},"excerpt":{"rendered":"Trafikken flyter p\u00e5fallende greit p\u00e5 veiene fredag ettermiddag. Det ble hverken lange k\u00f8er eller sn\u00f8 fredag f\u00f8r juleuken.&hellip;\n","protected":false},"author":2,"featured_media":117676,"comment_status":"","ping_status":"","sticky":false,"template":"","format":"standard","meta":{"footnotes":""},"categories":[10],"tags":[20,21,24,25,15,22,23,13,30,28,29,14,16,26,27],"class_list":{"0":"post-117675","1":"post","2":"type-post","3":"status-publish","4":"format-standard","5":"has-post-thumbnail","7":"category-norge","8":"tag-breaking-news","9":"tag-breakingnews","10":"tag-featured-news","11":"tag-featurednews","12":"tag-headlines","13":"tag-latest-news","14":"tag-latestnews","15":"tag-news","16":"tag-no","17":"tag-norge","18":"tag-norway","19":"tag-nyheter","20":"tag-overskrifter","21":"tag-top-stories","22":"tag-topstories"},"share_on_mastodon":{"url":"https:\/\/pubeurope.com\/@no\/115747707245209093","error":""},"_links":{"self":[{"href":"https:\/\/www.europesays.com\/no\/wp-json\/wp\/v2\/posts\/117675","targetHints":{"allow":["GET"]}}],"collection":[{"href":"https:\/\/www.europesays.com\/no\/wp-json\/wp\/v2\/posts"}],"about":[{"href":"https:\/\/www.europesays.com\/no\/wp-json\/wp\/v2\/types\/post"}],"author":[{"embeddable":true,"href":"https:\/\/www.europesays.com\/no\/wp-json\/wp\/v2\/users\/2"}],"replies":[{"embeddable":true,"href":"https:\/\/www.europesays.com\/no\/wp-json\/wp\/v2\/comments?post=117675"}],"version-history":[{"count":0,"href":"https:\/\/www.europesays.com\/no\/wp-json\/wp\/v2\/posts\/117675\/revisions"}],"wp:featuredmedia":[{"embeddable":true,"href":"https:\/\/www.europesays.com\/no\/wp-json\/wp\/v2\/media\/117676"}],"wp:attachment":[{"href":"https:\/\/www.europesays.com\/no\/wp-json\/wp\/v2\/media?parent=117675"}],"wp:term":[{"taxonomy":"category","embeddable":true,"href":"https:\/\/www.europesays.com\/no\/wp-json\/wp\/v2\/categories?post=117675"},{"taxonomy":"post_tag","embeddable":true,"href":"https:\/\/www.europesays.com\/no\/wp-json\/wp\/v2\/tags?post=117675"}],"curies":[{"name":"wp","href":"https:\/\/api.w.org\/{rel}","templated":true}]}}