{"id":117677,"date":"2025-12-19T18:43:18","date_gmt":"2025-12-19T18:43:18","guid":{"rendered":"https:\/\/www.europesays.com\/no\/117677\/"},"modified":"2025-12-19T18:43:18","modified_gmt":"2025-12-19T18:43:18","slug":"australia-innforer-tilbakekjopsprogram-for-vapen-etter-bondi-terroren","status":"publish","type":"post","link":"https:\/\/www.europesays.com\/no\/117677\/","title":{"rendered":"Australia innf\u00f8rer tilbakekj\u00f8psprogram for v\u00e5pen etter Bondi-terroren"},"content":{"rendered":"\n<p class=\"_lead_o9xde_2 _lead_xtcu6_50 layout-component text-serif-m layout-normal text-serif-l layout-component layout-wide layout-padded _wide_17hqh_1 layout-padded\">Australia vil kj\u00f8pe tilbake v\u00e5pen for \u00e5 f\u00e5 dem vekk fra gatene, sier statsminister Anthony Albanese etter terrorangrepet forrige helg.<\/p>\n<p><img alt=\"Et blomsterhav ligger ved Bondi Beach i Sydney torsdag.  Foto: Steve Markham \/ AP \/ NTB\" class=\"_image_qp4xg_65 layout-component layout-wide\" data-fullscreen- data-track-element-type=\"Article image fullscreen\" data-track-name=\"ImageFullscreen\" fetchpriority=\"high\" decoding=\"sync\" loading=\"eager\" height=\"5137\" itemprop=\"image\"  src=\"https:\/\/www.europesays.com\/no\/wp-content\/uploads\/2025\/12\/4de3d172-b5c1-4ff4-997d-83ac7fc31805\"  style=\"object-position:0% 0%\" width=\"7705\"\/>Et blomsterhav ligger ved Bondi Beach i Sydney torsdag.  Foto: Steve Markham \/ AP \/ NTB<\/p>\n<ul aria-hidden=\"true\" class=\"_images_ntbth_112\">\n<li><a class=\"_link_ntbth_117\" href=\"https:\/\/www.vg.no\/forfatter\/ntb\" style=\"z-index:1\" title=\"NTB\" rel=\"nofollow noopener\" target=\"_blank\"><img alt=\"Bilde av NTB\" class=\"_image_ntbth_93\" fetchpriority=\"low\" loading=\"lazy\" decoding=\"async\" itemprop=\"image\"  src=\"https:\/\/www.europesays.com\/no\/wp-content\/uploads\/2025\/12\/1766169798_617_c33980b0-5d07-4027-84a1-813f90a7c8d6\"  width=\"480\"\/><\/a><\/li>\n<\/ul>\n<p> Oppdatert fredag 19. desember kl. 09:30     <\/p>\n<p class=\"_paragraph_o9xde_4 _paragraph_xtcu6_10 layout-component text-serif-m layout-normal text-serif-m layout-padded\">To menn, en far og en s\u00f8nn, er anklaget for \u00e5 ha skutt mot en j\u00f8disk festival p\u00e5 Bondi Beach i Sydney s\u00f8ndag. 15 personer ble drept.<\/p>\n<p class=\"_paragraph_o9xde_4 _paragraph_xtcu6_10 layout-component text-serif-m layout-normal text-serif-m layout-padded\">Albanese har lovet \u00e5 stramme inn p\u00e5 lovene som gjorde at den 50 \u00e5r gamle faren, som ble drept av politiet, kunne eie seks kraftige rifler.<\/p>\n<p class=\"_paragraph_o9xde_4 _paragraph_xtcu6_10 layout-component text-serif-m layout-normal text-serif-m layout-padded\">\u2013 Det er ingen grunn til at noen som bor i Sydney-forstedene trenger s\u00e5 mange v\u00e5pen, sier Albanese.<\/p>\n<p class=\"_paragraph_o9xde_4 _paragraph_xtcu6_10 layout-component text-serif-m layout-normal text-serif-m layout-padded\">Under tilbakekj\u00f8psprogrammet skal v\u00e5peneiere f\u00e5 betalt for \u00e5 levere inn overfl\u00f8dige, nylig forbudte og ulovlige v\u00e5pen, if\u00f8lge Albanese.<\/p>\n<p class=\"_paragraph_o9xde_4 _paragraph_xtcu6_10 layout-component text-serif-m layout-normal text-serif-m layout-padded\">Det blir i s\u00e5 fall det st\u00f8rste tilbakekj\u00f8pet av v\u00e5pen siden 1996, da Australia strammet inn v\u00e5penlovene som f\u00f8lge av en masseskyting.<\/p>\n","protected":false},"excerpt":{"rendered":"Australia vil kj\u00f8pe tilbake v\u00e5pen for \u00e5 f\u00e5 dem vekk fra gatene, sier statsminister Anthony Albanese etter terrorangrepet&hellip;\n","protected":false},"author":2,"featured_media":117678,"comment_status":"","ping_status":"","sticky":false,"template":"","format":"standard","meta":{"footnotes":""},"categories":[5],"tags":[20,21,24,25,15,19,22,23,17,18,13,30,28,29,14,16,26,27],"class_list":{"0":"post-117677","1":"post","2":"type-post","3":"status-publish","4":"format-standard","5":"has-post-thumbnail","7":"category-overskrifter","8":"tag-breaking-news","9":"tag-breakingnews","10":"tag-featured-news","11":"tag-featurednews","12":"tag-headlines","13":"tag-hovedoppslag","14":"tag-latest-news","15":"tag-latestnews","16":"tag-main-news","17":"tag-mainnews","18":"tag-news","19":"tag-no","20":"tag-norge","21":"tag-norway","22":"tag-nyheter","23":"tag-overskrifter","24":"tag-top-stories","25":"tag-topstories"},"share_on_mastodon":{"url":"https:\/\/pubeurope.com\/@no\/115747711030784234","error":""},"_links":{"self":[{"href":"https:\/\/www.europesays.com\/no\/wp-json\/wp\/v2\/posts\/117677","targetHints":{"allow":["GET"]}}],"collection":[{"href":"https:\/\/www.europesays.com\/no\/wp-json\/wp\/v2\/posts"}],"about":[{"href":"https:\/\/www.europesays.com\/no\/wp-json\/wp\/v2\/types\/post"}],"author":[{"embeddable":true,"href":"https:\/\/www.europesays.com\/no\/wp-json\/wp\/v2\/users\/2"}],"replies":[{"embeddable":true,"href":"https:\/\/www.europesays.com\/no\/wp-json\/wp\/v2\/comments?post=117677"}],"version-history":[{"count":0,"href":"https:\/\/www.europesays.com\/no\/wp-json\/wp\/v2\/posts\/117677\/revisions"}],"wp:featuredmedia":[{"embeddable":true,"href":"https:\/\/www.europesays.com\/no\/wp-json\/wp\/v2\/media\/117678"}],"wp:attachment":[{"href":"https:\/\/www.europesays.com\/no\/wp-json\/wp\/v2\/media?parent=117677"}],"wp:term":[{"taxonomy":"category","embeddable":true,"href":"https:\/\/www.europesays.com\/no\/wp-json\/wp\/v2\/categories?post=117677"},{"taxonomy":"post_tag","embeddable":true,"href":"https:\/\/www.europesays.com\/no\/wp-json\/wp\/v2\/tags?post=117677"}],"curies":[{"name":"wp","href":"https:\/\/api.w.org\/{rel}","templated":true}]}}