{"id":117694,"date":"2025-12-19T19:06:29","date_gmt":"2025-12-19T19:06:29","guid":{"rendered":"https:\/\/www.europesays.com\/no\/117694\/"},"modified":"2025-12-19T19:06:29","modified_gmt":"2025-12-19T19:06:29","slug":"trafikk-og-samferdsel-vaer-na-starter-juleutfarten-her-kan-det-bli-ko","status":"publish","type":"post","link":"https:\/\/www.europesays.com\/no\/117694\/","title":{"rendered":"Trafikk og samferdsel, V\u00e6r | N\u00e5 starter juleutfarten: Her kan det bli k\u00f8"},"content":{"rendered":"\n<p>Til tross for at toppen n\u00e5s lille julaften da de fleste reiser, er det ventet en del press p\u00e5 vegene allerede fra fredag ettermiddag.<\/p>\n<p>If\u00f8lge Statens vegvesen feirer de fleste julen hjemme, men omtrent hver tredje nordmann skal reise bort til jul eller i jula. Over halvparten av de som skal reise innenlands velger \u00e5 ta bilen.<\/p>\n<p>De fleste reiser fra Oslo, og mange kommer til \u00e5 kj\u00f8re p\u00e5 hovedvegene gjennom Hedmarken og videre nordover.<\/p>\n<p>Her kan det bli k\u00f8<\/p>\n<p>Trafikkoperat\u00f8r Vegard Hornes Halvorsen ved Vegtrafikksentralen \u00d8st sier til NTB at v\u00e6ret kan gj\u00f8re at mange avventer med \u00e5 komme seg av g\u00e5rde.<\/p>\n<p>\u2013 Jeg tror det vil fordele seg litt utover helgen blant de som skal lenger i juleferien, og til fjells. V\u00e6ret blir betydelig bedre l\u00f8rdag og s\u00f8ndag, s\u00e5 kanskje mange venter til litt utover i helgen med \u00e5 dra, sier han til NTB.<\/p>\n<p>Han venter fortsatt en del trafikk ogs\u00e5 i dag, men tror ikke helt p\u00e5 de store oppsamlingene.<\/p>\n<p>\u2013 De stedene det tradisjonelt blir en del trafikk og opphopninger gjelder E6 nordover fra Hvam og omr\u00e5det der. Det gjelder de som skal til steder som Hafjell, Kvitfjell, Trysil og ski- og fjellomr\u00e5dene i n\u00e6rheten.<\/p>\n<p>Deretter f\u00f8lger E16 over Sollih\u00f8gda for de som skal i retning Norefjell, Valdres, Hallingdal og inn til H\u00f8nefoss. \u2013 Der st\u00e5r det ofte stille n\u00e5r det n\u00e6rmer seg hovedutfarten, sier han.<\/p>\n<p>Den tredje strekningen der det blir spesielt stor trafikk er E18 vestover gjennom Sandvika, Asker og Drammen f\u00f8r det fordeler seg litt ut gjennom Vestfold.<\/p>\n<p>V\u00e6rtr\u00f8bbel i fjellet<\/p>\n<p>Den f\u00f8rste utfartsdagen kan bli noe mer utfordrende enn julestemte bilister setter pris p\u00e5.<\/p>\n<p>Det er meldt kraftig sn\u00f8fokk i fjellomr\u00e5der i S\u00f8r-Norge fredag. Faren \u00f8kte sent torsdag og varer til fredag ettermiddag p\u00e5 den f\u00f8rste utfartsdagen i juleferien.<\/p>\n<p>   <img decoding=\"async\" width=\"1200\" height=\"675\" fetchpriority=\"low\"  loading=\"lazy\"  src=\"https:\/\/www.europesays.com\/no\/wp-content\/uploads\/2025\/12\/1766171189_923_NTB__oEnanQXtHE.jpg\" alt=\"Oslo 20251218. &#10;Handout. Bildet inng\u00e5r i NTBs tilbud til abonnenter p\u00e5 nyhetsfoto. Bildet skal kun benyttes i forbindelse med angitt sak.&#10;&#10;Det ventes lokal sn\u00f8fokk i fjellet p\u00e5 grunn av kraftig vind. Sn\u00f8fokk gir stedvis redusert sikt og sn\u00f8 som pakker seg i veibanen. Veier kan bli stengt og kolonnekj\u00f8ring kan bli innf\u00f8rt p\u00e5 kort varsel.&#10;Foto: Meteorologisk institutt \/ Handout \/ NTB\" class=\"brick-c-cFOWSL\" style=\"--brick-image-ratio: 1200 \/ 675;\"\/><\/p>\n<p>      Det ventes lokal sn\u00f8fokk i fjellet i S\u00f8r-Norge p\u00e5 grunn av kraftig vind natt til torsdag og utover fredag.<br \/>\n      Foto: Meteorologisk institutt\n    <\/p>\n<p>Ved 11.00-tiden fredag formiddag meldte Vegtrafikksentralen \u00d8st om v\u00e6rtr\u00f8bbel p\u00e5 E6 over Dovrefjell. Der skal det v\u00e6re sterk vind og nedb\u00f8r.<\/p>\n<p>\u2013 Vegen kan bli stengt p\u00e5 kort varsel, skriver Vegtrafikksentralen p\u00e5 X.<\/p>\n<p>Vogntog og st\u00f8rre bilder anbefales \u00e5 bruke kjetting.<\/p>\n<p>   <img decoding=\"async\" width=\"800\" height=\"450\" fetchpriority=\"low\"  loading=\"lazy\"  src=\"https:\/\/www.europesays.com\/no\/wp-content\/uploads\/2025\/12\/0529006_1.jpg\" alt=\"\" class=\"brick-c-cFOWSL\" style=\"--brick-image-ratio: 800 \/ 450;\"\/><\/p>\n<p>      Slik s\u00e5 det ut p\u00e5 E6 Hjerkinn i 11.20-tiden.<br \/>\n      Foto: Statens vegvesens webkamera\n    <\/p>\n<p>Trafikkoperat\u00f8r Emil \u00d8yen sa til <a href=\"https:\/\/www.gd.no\/kraftig-advarsel-til-bilister-her-kan-det-bli-koer\/s\/5-18-2426715\" rel=\"Follow nofollow noopener\" target=\"_blank\">GD<\/a> fredag morgen at de hadde f\u00e5tt inn flere meldinger om glatt vegbane p\u00e5 fjellovergangene i Gudbrandsdalen.<\/p>\n<p>\u2013 Det er glatt der, men det jobbes med saken. De br\u00f8yter, str\u00f8r og holder p\u00e5, sier \u00d8yen.<\/p>\n","protected":false},"excerpt":{"rendered":"Til tross for at toppen n\u00e5s lille julaften da de fleste reiser, er det ventet en del press&hellip;\n","protected":false},"author":2,"featured_media":117695,"comment_status":"","ping_status":"","sticky":false,"template":"","format":"standard","meta":{"footnotes":""},"categories":[10],"tags":[36,20,21,834,24,25,15,813,22,23,13,30,28,29,14,16,1510,26,27,11524,553],"class_list":{"0":"post-117694","1":"post","2":"type-post","3":"status-publish","4":"format-standard","5":"has-post-thumbnail","7":"category-norge","8":"tag-art","9":"tag-breaking-news","10":"tag-breakingnews","11":"tag-e6","12":"tag-featured-news","13":"tag-featurednews","14":"tag-headlines","15":"tag-innlandet","16":"tag-latest-news","17":"tag-latestnews","18":"tag-news","19":"tag-no","20":"tag-norge","21":"tag-norway","22":"tag-nyheter","23":"tag-overskrifter","24":"tag-story","25":"tag-top-stories","26":"tag-topstories","27":"tag-trafikk-og-samferdsel","28":"tag-vaer"},"share_on_mastodon":{"url":"https:\/\/pubeurope.com\/@no\/115747801436887420","error":""},"_links":{"self":[{"href":"https:\/\/www.europesays.com\/no\/wp-json\/wp\/v2\/posts\/117694","targetHints":{"allow":["GET"]}}],"collection":[{"href":"https:\/\/www.europesays.com\/no\/wp-json\/wp\/v2\/posts"}],"about":[{"href":"https:\/\/www.europesays.com\/no\/wp-json\/wp\/v2\/types\/post"}],"author":[{"embeddable":true,"href":"https:\/\/www.europesays.com\/no\/wp-json\/wp\/v2\/users\/2"}],"replies":[{"embeddable":true,"href":"https:\/\/www.europesays.com\/no\/wp-json\/wp\/v2\/comments?post=117694"}],"version-history":[{"count":0,"href":"https:\/\/www.europesays.com\/no\/wp-json\/wp\/v2\/posts\/117694\/revisions"}],"wp:featuredmedia":[{"embeddable":true,"href":"https:\/\/www.europesays.com\/no\/wp-json\/wp\/v2\/media\/117695"}],"wp:attachment":[{"href":"https:\/\/www.europesays.com\/no\/wp-json\/wp\/v2\/media?parent=117694"}],"wp:term":[{"taxonomy":"category","embeddable":true,"href":"https:\/\/www.europesays.com\/no\/wp-json\/wp\/v2\/categories?post=117694"},{"taxonomy":"post_tag","embeddable":true,"href":"https:\/\/www.europesays.com\/no\/wp-json\/wp\/v2\/tags?post=117694"}],"curies":[{"name":"wp","href":"https:\/\/api.w.org\/{rel}","templated":true}]}}