{"id":117696,"date":"2025-12-19T19:07:07","date_gmt":"2025-12-19T19:07:07","guid":{"rendered":"https:\/\/www.europesays.com\/no\/117696\/"},"modified":"2025-12-19T19:07:07","modified_gmt":"2025-12-19T19:07:07","slug":"budkov-kjaer-skrev-norsk-tennishistorie","status":"publish","type":"post","link":"https:\/\/www.europesays.com\/no\/117696\/","title":{"rendered":"Budkov Kj\u00e6r skrev norsk tennishistorie"},"content":{"rendered":"<p>Kampen p\u00e5g\u00e5r &#8211; se resten av matchen p\u00e5 TV 2 Play!<\/p>\n<p>Nicolai Budkov Kj\u00e6r vant f\u00f8rste sett mot Learner Tien og tok seg til semifinale i NextGen-sluttspillet for tennistalenter i Saudi-Arabia.<\/p>\n<p>Kj\u00e6r hadde f\u00f8r fredagens siste kamp i puljespillet n\u00e6r sikret seg plass i semifinalen, men han m\u00e5tte unng\u00e5 tap i tre strake sett mot Tien.<\/p>\n<p>Der slo Kj\u00e6r til med seier i det f\u00f8rste settet, og dermed var semifinalebilletten i boks. Kampen p\u00e5g\u00e5r, og enda er det usikkert om han blir nummer en eller to i gruppen.<\/p>\n<p>Aldri f\u00f8r har en nordmann tatt seg til semifinale i turneringen som samler de beste tennistalentene i verden.<\/p>\n<p>Tien er helt oppe p\u00e5 28.-plass i verdensrankingen og f\u00f8rsteseedet i turneringen, men tapte overraskende for spanske Rafael Jodar i f\u00f8rste kamp. Dermed m\u00e5 han sl\u00e5 Kj\u00e6r for \u00e5 sikre semifinaleplass.<\/p>\n<p>Reglene i sluttspillet skiller seg litt fra vanlige ATP-turneringer. I NextGen-sluttspillet er det best av fem sett, der hvert sett blir vunnet ved \u00e5 komme f\u00f8rst opp til fire games.<\/p>\n<p>Turneringen i Saudi-Arabia samler de \u00e5tte spillerne under 20 \u00e5r som har samlet flest rankingpoeng gjennom sesongen.<\/p>\n<p>Kj\u00e6r er femteseedet i turneringen etter som et par h\u00f8yere rangerte spillere ikke deltar. Det er to grupper og de to beste i hver pulje tar seg til semifinale.<\/p>\n<p>Kj\u00e6r har lagt bak seg en sterk 2025-sesong og bykset langt oppover p\u00e5 verdensrankingen. 19-\u00e5ringen er nummer 136 i verden.<\/p>\n","protected":false},"excerpt":{"rendered":"Kampen p\u00e5g\u00e5r &#8211; se resten av matchen p\u00e5 TV 2 Play! Nicolai Budkov Kj\u00e6r vant f\u00f8rste sett mot&hellip;\n","protected":false},"author":2,"featured_media":117697,"comment_status":"","ping_status":"","sticky":false,"template":"","format":"standard","meta":{"footnotes":""},"categories":[5],"tags":[20,21,24,25,15,19,22,23,17,18,13,30,28,29,14,16,26,27],"class_list":{"0":"post-117696","1":"post","2":"type-post","3":"status-publish","4":"format-standard","5":"has-post-thumbnail","7":"category-overskrifter","8":"tag-breaking-news","9":"tag-breakingnews","10":"tag-featured-news","11":"tag-featurednews","12":"tag-headlines","13":"tag-hovedoppslag","14":"tag-latest-news","15":"tag-latestnews","16":"tag-main-news","17":"tag-mainnews","18":"tag-news","19":"tag-no","20":"tag-norge","21":"tag-norway","22":"tag-nyheter","23":"tag-overskrifter","24":"tag-top-stories","25":"tag-topstories"},"share_on_mastodon":{"url":"https:\/\/pubeurope.com\/@no\/115747805197871186","error":""},"_links":{"self":[{"href":"https:\/\/www.europesays.com\/no\/wp-json\/wp\/v2\/posts\/117696","targetHints":{"allow":["GET"]}}],"collection":[{"href":"https:\/\/www.europesays.com\/no\/wp-json\/wp\/v2\/posts"}],"about":[{"href":"https:\/\/www.europesays.com\/no\/wp-json\/wp\/v2\/types\/post"}],"author":[{"embeddable":true,"href":"https:\/\/www.europesays.com\/no\/wp-json\/wp\/v2\/users\/2"}],"replies":[{"embeddable":true,"href":"https:\/\/www.europesays.com\/no\/wp-json\/wp\/v2\/comments?post=117696"}],"version-history":[{"count":0,"href":"https:\/\/www.europesays.com\/no\/wp-json\/wp\/v2\/posts\/117696\/revisions"}],"wp:featuredmedia":[{"embeddable":true,"href":"https:\/\/www.europesays.com\/no\/wp-json\/wp\/v2\/media\/117697"}],"wp:attachment":[{"href":"https:\/\/www.europesays.com\/no\/wp-json\/wp\/v2\/media?parent=117696"}],"wp:term":[{"taxonomy":"category","embeddable":true,"href":"https:\/\/www.europesays.com\/no\/wp-json\/wp\/v2\/categories?post=117696"},{"taxonomy":"post_tag","embeddable":true,"href":"https:\/\/www.europesays.com\/no\/wp-json\/wp\/v2\/tags?post=117696"}],"curies":[{"name":"wp","href":"https:\/\/api.w.org\/{rel}","templated":true}]}}