{"id":117698,"date":"2025-12-19T19:08:10","date_gmt":"2025-12-19T19:08:10","guid":{"rendered":"https:\/\/www.europesays.com\/no\/117698\/"},"modified":"2025-12-19T19:08:10","modified_gmt":"2025-12-19T19:08:10","slug":"britt-og-hilde-fikk-kreft-samtidig-her-fant-de-lyspunktene","status":"publish","type":"post","link":"https:\/\/www.europesays.com\/no\/117698\/","title":{"rendered":"Britt og Hilde fikk kreft samtidig \u2013 her fant de lyspunktene"},"content":{"rendered":"<p><img decoding=\"async\" src=\"https:\/\/www.europesays.com\/no\/wp-content\/uploads\/2025\/12\/744bd403-2444-45ca-806c-fef23ac668d6\" alt=\"\" class=\"loaded\"\/><br \/>\n  Hilde Bj\u00f8rsvik (t.h.) og Britt Kj\u00f8lstad takla brystkreftdiagnosen og -behandlinga ulikt. H\u00e5ndballen, trening og st\u00f8tten fra hverandre har v\u00e6rt viktig.<br \/>\n  <strong>Foto:<\/strong> Rigmor Sjaastad Hagen<\/p>\n<p class=\"lead\">\u00c5 v\u00e6re til stede p\u00e5 s\u00f8ndagens \u00abkamp mot kreft\u00bb blir ekstra sterkt for Britt Kj\u00f8lstad og Hilde Bj\u00f8rsvik. De to sitter i styret til Molde Elite, og ble i v\u00e5r ramma av brystkreft nesten samtidig.<\/p>\n","protected":false},"excerpt":{"rendered":"Hilde Bj\u00f8rsvik (t.h.) og Britt Kj\u00f8lstad takla brystkreftdiagnosen og -behandlinga ulikt. H\u00e5ndballen, trening og st\u00f8tten fra hverandre har&hellip;\n","protected":false},"author":2,"featured_media":117699,"comment_status":"","ping_status":"","sticky":false,"template":"","format":"standard","meta":{"footnotes":""},"categories":[59],"tags":[2138,1401,14163,99,30,28,29,83,82],"class_list":{"0":"post-117698","1":"post","2":"type-post","3":"status-publish","4":"format-standard","5":"has-post-thumbnail","7":"category-sport","8":"tag-brystkreft","9":"tag-kreft","10":"tag-mammografi","11":"tag-molde","12":"tag-no","13":"tag-norge","14":"tag-norway","15":"tag-sport","16":"tag-sports"},"share_on_mastodon":{"url":"https:\/\/pubeurope.com\/@no\/115747809307234924","error":""},"_links":{"self":[{"href":"https:\/\/www.europesays.com\/no\/wp-json\/wp\/v2\/posts\/117698","targetHints":{"allow":["GET"]}}],"collection":[{"href":"https:\/\/www.europesays.com\/no\/wp-json\/wp\/v2\/posts"}],"about":[{"href":"https:\/\/www.europesays.com\/no\/wp-json\/wp\/v2\/types\/post"}],"author":[{"embeddable":true,"href":"https:\/\/www.europesays.com\/no\/wp-json\/wp\/v2\/users\/2"}],"replies":[{"embeddable":true,"href":"https:\/\/www.europesays.com\/no\/wp-json\/wp\/v2\/comments?post=117698"}],"version-history":[{"count":0,"href":"https:\/\/www.europesays.com\/no\/wp-json\/wp\/v2\/posts\/117698\/revisions"}],"wp:featuredmedia":[{"embeddable":true,"href":"https:\/\/www.europesays.com\/no\/wp-json\/wp\/v2\/media\/117699"}],"wp:attachment":[{"href":"https:\/\/www.europesays.com\/no\/wp-json\/wp\/v2\/media?parent=117698"}],"wp:term":[{"taxonomy":"category","embeddable":true,"href":"https:\/\/www.europesays.com\/no\/wp-json\/wp\/v2\/categories?post=117698"},{"taxonomy":"post_tag","embeddable":true,"href":"https:\/\/www.europesays.com\/no\/wp-json\/wp\/v2\/tags?post=117698"}],"curies":[{"name":"wp","href":"https:\/\/api.w.org\/{rel}","templated":true}]}}