{"id":117704,"date":"2025-12-19T19:13:14","date_gmt":"2025-12-19T19:13:14","guid":{"rendered":"https:\/\/www.europesays.com\/no\/117704\/"},"modified":"2025-12-19T19:13:14","modified_gmt":"2025-12-19T19:13:14","slug":"slik-feirer-kjendisene-jul-i-2025","status":"publish","type":"post","link":"https:\/\/www.europesays.com\/no\/117704\/","title":{"rendered":"Slik feirer kjendisene jul i 2025"},"content":{"rendered":"\n<p class=\"_paragraph_o9xde_4 _paragraph_xtcu6_10 layout-component text-serif-m layout-normal text-serif-m layout-padded\">Artikkelen oppdateres gjennom julen.<\/p>\n<p class=\"_paragraph_o9xde_4 _paragraph_xtcu6_10 layout-component text-serif-m layout-normal text-serif-m layout-padded\">Influencer Stina Bakken (32) og artistektemannen Per Fredrik \u00abPelleK\u00bb \u00c5sly (38) nyter julefreden. H\u00f8sten har v\u00e6rt travel, siden PelleK har figurert p\u00e5 TV flere l\u00f8rdager p\u00e5 rad.<\/p>\n<p class=\"_paragraph_o9xde_4 _paragraph_xtcu6_10 layout-component text-serif-m layout-normal text-serif-m layout-padded\">Det var nemlig han som gjemte seg i Brokkoli-kostymet i \u00abMaskorama\u00bb, og som <a href=\"https:\/\/www.vg.no\/rampelys\/i\/bOK2Bd\/maskorama-finale-i-kveld-faller-de-siste-maskene\" data-track-element-type=\"Link\" data-track-id=\"link:bOK2Bd\" class=\"_link_o9xde_39\" rel=\"nofollow noopener\" target=\"_blank\">vant hele sulamitten<\/a>.<\/p>\n<p class=\"_paragraph_o9xde_4 _paragraph_xtcu6_10 layout-component text-serif-m layout-normal text-serif-m layout-padded\">\u2013 Jeg er s\u00e5 d\u00e5rlig p\u00e5 hemmeligheter, men her m\u00e5tte jeg virkelig v\u00e6re helt stille, sier Bakken til VG.<\/p>\n<p class=\"_paragraph_o9xde_4 _paragraph_xtcu6_10 layout-component text-serif-m layout-normal text-serif-m layout-padded\">\u2013 N\u00e5 kan vi endelig slappe av og kose oss.<\/p>\n<p><img decoding=\"async\" alt=\"Bilde av Per Fredrik \u00abPelleK\u00bb \u00c5sly \" class=\"_image_ygndg_42\" height=\"27\" itemprop=\"image\" loading=\"lazy\"  src=\"https:\/\/www.europesays.com\/no\/wp-content\/uploads\/2025\/12\/02de5a0d-a67f-41ad-a6d8-498fe8dec25b\"  width=\"40\"\/><strong class=\"_name_ygndg_51 title-serif-xs\">Per Fredrik \u00abPelleK\u00bb \u00c5sly <\/strong><\/p>\n<p class=\"_paragraph_o9xde_4 text-sans-m _description_ygndg_56\">\u00abMaskorama\u00bb-vinner<\/p>\n<p class=\"_paragraph_o9xde_4 _paragraph_xtcu6_10 layout-component text-serif-m layout-normal text-serif-m layout-padded\">Familien pyntet til jul, med tre og det hele, allerede 1. november.<\/p>\n<p class=\"_paragraph_o9xde_4 _paragraph_xtcu6_10 layout-component text-serif-m layout-normal text-serif-m layout-padded\">\u2013 Vi liker \u00e5 ha lang f\u00f8rjulstid, og i \u00e5r var det ekstra viktig p\u00e5 grunn av \u00abMaskorama\u00bb. Vi gir julestr\u00f8mper til hverandre og har pakkekalendere. I f\u00f8rjulstiden spiser vi medisterkaker.<\/p>\n<p class=\"_paragraph_o9xde_4 _paragraph_xtcu6_10 layout-component text-serif-m layout-normal text-serif-m layout-padded\">Julaften feires hjemme hos Bakkens familie. Dagen etter kommer \u00c5slys familie p\u00e5 bes\u00f8k.<\/p>\n<p class=\"_paragraph_o9xde_4 _paragraph_xtcu6_10 layout-component text-serif-m layout-normal text-serif-m layout-padded\">En viktig tradisjon er for \u00f8vrig at ektemannen disker opp med kalkun p\u00e5 lille julaften.<\/p>\n<p class=\"_paragraph_o9xde_4 _paragraph_xtcu6_10 layout-component text-serif-m layout-normal text-serif-m layout-padded\">\u2013 Det er nemlig det jeg liker aller best, s\u00e5 det er koselig at han gj\u00f8r det for meg, sier Bakken.<\/p>\n<p class=\"_paragraph_o9xde_4 _paragraph_xtcu6_10 layout-component text-serif-m layout-normal text-serif-m layout-padded\">Paret ble foreldre da lille Philip kom til verden i november i fjor.<\/p>\n<p class=\"_paragraph_o9xde_4 _paragraph_xtcu6_10 layout-component text-serif-m layout-normal text-serif-m layout-padded\">\u2013 Det er barna som gj\u00f8r julen magisk. Enn s\u00e5 lenge er han mest opptatt av st\u00f8vsugeren, s\u00e5 pynten f\u00e5r st\u00e5 i fred.<\/p>\n<p><img alt=\"Tone Damli etter \u00e5 ha fullf\u00f8rt sin f\u00f8rste sesong som \u00abMaskorama\u00bb-detektiv.  Foto: ESPEN SOLLI\/NRK\" class=\"_image_qp4xg_65 layout-component layout-normal\" data-fullscreen- data-track-element-type=\"Article image fullscreen\" data-track-name=\"ImageFullscreen\" decoding=\"async\" loading=\"lazy\" height=\"480\" itemprop=\"image\"  src=\"https:\/\/www.europesays.com\/no\/wp-content\/uploads\/2025\/12\/0b2df961-d2e7-4970-9836-750437673410\"  style=\"object-position:0% 0%\" width=\"720\"\/>Tone Damli etter \u00e5 ha fullf\u00f8rt sin f\u00f8rste sesong som \u00abMaskorama\u00bb-detektiv.  Foto: ESPEN SOLLI\/NRK<\/p>\n<p class=\"_paragraph_o9xde_4 _paragraph_xtcu6_10 layout-component text-serif-m layout-normal text-serif-m layout-padded\">En annen som nylig tok \u00abMaskorama\u00bb-pause, er Tone Damli (37). Sammen med samboer Markus Foss (43) og parets to barn har hun satt lagt ferien til Mauritius. <\/p>\n<p class=\"_paragraph_o9xde_4 _paragraph_xtcu6_10 layout-component text-serif-m layout-normal text-serif-m layout-padded\">Det har v\u00e6rt en travel h\u00f8st for artisten, som i tillegg hadde egen forestilling i Oslo i november for \u00e5 feire 20 \u00e5r som artist. <\/p>\n<p class=\"_paragraph_o9xde_4 _paragraph_xtcu6_10 layout-component text-serif-m layout-normal text-serif-m layout-padded\">Denne julen er ogs\u00e5 den f\u00f8rste for Damli uten stores\u00f8ster Tale Aaberge Nesse, som <a href=\"https:\/\/www.vg.no\/rampelys\/i\/73GLzK\/tone-damli-har-mistet-soesteren-sin\" data-track-element-type=\"Link\" data-track-id=\"link:73GLzK\" class=\"_link_o9xde_39\" rel=\"nofollow noopener\" target=\"_blank\">tok sitt eget liv i april<\/a>\u201338 \u00e5r gammel.<\/p>\n<p class=\"_paragraph_o9xde_4 _paragraph_xtcu6_10 layout-component text-serif-m layout-normal text-serif-m layout-padded\">\u2013 Jeg kjente i \u00e5r at jeg ville vekk fra den tradisjonelle julefeiringen, skriver Damli i en SMS til VG.<\/p>\n<p class=\"_paragraph_o9xde_4 _paragraph_xtcu6_10 layout-component text-serif-m layout-normal text-serif-m layout-padded\">\u2013 Jeg har ikke s\u00e5 mye mer \u00e5 si enn det jeg allerede har sagt p\u00e5 Snap, legger hun til.<\/p>\n<p><img alt=\"Tone Damli. Bildet til venstre er fra eget hjem, mens det andre er fra en solseng p\u00e5 Mauritius.  Foto: SNAPCHAT\/PRIVAT\" class=\"_image_qp4xg_65 layout-component layout-normal\" data-fullscreen- data-track-element-type=\"Article image fullscreen\" data-track-name=\"ImageFullscreen\" decoding=\"async\" loading=\"lazy\" height=\"1668\" itemprop=\"image\"  src=\"https:\/\/www.europesays.com\/no\/wp-content\/uploads\/2025\/12\/ef132720-860e-46de-8fdd-dec16fcf8373\"  style=\"object-position:0% 0%\" width=\"2500\"\/>Tone Damli. Bildet til venstre er fra eget hjem, mens det andre er fra en solseng p\u00e5 Mauritius.  Foto: SNAPCHAT\/PRIVAT<\/p>\n<p class=\"_paragraph_o9xde_4 _paragraph_xtcu6_10 layout-component text-serif-m layout-normal text-serif-m layout-padded\">Damli har forklart f\u00f8lgerne sine at hun alltid har hatt en dr\u00f8m om \u00e5 reise til Mauritius, en \u00f8ystat i Det indiske hav. Familien pyntet likevel skikkelig til jul hjemme i B\u00e6rum f\u00f8r de reiste, med juletre og full pakke.<\/p>\n<p class=\"_paragraph_o9xde_4 _paragraph_xtcu6_10 layout-component text-serif-m layout-normal text-serif-m layout-padded\">\u00abKoser meg\u00bb, skriver Damli p\u00e5 Snap over et bilde av sine solbrune legger ved bassengkanten. <\/p>\n<p class=\"_paragraph_o9xde_4 _paragraph_xtcu6_10 layout-component text-serif-m layout-normal text-serif-m layout-padded\">\u00abTrengte dette. Anleis jul, men for oss var dette veldig riktig i \u00e5r\u00bb, skriver hun under en badevideo p\u00e5 <a href=\"https:\/\/www.instagram.com\/p\/DSb_k_4iMVH\/?hl=en\" class=\"_link_o9xde_39\" rel=\"nofollow noopener\" target=\"_blank\">Instagram<\/a>.<\/p>\n<p class=\"_paragraph_o9xde_4 _paragraph_xtcu6_10 layout-component text-serif-m layout-normal text-serif-m layout-padded\">Juleferien blir en oppladning til noe helt spesielt. Damli drar nemlig ut p\u00e5 norgesturn\u00e9 med jubileumsshowet neste \u00e5r.<\/p>\n<p class=\"_paragraph_o9xde_4 _paragraph_xtcu6_10 layout-component text-serif-m layout-normal text-serif-m layout-padded\">\u00ab\u00c5ret i \u00e5r skulle bli ein feiring, men det blei alt anna enn. (&#8230;) Livet skjer, og av og til m\u00e5 ein forandre p\u00e5 planar. Eg syns likevel det er viktig \u00e5 gjere det som gjer meg aller mest glad \u2013 nemlig \u00e5 opptre\u00bb, skriver hun p\u00e5 <a href=\"https:\/\/www.instagram.com\/p\/DSXLOOfCFY5\/?hl=en\" class=\"_link_o9xde_39\" rel=\"nofollow noopener\" target=\"_blank\">Instagram<\/a>.<\/p>\n<p><img alt=\"Alan Walker og Viivi Niemi p\u00e5 jule-selfie fra Finland.  Foto: PRIVAT\" class=\"_image_qp4xg_65 layout-component layout-normal\" data-fullscreen- data-track-element-type=\"Article image fullscreen\" data-track-name=\"ImageFullscreen\" decoding=\"async\" loading=\"lazy\" height=\"1668\" itemprop=\"image\"  src=\"https:\/\/www.europesays.com\/no\/wp-content\/uploads\/2025\/12\/249c0a8e-8816-4130-901e-48763e517fef\"  style=\"object-position:0% 0%\" width=\"2500\"\/>Alan Walker og Viivi Niemi p\u00e5 jule-selfie fra Finland.  Foto: PRIVAT<\/p>\n<p class=\"_paragraph_o9xde_4 _paragraph_xtcu6_10 layout-component text-serif-m layout-normal text-serif-m layout-padded\">Popstjernen Alan Walker (28) og hans finske kj\u00e6reste Viivi Noemi (26) bor i hvert sitt land, men nyter f\u00f8rjulstiden sammen. <\/p>\n<p class=\"_paragraph_o9xde_4 _paragraph_xtcu6_10 layout-component text-serif-m layout-normal text-serif-m layout-padded\">\u2013 Alan og jeg er aldri sammen i juleferien, siden hans familie bor i Bergen og min i Helsinki. Vi har imidlertid skapt v\u00e5r lille tradisjon \u00e5 feire v\u00e5r egen julaften sammen f\u00f8r vi drar hver til v\u00e5rt, skriver hun i en melding til VG \u2013 og sier at det er blitt en veldig kj\u00e6r tradisjon. <\/p>\n<p class=\"_paragraph_o9xde_4 _paragraph_xtcu6_10 layout-component text-serif-m layout-normal text-serif-m layout-padded\">Dagen best\u00e5r av b\u00e5de finsk og norsk julemat.<\/p>\n<p class=\"_paragraph_o9xde_4 _paragraph_xtcu6_10 layout-component text-serif-m layout-normal text-serif-m layout-padded\">\u2013 Vi spiser risgr\u00f8t til frokost og enten en tradisjonell finsk eller norsk julemiddag. En typisk finsk middag er skinke, men de siste \u00e5rene har jeg l\u00e6rt \u00e5 lage pinnekj\u00f8tt, opplyser Niemi, som er matinfluencer.<\/p>\n<p class=\"_paragraph_o9xde_4 _paragraph_xtcu6_10 layout-component text-serif-m layout-normal text-serif-m layout-padded\"><strong class=\"_strong_o9xde_25\">Hun lar VGs lesere f\u00e5 se det pyntede julebordet for to:<\/strong><\/p>\n<p><img alt=\"Viivi Niemi disket opp for Alan Walker i Finland f\u00f8r hans norske julefeiring i Bergen.  Foto: PRIVAT\" class=\"_image_qp4xg_65 layout-component layout-normal\" data-fullscreen- data-track-element-type=\"Article image fullscreen\" data-track-name=\"ImageFullscreen\" decoding=\"async\" loading=\"lazy\" height=\"1668\" itemprop=\"image\"  src=\"https:\/\/www.europesays.com\/no\/wp-content\/uploads\/2025\/12\/cc2631cf-20ea-4133-ad4e-a9ebe78f868f\"  style=\"object-position:0% 0%\" width=\"2500\"\/>Viivi Niemi disket opp for Alan Walker i Finland f\u00f8r hans norske julefeiring i Bergen.  Foto: PRIVAT<\/p>\n<p class=\"_paragraph_o9xde_4 _paragraph_xtcu6_10 layout-component text-serif-m layout-normal text-serif-m layout-padded\">Julemusikk og julefilmer h\u00f8rer med, betror Niemi.<\/p>\n<p class=\"_paragraph_o9xde_4 _paragraph_xtcu6_10 layout-component text-serif-m layout-normal text-serif-m layout-padded\">\u2013 Alan har selvsagt introdusert meg for \u00abFl\u00e5klypa\u00bb.<\/p>\n<p class=\"_paragraph_o9xde_4 _paragraph_xtcu6_10 layout-component text-serif-m layout-normal text-serif-m layout-padded\">Niemi og Walker feiret i oktober at de har v\u00e6rt et par i syv \u00e5r. Hun er ofte med p\u00e5 kj\u00e6restens reiser rundt om i verden.<\/p>\n<p><img alt=\"Aleksander S\u00e6terst\u00f8l og kj\u00e6resten Camilla.  Foto: PRIVAT\" class=\"_image_qp4xg_65 layout-component layout-normal\" data-fullscreen- data-track-element-type=\"Article image fullscreen\" data-track-name=\"ImageFullscreen\" decoding=\"async\" loading=\"lazy\" height=\"2183\" itemprop=\"image\"  src=\"https:\/\/www.europesays.com\/no\/wp-content\/uploads\/2025\/12\/ae009072-0d6e-4919-b02e-377293381ea9\"  style=\"object-position:0% 0%\" width=\"2206\"\/>Aleksander S\u00e6terst\u00f8l og kj\u00e6resten Camilla.  Foto: PRIVAT<\/p>\n<p class=\"_paragraph_o9xde_4 _paragraph_xtcu6_10 layout-component text-serif-m layout-normal text-serif-m layout-padded\">TV-kjendis Alexander S\u00e6terst\u00f8l (30) kunne nylig bekrefte at han har f\u00e5tt kj\u00e6reste. Den utk\u00e5rede heter Camilla, er 34 \u00e5r og tobarnsmor. <\/p>\n<p class=\"_paragraph_o9xde_4 _paragraph_xtcu6_10 layout-component text-serif-m layout-normal text-serif-m layout-padded\">\u2013 Kj\u00f8r p\u00e5, svarer S\u00e6terst\u00f8l p\u00e5 SMS n\u00e5r VG sp\u00f8r om vi kan grabbe dette kyssebildet.<\/p>\n<p class=\"_paragraph_o9xde_4 _paragraph_xtcu6_10 layout-component text-serif-m layout-normal text-serif-m layout-padded\">De bor begge i Bergen, men ikke sammen.<\/p>\n<p class=\"_paragraph_o9xde_4 _paragraph_xtcu6_10 layout-component text-serif-m layout-normal text-serif-m layout-padded\">\u2013 I \u00e5r skal jeg feire jul sammen med den fantastiske kj\u00e6resten min. Vi skal v\u00e6re med barna hele formiddagen, og s\u00e5 ender vi julekvelden hjemme hos mine foreldre, forteller S\u00e6terst\u00f8l og legger til at dette blir en jul han sent vil glemme.<\/p>\n<p><img alt=\"Hanne S\u00f8rvaag.  Foto: PRIVAT\" class=\"_image_qp4xg_65 layout-component layout-normal\" data-fullscreen- data-track-element-type=\"Article image fullscreen\" data-track-name=\"ImageFullscreen\" decoding=\"async\" loading=\"lazy\" height=\"1660\" itemprop=\"image\"  src=\"https:\/\/www.europesays.com\/no\/wp-content\/uploads\/2025\/12\/c9b8ef3e-2470-44b1-90be-2078275c5883\"  style=\"object-position:0% 0%\" width=\"1163\"\/>Hanne S\u00f8rvaag.  Foto: PRIVAT<\/p>\n<p class=\"_paragraph_o9xde_4 _paragraph_xtcu6_10 layout-component text-serif-m layout-normal text-serif-m layout-padded\">Popstjernen Hanne S\u00f8rvaag (45) feirer f\u00f8rste jul som gift. Hun sa i sommer \u00abja\u00bb til s\u00f8rlendingen <a href=\"https:\/\/www.vg.no\/rampelys\/i\/B08W9e\/artist-og-laatskriver-hanne-soervaag-er-gift\" data-track-element-type=\"Link\" data-track-id=\"link:B08W9e\" class=\"_link_o9xde_39\" rel=\"nofollow noopener\" target=\"_blank\">Thomas S\u00f8rb\u00f8 (42)<\/a>.<\/p>\n<p class=\"_paragraph_o9xde_4 _paragraph_xtcu6_10 layout-component text-serif-m layout-normal text-serif-m layout-padded\">\u2013 Denne julen blir spesiell, b\u00e5de fordi vi er blitt ektefolk, og fordi vi er f\u00e5, men utvalgte p\u00e5 julaften, forteller S\u00f8rvaag til VG.<\/p>\n<p class=\"_paragraph_o9xde_4 _paragraph_xtcu6_10 layout-component text-serif-m layout-normal text-serif-m layout-padded\">\u2013 Det blir bare oss to og min mor og mormor i Skudeneshavn. Mamma brakk foten for litt siden, s\u00e5 det avgjorde litt hvor vi skulle v\u00e6re i \u00e5r.<\/p>\n<p class=\"_paragraph_o9xde_4 _paragraph_xtcu6_10 layout-component text-serif-m layout-normal text-serif-m layout-padded\">S\u00f8rvaag ser frem til en fredelig og avslappet julaften.<\/p>\n<p class=\"_paragraph_o9xde_4 _paragraph_xtcu6_10 layout-component text-serif-m layout-normal text-serif-m layout-padded\">\u2013 Ogs\u00e5 tar vi det igjen med resten av familien i dagene rundt jul.<\/p>\n<p class=\"_paragraph_o9xde_4 _paragraph_xtcu6_10 layout-component text-serif-m layout-normal text-serif-m layout-padded\">Men det blir hverken ribbe, lutefisk eller pinnekj\u00f8tt p\u00e5 paret.<\/p>\n<p class=\"_paragraph_o9xde_4 _paragraph_xtcu6_10 layout-component text-serif-m layout-normal text-serif-m layout-padded\">\u2013 Jeg og min mann foretrekker plantebasert jul. Det har vi blitt s\u00e5 gode p\u00e5, og synes ikke vi g\u00e5r glipp av noe.<\/p>\n<p><img alt=\"Dennis Poppe og ekskj\u00e6resten Helene deler feriebilder fra Thailand med VGs lesere.  Foto: PRIVAT\" class=\"_image_qp4xg_65 layout-component layout-normal\" data-fullscreen- data-track-element-type=\"Article image fullscreen\" data-track-name=\"ImageFullscreen\" decoding=\"async\" loading=\"lazy\" height=\"1887\" itemprop=\"image\"  src=\"https:\/\/www.europesays.com\/no\/wp-content\/uploads\/2025\/12\/46ab350a-b3f3-44a3-b456-45bf26881256\"  style=\"object-position:56.19686800894854% 39.348171701112875%\" width=\"2235\"\/>Dennis Poppe og ekskj\u00e6resten Helene deler feriebilder fra Thailand med VGs lesere.  Foto: PRIVAT<\/p>\n<p class=\"_paragraph_o9xde_4 _paragraph_xtcu6_10 layout-component text-serif-m layout-normal text-serif-m layout-padded\">Realityprofil Dennis Poppe (33) kunngjorde nylig brudd med kj\u00e6resten Helene (31), etter to \u00e5r som par.<\/p>\n<p class=\"_paragraph_o9xde_4 _paragraph_xtcu6_10 layout-component text-serif-m layout-normal text-serif-m layout-padded\">\u00abVi avslutter dette p\u00e5 den m\u00e5ten som f\u00f8les helt riktig for oss. Vi reiser p\u00e5 dr\u00f8mmereisen v\u00e5r til Thailand, som vi har planlagt s\u00e5 lenge. For \u00e5 samle minner, le litt mer og avslutte kapittelet\u00bb, skrev han p\u00e5 <a href=\"https:\/\/www.instagram.com\/p\/DSRn3CwDC6B\/?hl=en&amp;img_index=1\" class=\"_link_o9xde_39\" rel=\"nofollow noopener\" target=\"_blank\">Instagram<\/a>.<\/p>\n<p class=\"_paragraph_o9xde_4 _paragraph_xtcu6_10 layout-component text-serif-m layout-normal text-serif-m layout-padded\">\u2013 Vi er i Thailand helt til 6. januar, s\u00e5 vi feirer b\u00e5de jul og nytt\u00e5r her, skriver Poppe i en melding til VG. <\/p>\n<p class=\"_paragraph_o9xde_4 _paragraph_xtcu6_10 layout-component text-serif-m layout-normal text-serif-m layout-padded\">\u2013 Julaften blir veldig rolig og ganske annerledes enn hjemme. Det blir god mat og avslapning. <\/p>\n<p class=\"_paragraph_o9xde_4 _paragraph_xtcu6_10 layout-component text-serif-m layout-normal text-serif-m layout-padded\">Han forsikrer at de to er bestevenner til tross for bruddet.<\/p>\n<p class=\"_paragraph_o9xde_4 _paragraph_xtcu6_10 layout-component text-serif-m layout-normal text-serif-m layout-padded\">\u2013 Akkurat derfor fungerer det fint \u00e5 reise sammen. Det handler om respekt, trygghet og at vi \u00f8nsker hverandre alt godt. Man m\u00e5 huske at man kan bety mye for hverandre, selv om forholdet endrer form.<\/p>\n<p><img alt=\"Dennis og Helene foran et julevindu i Bangkok.  Foto: PRIVAT\" class=\"_image_qp4xg_65 layout-component layout-normal\" data-fullscreen- data-track-element-type=\"Article image fullscreen\" data-track-name=\"ImageFullscreen\" decoding=\"async\" loading=\"lazy\" height=\"4000\" itemprop=\"image\"  src=\"https:\/\/www.europesays.com\/no\/wp-content\/uploads\/2025\/12\/b8430c17-c5de-40a2-8d3c-815d67362f8a\"  style=\"object-position:0% 0%\" width=\"2250\"\/>Dennis og Helene foran et julevindu i Bangkok.  Foto: PRIVAT<\/p>\n<p class=\"_paragraph_o9xde_4 _paragraph_xtcu6_10 layout-component text-serif-m layout-normal text-serif-m layout-padded\">Litt julestemning har de i Thailand, med noen juletr\u00e6r og litt pynt her og der.<\/p>\n<p class=\"_paragraph_o9xde_4 _paragraph_xtcu6_10 layout-component text-serif-m layout-normal text-serif-m layout-padded\">\u2013 Men den forsvinner fort n\u00e5r du g\u00e5r rundt i skjorte og 35 grader. <\/p>\n<p class=\"_paragraph_o9xde_4 _paragraph_xtcu6_10 layout-component text-serif-m layout-normal text-serif-m layout-padded\">P\u00e5 sp\u00f8rsm\u00e5l om de to kan bli kj\u00e6rester igjen, svarer Poppe:<\/p>\n<p class=\"_paragraph_o9xde_4 _paragraph_xtcu6_10 layout-component text-serif-m layout-normal text-serif-m layout-padded\">\u2013 Akkurat n\u00e5 er det ingen ny kj\u00e6rlighetsgnist, men vi er \u00e5pne for at livet kan overraske.<\/p>\n<p><img alt=\"Elin Tvedt deler selfie og viser glimt fra juletreet sitt til VGs lesere.  Foto: PRIVAT\" class=\"_image_qp4xg_65 layout-component layout-normal\" data-fullscreen- data-track-element-type=\"Article image fullscreen\" data-track-name=\"ImageFullscreen\" decoding=\"async\" loading=\"lazy\" height=\"1668\" itemprop=\"image\"  src=\"https:\/\/www.europesays.com\/no\/wp-content\/uploads\/2025\/12\/285eff97-cfd5-435e-a850-d9d0779ee9be\"  style=\"object-position:0% 0%\" width=\"2500\"\/>Elin Tvedt deler selfie og viser glimt fra juletreet sitt til VGs lesere.  Foto: PRIVAT<\/p>\n<p class=\"_paragraph_o9xde_4 _paragraph_xtcu6_10 layout-component text-serif-m layout-normal text-serif-m layout-padded\">TV-profil og foredragsholder Elin Tvedt (51) forteller til VG at hun ikke har barna p\u00e5 julaften i \u00e5r.<\/p>\n<p class=\"_paragraph_o9xde_4 _paragraph_xtcu6_10 layout-component text-serif-m layout-normal text-serif-m layout-padded\">\u2013 Jeg skal feire hjemme hos mamma og stefar. Vi spiser alltid pinnekj\u00f8tt p\u00e5 julaften. Det er ikke jul uten.<\/p>\n<p class=\"_paragraph_o9xde_4 _paragraph_xtcu6_10 layout-component text-serif-m layout-normal text-serif-m layout-padded\">F\u00f8r den tid blir det juleferie og reise til Bergen for julebord med kolleger i SpeakLab.<\/p>\n<p class=\"_paragraph_o9xde_4 _paragraph_xtcu6_10 layout-component text-serif-m layout-normal text-serif-m layout-padded\">\u2013 Jeg skal sulle rundt p\u00e5 julemarked i verdens vakreste by, og s\u00e5 m\u00e5 jeg se Pepperkakebyen.<\/p>\n<p class=\"_paragraph_o9xde_4 _paragraph_xtcu6_10 layout-component text-serif-m layout-normal text-serif-m layout-padded\">\u2013 Romjulen skal tilbringes hjemme med familien, f\u00f8r vi 30. desember drar til Tenerife for \u00e5 feire bursdagen min p\u00e5 nytt\u00e5rsaften \u2013 og selvf\u00f8lgelig feire nytt\u00e5rsaften. <\/p>\n<p><img alt=\"Skuespiller Gard L\u00f8kke deler selfie fra Thailand.  Foto: PRIVAT\" class=\"_image_qp4xg_65 layout-component layout-normal\" data-fullscreen- data-track-element-type=\"Article image fullscreen\" data-track-name=\"ImageFullscreen\" decoding=\"async\" loading=\"lazy\" height=\"1146\" itemprop=\"image\"  src=\"https:\/\/www.europesays.com\/no\/wp-content\/uploads\/2025\/12\/2eb759b6-39bd-4ce3-8fe7-82c26ffd65e9\"  style=\"object-position:0% 0%\" width=\"1577\"\/>Skuespiller Gard L\u00f8kke deler selfie fra Thailand.  Foto: PRIVAT<\/p>\n<p class=\"_paragraph_o9xde_4 _paragraph_xtcu6_10 layout-component text-serif-m layout-normal text-serif-m layout-padded\">Skuespiller Gard L\u00f8kke (26) har tatt seerne med storm i den nye sesongen av \u00abHjem til jul\u00bb p\u00e5 Netflix. Han f\u00e5r <a href=\"https:\/\/www.vg.no\/rampelys\/i\/j0P87A\/hjem-til-jul-snekker-gard-loekke-kjempestas\" data-track-element-type=\"Link\" data-track-id=\"link:j0P87A\" class=\"_link_o9xde_39\" rel=\"nofollow noopener\" target=\"_blank\">kj\u00e6rlighetsmeldinger<\/a> fra hele verden, og synes det er <a href=\"https:\/\/www.vg.no\/rampelys\/i\/j0P87A\/hjem-til-jul-snekker-gard-loekke-kjempestas\" data-track-element-type=\"Link\" data-track-id=\"link:j0P87A\" class=\"_link_o9xde_39\" rel=\"nofollow noopener\" target=\"_blank\">stor stas<\/a>. <\/p>\n<p class=\"_paragraph_o9xde_4 _paragraph_xtcu6_10 layout-component text-serif-m layout-normal text-serif-m layout-padded\">Julen tilbringer L\u00f8kke i Thailand med en kompis \u2013 selv om han har kj\u00e6reste i Norge. <\/p>\n<p class=\"_paragraph_o9xde_4 _paragraph_xtcu6_10 layout-component text-serif-m layout-normal text-serif-m layout-padded\">26-\u00e5ringen bestemte seg nemlig for en litt annerledes jul i \u00e5r, og endte opp med en spontanbestilling i sommer. <\/p>\n<p class=\"_paragraph_o9xde_4 _paragraph_xtcu6_10 layout-component text-serif-m layout-normal text-serif-m layout-padded\">\u2013 Kanskje jeg feirer med en kokosn\u00f8tt og kveldsbad. Det er veldig varmt her nede, opplyser L\u00f8kke og sender en selfie fra en krok i skyggen.<\/p>\n<p class=\"_paragraph_o9xde_4 _paragraph_xtcu6_10 layout-component text-serif-m layout-normal text-serif-m layout-padded\">\u2013 Det er ogs\u00e5 fint med nye impulser. Da gleder jeg meg enda mer til jul hjemme neste \u00e5r. \u00abHjem til jul, sesong fire: Johanne er i Thailand\u00bb, fleiper han.<\/p>\n<p class=\"_paragraph_o9xde_4 _paragraph_xtcu6_10 layout-component text-serif-m layout-normal text-serif-m layout-padded\">Noen fortsettelse etter sesong tre, er nemlig ikke kunngjort.<\/p>\n<p><img alt=\"Ina Wroldsen og Mark Ellwood hjemme i Sandefjord.  Foto: Mattis Sandblad \/ VG\" class=\"_image_qp4xg_65 layout-component layout-normal\" data-fullscreen- data-track-element-type=\"Article image fullscreen\" data-track-name=\"ImageFullscreen\" decoding=\"async\" loading=\"lazy\" height=\"4000\" itemprop=\"image\"  src=\"https:\/\/www.europesays.com\/no\/wp-content\/uploads\/2025\/12\/8b4674e6-d329-423d-840c-936acfcc6d3f\"  style=\"object-position:0% 0%\" width=\"4915\"\/>Ina Wroldsen og Mark Ellwood hjemme i Sandefjord.  Foto: Mattis Sandblad \/ VG<\/p>\n<p class=\"_paragraph_o9xde_4 _paragraph_xtcu6_10 layout-component text-serif-m layout-normal text-serif-m layout-padded\">Ina Wroldsen (41) feirer med eget julealbum i \u00e5r \u2013 faktisk <a href=\"https:\/\/www.vg.no\/rampelys\/i\/oELQoR\/ina-wroldsen-om-krisen-det-tok-ett-aar\" data-track-element-type=\"Link\" data-track-id=\"link:oELQoR\" class=\"_link_o9xde_39\" rel=\"nofollow noopener\" target=\"_blank\">det f\u00f8rste soloalbumet<\/a> fra artist- og l\u00e5tskriverveteranen.<\/p>\n<p class=\"_paragraph_o9xde_4 _paragraph_xtcu6_10 layout-component text-serif-m layout-normal text-serif-m layout-padded\">Da VG bes\u00f8kte Wroldsen hjemme i Sandefjord tidlig i desember, forklarte hun at hun elsker jul \u2013 og s\u00e6rlig juletrepynten, som hun har <a href=\"https:\/\/www.vg.no\/rampelys\/i\/oELQoR\/ina-wroldsen-om-krisen-det-tok-ett-aar\" data-track-element-type=\"Link\" data-track-id=\"link:oELQoR\" class=\"_link_o9xde_39\" rel=\"nofollow noopener\" target=\"_blank\">et lidenskapelig forhold til<\/a>.<\/p>\n<p class=\"_paragraph_o9xde_4 _paragraph_xtcu6_10 layout-component text-serif-m layout-normal text-serif-m layout-padded\">N\u00e5r julefreden senker seg etter juleturneen, skal julaften tilbringes hjemme i Sandefjord med ektemannen Mark Ellwood og deres s\u00f8nn William (16).<\/p>\n<p class=\"_paragraph_o9xde_4 _paragraph_xtcu6_10 layout-component text-serif-m layout-normal text-serif-m layout-padded\"> Wroldsen disker opp med middagen.<\/p>\n<p class=\"_paragraph_o9xde_4 _paragraph_xtcu6_10 layout-component text-serif-m layout-normal text-serif-m layout-padded\">\u2013 Jeg er ingen kokk, men pinnekj\u00f8tt er vanskelig \u00e5 fucke opp.<\/p>\n<p>Les ogs\u00e5<br \/>\n    <script async src=\"\/\/www.instagram.com\/embed.js\"><\/script><\/p>\n","protected":false},"excerpt":{"rendered":"Artikkelen oppdateres gjennom julen. Influencer Stina Bakken (32) og artistektemannen Per Fredrik \u00abPelleK\u00bb \u00c5sly (38) nyter julefreden. H\u00f8sten&hellip;\n","protected":false},"author":2,"featured_media":117705,"comment_status":"","ping_status":"","sticky":false,"template":"","format":"standard","meta":{"footnotes":""},"categories":[10],"tags":[20,21,24,25,15,6683,22,23,13,30,28,29,14,16,26,27],"class_list":{"0":"post-117704","1":"post","2":"type-post","3":"status-publish","4":"format-standard","5":"has-post-thumbnail","7":"category-norge","8":"tag-breaking-news","9":"tag-breakingnews","10":"tag-featured-news","11":"tag-featurednews","12":"tag-headlines","13":"tag-jul-2025","14":"tag-latest-news","15":"tag-latestnews","16":"tag-news","17":"tag-no","18":"tag-norge","19":"tag-norway","20":"tag-nyheter","21":"tag-overskrifter","22":"tag-top-stories","23":"tag-topstories"},"share_on_mastodon":{"url":"https:\/\/pubeurope.com\/@no\/115747829476794835","error":""},"_links":{"self":[{"href":"https:\/\/www.europesays.com\/no\/wp-json\/wp\/v2\/posts\/117704","targetHints":{"allow":["GET"]}}],"collection":[{"href":"https:\/\/www.europesays.com\/no\/wp-json\/wp\/v2\/posts"}],"about":[{"href":"https:\/\/www.europesays.com\/no\/wp-json\/wp\/v2\/types\/post"}],"author":[{"embeddable":true,"href":"https:\/\/www.europesays.com\/no\/wp-json\/wp\/v2\/users\/2"}],"replies":[{"embeddable":true,"href":"https:\/\/www.europesays.com\/no\/wp-json\/wp\/v2\/comments?post=117704"}],"version-history":[{"count":0,"href":"https:\/\/www.europesays.com\/no\/wp-json\/wp\/v2\/posts\/117704\/revisions"}],"wp:featuredmedia":[{"embeddable":true,"href":"https:\/\/www.europesays.com\/no\/wp-json\/wp\/v2\/media\/117705"}],"wp:attachment":[{"href":"https:\/\/www.europesays.com\/no\/wp-json\/wp\/v2\/media?parent=117704"}],"wp:term":[{"taxonomy":"category","embeddable":true,"href":"https:\/\/www.europesays.com\/no\/wp-json\/wp\/v2\/categories?post=117704"},{"taxonomy":"post_tag","embeddable":true,"href":"https:\/\/www.europesays.com\/no\/wp-json\/wp\/v2\/tags?post=117704"}],"curies":[{"name":"wp","href":"https:\/\/api.w.org\/{rel}","templated":true}]}}