{"id":117706,"date":"2025-12-19T19:14:13","date_gmt":"2025-12-19T19:14:13","guid":{"rendered":"https:\/\/www.europesays.com\/no\/117706\/"},"modified":"2025-12-19T19:14:13","modified_gmt":"2025-12-19T19:14:13","slug":"endres-kraftig-fra-nyttar-mn24-no","status":"publish","type":"post","link":"https:\/\/www.europesays.com\/no\/117706\/","title":{"rendered":"Endres kraftig fra nytt\u00e5r &#8211; mn24.no"},"content":{"rendered":"<p>De nye endringene vil f\u00e5 mye \u00e5 si for personer med flere bl\u00e5resepter p\u00e5 kostbare medisiner eller utstyr, spesielt fordi maksbetalingen n\u00e5 endres til \u00e5 gjelde samlet utlevering, ikke per resept.<\/p>\n<p> Endringene i bl\u00e5reseptforskriften trer i kraft 1. januar 2026, If\u00f8lge <a href=\"https:\/\/lovdata.no\/dokument\/SF\/forskrift\/2025-12-17-2621\/KAPITTEL_1#KAPITTEL_1\" rel=\"noopener nofollow\" target=\"_blank\">Lovdata<\/a>.<\/p>\n<p>Gjeldende ordning er at folk med medisin eller utstyr p\u00e5 bl\u00e5resept, betaler en egenandel p\u00e5 50 prosent av bel\u00f8pet, men ikke mer enn 520 kroner per resept. Det kan alts\u00e5 bli kostbart om man henter ut p\u00e5 to-tre resepter samtidig.<\/p>\n<p>Mer forutsigbart<\/p>\n<p>Det maksimale egenandelsbel\u00f8pet \u00f8kes n\u00e5 til 60 prosent, men maksimalt 400 kroner per utlevering.<\/p>\n<p> \u2013 Egenandel per utlevering vil v\u00e6re en enklere og mer forutsigbar ordning, og skal hindre at pasienten m\u00e5 betale flere egenandeler ved en og samme utlevering, p\u00e5pekes det fra Helse- og omsorgsdepartementet (HOD) i <a href=\"https:\/\/www.regjeringen.no\/no\/dokumenter\/prop.-1-s-20252026\/id3123533\/?\" rel=\"noopener nofollow\" target=\"_blank\">forslag til <\/a> statsbudsjett <a href=\"https:\/\/www.regjeringen.no\/no\/dokumenter\/prop.-1-s-20252026\/id3123533\/?\" rel=\"noopener nofollow\" target=\"_blank\"> for 2026 <\/a> om egenandelsordningen som ble vedtatt.<\/p>\n<p> I <a href=\"https:\/\/www.legeforeningen.no\/contentassets\/6d966320995146c791837a915f6fc11b\/hoering-endring-i-blareseptforskriften-beregning-av-egenandel-4.8.2025.pdf\" rel=\"noopener nofollow\" target=\"_blank\"> sitt h\u00f8ringssvar til lovendringen <\/a> p\u00e5peker Legeforeningen at de fleste pasienter bruker billige produkter og har derfor lavere egenandeler, og de vil ikke f\u00e5 endringer ved overgang til ny modell.<\/p>\n<p>Sprer utgiften over tid<\/p>\n<p> HOD hadde tidligere i \u00e5r p\u00e5 <a href=\"https:\/\/www.regjeringen.no\/no\/dokumenter\/horing-endring-i-blareseptforskriften-beregning-av-egenandel\/id3113100\/\" rel=\"noopener nofollow\" target=\"_blank\"> h\u00f8ring et forslag til endring <\/a> som fikk bred st\u00f8tte, blant annet fra <a href=\"https:\/\/www.legeforeningen.no\/contentassets\/6d966320995146c791837a915f6fc11b\/hoering-endring-i-blareseptforskriften-beregning-av-egenandel-4.8.2025.pdf\" rel=\"noopener nofollow\" target=\"_blank\">Legeforeningen<\/a> som var opptatt av betydningen for pasienter som bruker kostbare produkter.<\/p>\n<p>\u2013 Brukere som i dag har mange resepter, og n\u00e5r frikorttaket etter kort tid, vil betale det samme i egenandel, men fordelt mer ut over slik at egenandelstaket og frikort oppn\u00e5s noe senere p\u00e5 \u00e5ret, skrev Legeforeningen i h\u00f8ringssvaret.<\/p>\n<p>Regjeringen fikk for \u00f8vrig ikke gjennomslag for forslaget \u00e5 \u00f8ke egenandelstaket med 3,9 prosent, med 128 kroner til 3406 kroner. Frikort vil derfor fortsatt bli innvilget n\u00e5r man har betalt totalt 3278 kroner i egenandeler.<\/p>\n","protected":false},"excerpt":{"rendered":"De nye endringene vil f\u00e5 mye \u00e5 si for personer med flere bl\u00e5resepter p\u00e5 kostbare medisiner eller utstyr,&hellip;\n","protected":false},"author":2,"featured_media":117707,"comment_status":"","ping_status":"","sticky":false,"template":"","format":"standard","meta":{"footnotes":""},"categories":[5],"tags":[20,21,24,25,15,19,22,23,17,18,13,30,28,29,14,16,26,27],"class_list":{"0":"post-117706","1":"post","2":"type-post","3":"status-publish","4":"format-standard","5":"has-post-thumbnail","7":"category-overskrifter","8":"tag-breaking-news","9":"tag-breakingnews","10":"tag-featured-news","11":"tag-featurednews","12":"tag-headlines","13":"tag-hovedoppslag","14":"tag-latest-news","15":"tag-latestnews","16":"tag-main-news","17":"tag-mainnews","18":"tag-news","19":"tag-no","20":"tag-norge","21":"tag-norway","22":"tag-nyheter","23":"tag-overskrifter","24":"tag-top-stories","25":"tag-topstories"},"share_on_mastodon":{"url":"https:\/\/pubeurope.com\/@no\/115747832726482957","error":""},"_links":{"self":[{"href":"https:\/\/www.europesays.com\/no\/wp-json\/wp\/v2\/posts\/117706","targetHints":{"allow":["GET"]}}],"collection":[{"href":"https:\/\/www.europesays.com\/no\/wp-json\/wp\/v2\/posts"}],"about":[{"href":"https:\/\/www.europesays.com\/no\/wp-json\/wp\/v2\/types\/post"}],"author":[{"embeddable":true,"href":"https:\/\/www.europesays.com\/no\/wp-json\/wp\/v2\/users\/2"}],"replies":[{"embeddable":true,"href":"https:\/\/www.europesays.com\/no\/wp-json\/wp\/v2\/comments?post=117706"}],"version-history":[{"count":0,"href":"https:\/\/www.europesays.com\/no\/wp-json\/wp\/v2\/posts\/117706\/revisions"}],"wp:featuredmedia":[{"embeddable":true,"href":"https:\/\/www.europesays.com\/no\/wp-json\/wp\/v2\/media\/117707"}],"wp:attachment":[{"href":"https:\/\/www.europesays.com\/no\/wp-json\/wp\/v2\/media?parent=117706"}],"wp:term":[{"taxonomy":"category","embeddable":true,"href":"https:\/\/www.europesays.com\/no\/wp-json\/wp\/v2\/categories?post=117706"},{"taxonomy":"post_tag","embeddable":true,"href":"https:\/\/www.europesays.com\/no\/wp-json\/wp\/v2\/tags?post=117706"}],"curies":[{"name":"wp","href":"https:\/\/api.w.org\/{rel}","templated":true}]}}