{"id":117710,"date":"2025-12-19T19:20:06","date_gmt":"2025-12-19T19:20:06","guid":{"rendered":"https:\/\/www.europesays.com\/no\/117710\/"},"modified":"2025-12-19T19:20:06","modified_gmt":"2025-12-19T19:20:06","slug":"et-yrkesvalg-som-er-vaksinert-mot-kunstig-intelligens","status":"publish","type":"post","link":"https:\/\/www.europesays.com\/no\/117710\/","title":{"rendered":"Et yrkesvalg som er vaksinert mot kunstig intelligens"},"content":{"rendered":"<p>Forskjellen denne gangen er at det ikke f\u00f8rst og fremst er fabrikkjobbene eller h\u00e5ndverket som er truet. Det er kontorjobbene. Jobbene for folk med lang og h\u00f8yere utdanning. Det er verdt \u00e5 ha i bakhodet n\u00e5r familien samles rundt julemiddagen og kanskje diskuterer utdanningsvalg for ungdommen.<\/p>\n<p>I USA, som ligger lenger fremme enn oss i bruken av KI, \u00f8ker n\u00e5 arbeidsledigheten blant unge voksne med universitetsutdanning. Stadig flere frykter \u00e5 miste jobben, og enda flere merker at veien inn i arbeidsmarkedet er blitt lengre. Toppsjefen i Ford Motor Company har nylig uttalt at han p\u00e5 sikt ser for seg \u00e5 halvere antallet ansatte i funksjon\u00e6r- og kontorstillinger. Det er liten grunn til \u00e5 tro at Norge vil v\u00e6re skjermet for den samme utviklingen. Vi risikerer at automatiserte prosesser lukker d\u00f8ren for en hel generasjon nyutdannede som skal inn i sine f\u00f8rste kontorjobber.<\/p>\n<p>Samtidig skriker andre deler av arbeidslivet etter folk. If\u00f8lge Statistisk sentralbyr\u00e5 vil Norge <a href=\"https:\/\/www.regjeringen.no\/no\/aktuelt\/aldri-for-har-flere-sokt-yrkesfag\/id3092842\/\" rel=\"noopener nofollow\" target=\"_blank\">mangle rundt 90 000 fagarbeidere innen 2035<\/a>. Trevarebransjen er blant dem. Norske trevarebedrifter sysselsetter i dag flere tusen ansatte over hele landet og har l\u00e6rlinger i nesten alle fylker, men mangelen p\u00e5 fagfolk er allerede et hinder for vekst og verdiskaping.<\/p>\n<p>Paradoksalt nok \u00f8ker ungdomsarbeidsledigheter i Norge.<\/p>\n<p>Sp\u00f8rsm\u00e5let blir derfor hva er det som skal til for \u00e5 f\u00e5 flere unge, og foreldrene deres, til \u00e5 se p\u00e5 snekkeryrket og andre praktiske fag som et smart valg?<\/p>\n<p>Ungdommene som liker h\u00e5ndverk og sl\u00f8yd, og som vil g\u00e5 videre med det p\u00e5 videreg\u00e5ende, kan f\u00e5 en arbeidshverdag der de ikke sitter stille bak en kontorpult. Hvis din ungdom trives best med praktisk arbeid, b\u00f8r hen tenke p\u00e5 \u00e5 velge VG1 bygg- og anleggsteknikk eller h\u00e5ndverk, design og produktutvikling. Da kommer det til \u00e5pne seg et hav av muligheter p\u00e5 andre \u00e5ret av videreg\u00e5ende, blant annet snekker-utdanning.<\/p>\n<p>\u00d8konomi er et argument mange foreldre undervurderer. En gjennomsnittlig student tar i dag opp rundt 457 000 kroner i studiel\u00e5n. Mens mange studenter lever p\u00e5 sparebluss og bygger gjeld p\u00e5 lesesalen, er snekkerl\u00e6rlingen i jobb fra dag \u00e9n. Over et livsl\u00f8p er dette et regnestykke som ofte sl\u00e5r i fav\u00f8r av fagutdanning, ogs\u00e5 \u00f8konomisk.<\/p>\n<p>I trevarebransjen l\u00e6rer ungdom et h\u00e5ndverk som kunstig intelligens ikke kan erstatte. Jobbene er lokale, produktene er fysiske og ettersp\u00f8rselen er stabil. Veien til \u00e5 starte noe eget er kortere enn i mange akademiske yrker, og stoltheten ved \u00e5 skape noe som faktisk brukes i folks hjem lar seg vanskelig automatisere. Norge trenger kloke hoder, men vi trenger hender enda mer.<\/p>\n<p>S\u00e5 til deg som st\u00e5r foran et utdanningsvalg eller til deg som er forelder: Det tryggeste valget fremover er kanskje ikke mastergraden. Det kan v\u00e6re \u00e5 velge et yrke som faktisk trengs. Og som ikke kan outsources, digitaliseres eller erstattes av en algoritme.<\/p>\n<p><a href=\"https:\/\/www.fvn.no\/mening\/debattinnlegg\/i\/kwqxgj\/ikke-alle-kan-bygge-landet-fra-et-klasserom\" rel=\"nofollow noopener\" target=\"_blank\"> <img decoding=\"async\" src=\"data:image\/gif;base64,R0lGODlhEAAJAIAAAP\/\/\/wAAACH5BAEAAAAALAAAAAAQAAkAAAIKhI+py+0Po5yUFQA7\" alt=\"\"\/>   Ikke alle kan bygge landet fra et klasserom  <\/a> <\/p>\n<p>\u00c5pen <\/p>\n<p><a href=\"https:\/\/www.fvn.no\/mening\/debattinnlegg\/i\/PdrO45\/det-koster-samfunnet-mye-aa-ikke-investere-i-bemanning\" rel=\"nofollow noopener\" target=\"_blank\"> <img decoding=\"async\" src=\"data:image\/gif;base64,R0lGODlhEAAJAIAAAP\/\/\/wAAACH5BAEAAAAALAAAAAAQAAkAAAIKhI+py+0Po5yUFQA7\" alt=\"\"\/>   Det koster samfunnet mye \u00e5 ikke investere i bemanning  <\/a> <\/p>\n<p>\u00c5pen <\/p>\n<p><a href=\"https:\/\/www.fvn.no\/mening\/debattinnlegg\/i\/gkPyA0\/hva-vil-vi-egentlig-med-skolen\" rel=\"nofollow noopener\" target=\"_blank\"> <img decoding=\"async\" src=\"data:image\/gif;base64,R0lGODlhEAAJAIAAAP\/\/\/wAAACH5BAEAAAAALAAAAAAQAAkAAAIKhI+py+0Po5yUFQA7\" alt=\"\"\/>   Hva vil vi egentlig med skolen?   <\/a> <\/p>\n<p>\u00c5pen <\/p>\n","protected":false},"excerpt":{"rendered":"Forskjellen denne gangen er at det ikke f\u00f8rst og fremst er fabrikkjobbene eller h\u00e5ndverket som er truet. Det&hellip;\n","protected":false},"author":2,"featured_media":117711,"comment_status":"","ping_status":"","sticky":false,"template":"","format":"standard","meta":{"footnotes":""},"categories":[56],"tags":[60,61,2895,467,62,30,28,29,132,7087,5051],"class_list":{"0":"post-117710","1":"post","2":"type-post","3":"status-publish","4":"format-standard","5":"has-post-thumbnail","7":"category-naeringsliv","8":"tag-business","9":"tag-economy","10":"tag-ki","11":"tag-kunstig-intelligens","12":"tag-naeringsliv","13":"tag-no","14":"tag-norge","15":"tag-norway","16":"tag-utdanning","17":"tag-verdiskaping","18":"tag-yrkesfag"},"share_on_mastodon":{"url":"https:\/\/pubeurope.com\/@no\/115747856247911747","error":""},"_links":{"self":[{"href":"https:\/\/www.europesays.com\/no\/wp-json\/wp\/v2\/posts\/117710","targetHints":{"allow":["GET"]}}],"collection":[{"href":"https:\/\/www.europesays.com\/no\/wp-json\/wp\/v2\/posts"}],"about":[{"href":"https:\/\/www.europesays.com\/no\/wp-json\/wp\/v2\/types\/post"}],"author":[{"embeddable":true,"href":"https:\/\/www.europesays.com\/no\/wp-json\/wp\/v2\/users\/2"}],"replies":[{"embeddable":true,"href":"https:\/\/www.europesays.com\/no\/wp-json\/wp\/v2\/comments?post=117710"}],"version-history":[{"count":0,"href":"https:\/\/www.europesays.com\/no\/wp-json\/wp\/v2\/posts\/117710\/revisions"}],"wp:featuredmedia":[{"embeddable":true,"href":"https:\/\/www.europesays.com\/no\/wp-json\/wp\/v2\/media\/117711"}],"wp:attachment":[{"href":"https:\/\/www.europesays.com\/no\/wp-json\/wp\/v2\/media?parent=117710"}],"wp:term":[{"taxonomy":"category","embeddable":true,"href":"https:\/\/www.europesays.com\/no\/wp-json\/wp\/v2\/categories?post=117710"},{"taxonomy":"post_tag","embeddable":true,"href":"https:\/\/www.europesays.com\/no\/wp-json\/wp\/v2\/tags?post=117710"}],"curies":[{"name":"wp","href":"https:\/\/api.w.org\/{rel}","templated":true}]}}