{"id":117714,"date":"2025-12-19T19:25:16","date_gmt":"2025-12-19T19:25:16","guid":{"rendered":"https:\/\/www.europesays.com\/no\/117714\/"},"modified":"2025-12-19T19:25:16","modified_gmt":"2025-12-19T19:25:16","slug":"dette-gar-fint-mette-marit","status":"publish","type":"post","link":"https:\/\/www.europesays.com\/no\/117714\/","title":{"rendered":"&#8211; Dette g\u00e5r fint, Mette-Marit!"},"content":{"rendered":"<p class=\"kicker \" style=\"\">Lungetransplantert:<\/p>\n<p>  &#8211; Jeg er dypt imponert over at hun kan holde det g\u00e5ende med oppdrag. Jeg har sett at hun er syk, sier lungetransplanterte Maria Bjerke i Fredrikstad.<\/p>\n<p>\n    BLE SLITEN: Hun ble andpusten bare hun strakte hendene i v\u00e6ret &#8211; f\u00f8r transplantasjonen. Foto: Privat\n  <\/p>\n<p>    Kort fortalt<\/p>\n<ul lang=\"nb-NO\">\n<li>Maria Bjerke har f\u00e5tt et nytt liv etter lungetransplantasjon h\u00f8sten 2023.<\/li>\n<li>Hun opplevde komplikasjoner, men har n\u00e5 et bedre liv og kan gj\u00f8re ting hun dr\u00f8mte om.<\/li>\n<li>Bjerke oppfordrer til organdonasjon og takker helsepersonell for deres innsats.<\/li>\n<li>Hun er imponert over Mette-Marit og \u00f8nsker henne lykke til med hennes helseutfordringer.<\/li>\n<\/ul>\n<p class=\"italic ai-disclaimer\" data-lab-italic=\"italic\">Sammendraget er laget av ChatGPT og godkjent av Dagbladet.<\/p>\n<p>      Vis mer<br \/>\n      Vis mindre<\/p>\n<p>&#8211; Men det er beint\u00f8ft, det har ikke v\u00e6rt noen \u00abwalk in the park\u00bb, sier Maria Bjerke.\u00a0<\/p>\n<p>Hun fikk noen komplikasjoner etter transplantasjonen. De var ikke livstruende. Men hun har kjempet seg opp og har det i dag fint.<\/p>\n<p>&#8211; Bare det at jeg har pust til \u00e5 synge hele \u00abHurra for deg\u00bb for datteren min som hadde bursdag i desember. Det er stort, sier hun.<\/p>\n<p>    <a itemprop=\"url\" href=\"https:\/\/www.dagbladet.no\/video\/overlege-det-er-skremmende\/8O2IDHqY\" rel=\"nofollow noopener\" target=\"_blank\"><\/p>\n<p>        <img loading=\"lazy\" decoding=\"async\" src=\"https:\/\/www.europesays.com\/no\/wp-content\/uploads\/2025\/12\/84010953.webp\" width=\"980\" height=\"441\" title=\"Overlege: \u2013 Det er skremmende\" alt=\"\" class=\"lazyload\" style=\"--aspect-ratio-image: 2.22; \"\/><\/p>\n<p>        Overlege: \u2013 Det er skremmende<\/p>\n<p>    <\/a><\/p>\n<p>For hun har kjent p\u00e5 f\u00f8lelsen av \u00e5 bli kvalt, s\u00e6rlig f\u00f8r transplantasjonen.<\/p>\n<p>F\u00f8r transplantasjonen var hun s\u00e5 d\u00e5rlig at hun ble andpusten bare hun l\u00f8ftet hendene. Hun orket ingenting. L\u00e5 p\u00e5 sofaen. Hun m\u00e5tte la datteren skru p\u00e5 ekstra oksygen bare hun skulle p\u00e5 toalettet. Maria var bundet til rullestolen.<\/p>\n<p>Klart budskap\t<\/p>\n<p>N\u00e5 har hun kastet rullestolen fra seg. Og i sommer kunne hun stupe og bade igjen. Hun har mange dager p\u00e5 stranda med ungene. Og hun kunne reise til kj\u00e6resten i Venezia. Hun gjorde alt hun hadde dr\u00f8mt om da hun sto i organk\u00f8. Det f\u00f8ltes veldig fint. Og budskapet er klart:<\/p>\n<p>&#8211; Dette g\u00e5r fint, Mette-Marit! Det blir bedre etterp\u00e5. De er s\u00e5 utrolig flinke de som steller med dette! Du blir s\u00e5 godt ivaretatt. Vi er s\u00e5 heldige som bor i Norge.<\/p>\n<p>        <img loading=\"lazy\" decoding=\"async\" src=\"https:\/\/www.europesays.com\/no\/wp-content\/uploads\/2025\/12\/84010892.webp\" width=\"667\" height=\"547\" title=\"EN LETTELSE: Etter lungetransplantasjonen pustet Maria Bjerke (47) bedre, og kunne bes\u00f8ke kj\u00e6resten, Paolo Zempieri (57), i Italia. Foto: Privat.\" alt=\"\" class=\"\" style=\"--aspect-ratio-image: 1.22; \"\/><\/p>\n<p>\n        EN LETTELSE: Etter lungetransplantasjonen pustet Maria Bjerke (47) bedre, og kunne bes\u00f8ke kj\u00e6resten, Paolo Zempieri (57), i Italia. Foto: Privat.\n    <\/p>\n<p>Hun sender varme tanker til sykepleiere og leger ved Rikshospitalet og alle som driver med transplantasjon. Og til fysioterapeuten og fastlegen sin.<\/p>\n<p>Hun synes Stiftelsen organdonasjon gj\u00f8r en fantastisk jobb, og sier folk ikke m\u00e5 n\u00f8le med \u00e5 ta stilling til om de vil bli organdonor.<\/p>\n<p>&#8211; De har jo ingen bruk for organene n\u00e5r de likevel er d\u00f8de, sier hun.<\/p>\n<p>Hun st\u00e5r fram for \u00e5 hedre dem som driver med organtransplantasjon og for \u00e5 stimulere til \u00e5 ta stilling til \u00e5 avgi organer. Maria Bjerke har tidligere latt seg intervjue av Kvinner og Kl\u00e6r (KK).<\/p>\n<p>Mange \u00e5rsaker\t<\/p>\n<p>Maria Bjerke fikk lungefibrose som f\u00f8lge av leddgikt, men hun understreker at det kan v\u00e6re mange, ulike \u00e5rsaker som ligger bak. Noen ganger finner legene ikke ut hva som er \u00e5rsaken til sykdommen.<\/p>\n<p>Det var aldri noe alternativ for Maria Bjerke \u00e5 dra til utlandet, selv om hun sto litt under ett \u00e5r i k\u00f8 og hadde veldig d\u00e5rlig oksygenopptak da hun ble operert. Da hadde hun forberedt sin egen d\u00f8d.<\/p>\n<p>    <a itemprop=\"url\" href=\"https:\/\/www.dagbladet.no\/nyheter\/lungespesialist-alvorlig\/84007455\" rel=\"nofollow noopener\" target=\"_blank\"><\/p>\n<p>        <img loading=\"lazy\" decoding=\"async\" src=\"https:\/\/www.europesays.com\/no\/wp-content\/uploads\/2025\/12\/84008035.webp\" width=\"980\" height=\"441\" title=\"Lungespesialist: - Alvorlig\" alt=\"\" class=\"lazyload\" style=\"--aspect-ratio-image: 2.22; \"\/><\/p>\n<p>        Lungespesialist: &#8211; Alvorlig<\/p>\n<p>    <\/a><\/p>\n<p>&#8211; Du m\u00e5 huske p\u00e5 at dette er ingen kronologisk k\u00f8. Legene ser p\u00e5 hvem organene passer til og hvem som trenger det mest, sier hun.<\/p>\n<p>Hun var redd for transplantasjonen. Da telefonen om at hun m\u00e5tte stille p\u00e5 Rikshospitalet morgenen etter kom, bare gr\u00e5t hun. Den yngste datteren, som da var 14 \u00e5r, m\u00e5tte ta over telefonen. Datteren tok imot praktiske beskjeder for henne.<\/p>\n<p>Livredd\t<\/p>\n<p>Og da hun ble trillet inn til operasjonen, var hun livredd. Hun var ikke sikker p\u00e5 at barna ville se henne igjen i live. Men hun pr\u00f8vde \u00e5 holde maska, av hensyn til ungene.<\/p>\n<p>        <img loading=\"lazy\" decoding=\"async\" src=\"https:\/\/www.europesays.com\/no\/wp-content\/uploads\/2025\/12\/84011230.webp\" width=\"980\" height=\"559\" title=\"SYK KRONPRINSESSE: Kronprinsesse Mette-Marit, her p\u00e5 Nobelpris-jobb med kronprins Haakon, lider av lungefibrose. Etter en forverring i \u00e5r, har legene begynt \u00e5 snakke om transplantasjon. Foto: Leonhard Foeger \/ Reuters\" alt=\"\" class=\"\" style=\"--aspect-ratio-image: 1.75; \"\/><\/p>\n<p>\n        SYK KRONPRINSESSE: Kronprinsesse Mette-Marit, her p\u00e5 Nobelpris-jobb med kronprins Haakon, lider av lungefibrose. Etter en forverring i \u00e5r, har legene begynt \u00e5 snakke om transplantasjon. Foto: Leonhard Foeger \/ Reuters\n    <\/p>\n<p>&#8211; Ha det mamma. Lykke til, vi sees senere. Elsker deg, sa barna. Og jeg visste s\u00e5 inderlig vel at det ikke var sikkert de ville f\u00e5 se meg igjen i live, forteller Maria Bjerke gr\u00e5tkvalt til KK, og forteller videre:<\/p>\n<p>&#8211; Inne p\u00e5 operasjonsstua ble jeg m\u00f8tt av fantastiske, rolige leger og sykepleiere, som betrygget meg p\u00e5 at dette kom til \u00e5 g\u00e5 bra.<\/p>\n<p>&#8211; Jeg kunne ikke d\u00f8 fra barna mine, sier hun, og understreker:<\/p>\n<p>&#8211; Det er hardt \u00e5 st\u00e5 i k\u00f8, men jeg f\u00f8lte meg veldig trygg p\u00e5 at de tok vare p\u00e5 meg. N\u00e5r du er satt p\u00e5 venteliste, er alternativet \u00e5 d\u00f8. Jeg skulle klare dette.<\/p>\n<p>\u00a0I dag har hun, til tross for noen komplikasjoner, et mye bedre liv. Hun trener flere ganger i uka.<\/p>\n<p>&#8211; G\u00e5 til lunge-fysioterapeut mens du venter p\u00e5 operasjon. Det gjorde jeg. Det er viktig \u00e5 holde bena sterke, r\u00e5der hun.<\/p>\n<p>De eldste ungene er voksne n\u00e5. Den yngste er 17. Men alle tre sliter kanskje fortsatt fra den gang de hadde en mamma som ble d\u00e5rligere og d\u00e5rligere. N\u00e5 blir hun ikke det lenger.<\/p>\n<p>&#8211; Jeg har tenkt mye p\u00e5 Mette-Marit. Jeg har, ut fra min egen erfaring, sett at hun er lungesyk. N\u00e5 er jeg glad p\u00e5 hennes vegne. Og jeg er imponert over at hun holder det g\u00e5ende med oppdrag. Jeg \u00f8nsker henne all verdens lykke til, sier Maria Bjerke.<\/p>\n<p>Uf\u00f8retrygdet\t<\/p>\n<p>Hun er selv uf\u00f8retrygdet, men fungerer som st\u00f8tte for folk som har blitt lungetransplantert.<\/p>\n<p>&#8211; Jeg var \u00abrusa\u00bb p\u00e5 livet den f\u00f8rste tiden etter operasjonen. S\u00e5 fikk jeg en psykisk nedtur. Jeg tenkte mye p\u00e5 den som hadde avgitt organene og hadde mye skyldf\u00f8lelse, forteller Maria Bjerke.<\/p>\n<p>Selv om ting ikke har v\u00e6rt s\u00e5 lett, det har v\u00e6rt tilbakeslag, har hun det mye bedre n\u00e5. Hun er takknemlig for livet og gleder seg til jul. Julegavene har hun ordnet med for lenge siden, for hun er redd for smitte p\u00e5 store kj\u00f8pesentre. Og det er medikamenter hun m\u00e5 passe p\u00e5.<\/p>\n<p>Slik har hun det nok livet ut, men det er en liten pris \u00e5 betale, mener hun.<\/p>\n","protected":false},"excerpt":{"rendered":"Lungetransplantert: &#8211; Jeg er dypt imponert over at hun kan holde det g\u00e5ende med oppdrag. Jeg har sett&hellip;\n","protected":false},"author":2,"featured_media":117715,"comment_status":"","ping_status":"","sticky":false,"template":"","format":"standard","meta":{"footnotes":""},"categories":[5],"tags":[20,21,24,25,15,19,2539,22,23,14164,17,18,4072,13,30,28,29,14,16,26,27],"class_list":{"0":"post-117714","1":"post","2":"type-post","3":"status-publish","4":"format-standard","5":"has-post-thumbnail","7":"category-overskrifter","8":"tag-breaking-news","9":"tag-breakingnews","10":"tag-featured-news","11":"tag-featurednews","12":"tag-headlines","13":"tag-hovedoppslag","14":"tag-innenriks","15":"tag-latest-news","16":"tag-latestnews","17":"tag-lungetransplantasjon","18":"tag-main-news","19":"tag-mainnews","20":"tag-mette-marit","21":"tag-news","22":"tag-no","23":"tag-norge","24":"tag-norway","25":"tag-nyheter","26":"tag-overskrifter","27":"tag-top-stories","28":"tag-topstories"},"share_on_mastodon":{"url":"https:\/\/pubeurope.com\/@no\/115747876308910134","error":""},"_links":{"self":[{"href":"https:\/\/www.europesays.com\/no\/wp-json\/wp\/v2\/posts\/117714","targetHints":{"allow":["GET"]}}],"collection":[{"href":"https:\/\/www.europesays.com\/no\/wp-json\/wp\/v2\/posts"}],"about":[{"href":"https:\/\/www.europesays.com\/no\/wp-json\/wp\/v2\/types\/post"}],"author":[{"embeddable":true,"href":"https:\/\/www.europesays.com\/no\/wp-json\/wp\/v2\/users\/2"}],"replies":[{"embeddable":true,"href":"https:\/\/www.europesays.com\/no\/wp-json\/wp\/v2\/comments?post=117714"}],"version-history":[{"count":0,"href":"https:\/\/www.europesays.com\/no\/wp-json\/wp\/v2\/posts\/117714\/revisions"}],"wp:featuredmedia":[{"embeddable":true,"href":"https:\/\/www.europesays.com\/no\/wp-json\/wp\/v2\/media\/117715"}],"wp:attachment":[{"href":"https:\/\/www.europesays.com\/no\/wp-json\/wp\/v2\/media?parent=117714"}],"wp:term":[{"taxonomy":"category","embeddable":true,"href":"https:\/\/www.europesays.com\/no\/wp-json\/wp\/v2\/categories?post=117714"},{"taxonomy":"post_tag","embeddable":true,"href":"https:\/\/www.europesays.com\/no\/wp-json\/wp\/v2\/tags?post=117714"}],"curies":[{"name":"wp","href":"https:\/\/api.w.org\/{rel}","templated":true}]}}