{"id":117720,"date":"2025-12-19T19:31:36","date_gmt":"2025-12-19T19:31:36","guid":{"rendered":"https:\/\/www.europesays.com\/no\/117720\/"},"modified":"2025-12-19T19:31:36","modified_gmt":"2025-12-19T19:31:36","slug":"brann-og-redning-algard-brannstasjonen-ble-evakuert-dette-gjor-de-na-gjesdalbuen","status":"publish","type":"post","link":"https:\/\/www.europesays.com\/no\/117720\/","title":{"rendered":"Brann og redning, \u00c5lg\u00e5rd | Brannstasjonen ble evakuert \u2013 dette gj\u00f8r de n\u00e5 &#8211; Gjesdalbuen"},"content":{"rendered":"<ol>\n<li><a href=\"https:\/\/news.google.com\/rss\/articles\/CBMiiAFBVV95cUxQSXBuWGRzTFBjQUxOUnpzY1JTY3F2c3hFUElOTFVWLXJtX2VNWGp5bEdYVWdJNllmODVaaUV1NlVsZWZiNVJhdjlVa25ra2dVbDduTmJJclRrcF9SYTJHQm0zek5HUHZtSVd4RVJreU5ULW43ZkNHbFpnenVKMjZlM0xpbjFhRTMt?oc=5\" target=\"_blank\" rel=\"nofollow noopener\">Brann og redning, \u00c5lg\u00e5rd | Brannstasjonen ble evakuert \u2013 dette gj\u00f8r de n\u00e5<\/a>&nbsp;&nbsp;Gjesdalbuen<\/li>\n<li><a href=\"https:\/\/news.google.com\/rss\/articles\/CBMiqwFBVV95cUxPZTRjaEVkTXl5UlBudDFQdktjWTloSDJRVFpiSmg4YUJUMDNSTVpBXzV1MEFCR1lpRkhzTDR5cGw5QkFIdnZlOEZYekdyeGdtdlNwaEUwT09HVEdWbzR2TGx1XzdHd0FXak9fbFd2M21KbjFuRlVpM0l6cnc0UW55Y1A5NTB2dzVNMTg3T0o5dW1WenphOGl4emFoRWQ1dmFvWUhlMnB1OGdkSzg?oc=5\" target=\"_blank\" rel=\"nofollow noopener\">Oppdaget store sprekker i asfalten ved brannstasjonen p\u00e5 \u00c5lg\u00e5rd<\/a>&nbsp;&nbsp;Stavanger Aftenblad<\/li>\n<li><a href=\"https:\/\/news.google.com\/rss\/articles\/CBMifEFVX3lxTE9taGN2TDloaUxpRjNJY0x6TVVzaVZuTmR6Y0kyRGlxdzFiMDlabDU4Q3cwWm1TMkYwaDRWZHJhVEVJQW9NenpfaTQwMHBOM1RPREduRVYzWS01OEJ5X0VqZ1prNkQ5bG5xMmZMcHFVeF9HNl9RUTRfdVFTc0M?oc=5\" target=\"_blank\" rel=\"nofollow noopener\">E39, Gjesdal | Utsetter ny E39-vurdering: \u2013 Vi blir klokere for hver time som g\u00e5r<\/a>&nbsp;&nbsp;Gjesdalbuen<\/li>\n<li><a href=\"https:\/\/news.google.com\/rss\/articles\/CBMivwFBVV95cUxPb0hqN2p0WWdGd05LVFVpZnBJQ21aWmxkc3BMT2paZXhlLXBjOFFKU3RPeGhkcmxsMUNaV05VeHpwLXZmOE56X3hWX3JPV18yUkVVMFdBMnNja0JzTnQ0QldfNGtXN0tQbUJmVEg5eDF3U2M1aE9VVzB2U1NFMGd6eXVsT2FHLVU1MkM5M2sxc2NCTUZCM19jWWYyS2hhSUFpNmNLQ2ZSNFZOMFBhVlJXa2ZpRXhsQlVsTHUyNE1fcw?oc=5\" target=\"_blank\" rel=\"nofollow noopener\">E39 ved Kongeparken i Rogaland stengt grunnet fare for jordras<\/a>&nbsp;&nbsp;Dagbladet<\/li>\n<li><a href=\"https:\/\/news.google.com\/rss\/articles\/CBMihwFBVV95cUxOMTFOSjdWdlVqbnU3eVBhdjhFeTlLd01WWS1rX3VJU1BYTDFWYXRFbElkNVVlakJDaDRlSHJNenFSR19SaktmVVJialdPMUswSjdhdDhGTEpqQWpqajhGUm9nbE5SZEp0Umg5bnhDZUdGaWNGb3RqUUJaSHViOVlpNVRKXzIzenM?oc=5\" target=\"_blank\" rel=\"nofollow noopener\">40 meter lang sprekk stenger E39 ved \u00c5lg\u00e5rd \u2013 fryktar jordskred<\/a>&nbsp;&nbsp;NRK<\/li>\n<\/ol>\n","protected":false},"excerpt":{"rendered":"Brann og redning, \u00c5lg\u00e5rd | Brannstasjonen ble evakuert \u2013 dette gj\u00f8r de n\u00e5&nbsp;&nbsp;Gjesdalbuen Oppdaget store sprekker i asfalten&hellip;\n","protected":false},"author":2,"featured_media":117721,"comment_status":"","ping_status":"","sticky":false,"template":"","format":"standard","meta":{"footnotes":""},"categories":[10],"tags":[20,21,24,25,15,22,23,13,30,28,29,14,16,26,27],"class_list":{"0":"post-117720","1":"post","2":"type-post","3":"status-publish","4":"format-standard","5":"has-post-thumbnail","7":"category-norge","8":"tag-breaking-news","9":"tag-breakingnews","10":"tag-featured-news","11":"tag-featurednews","12":"tag-headlines","13":"tag-latest-news","14":"tag-latestnews","15":"tag-news","16":"tag-no","17":"tag-norge","18":"tag-norway","19":"tag-nyheter","20":"tag-overskrifter","21":"tag-top-stories","22":"tag-topstories"},"share_on_mastodon":{"url":"https:\/\/pubeurope.com\/@no\/115747899639606526","error":""},"_links":{"self":[{"href":"https:\/\/www.europesays.com\/no\/wp-json\/wp\/v2\/posts\/117720","targetHints":{"allow":["GET"]}}],"collection":[{"href":"https:\/\/www.europesays.com\/no\/wp-json\/wp\/v2\/posts"}],"about":[{"href":"https:\/\/www.europesays.com\/no\/wp-json\/wp\/v2\/types\/post"}],"author":[{"embeddable":true,"href":"https:\/\/www.europesays.com\/no\/wp-json\/wp\/v2\/users\/2"}],"replies":[{"embeddable":true,"href":"https:\/\/www.europesays.com\/no\/wp-json\/wp\/v2\/comments?post=117720"}],"version-history":[{"count":0,"href":"https:\/\/www.europesays.com\/no\/wp-json\/wp\/v2\/posts\/117720\/revisions"}],"wp:featuredmedia":[{"embeddable":true,"href":"https:\/\/www.europesays.com\/no\/wp-json\/wp\/v2\/media\/117721"}],"wp:attachment":[{"href":"https:\/\/www.europesays.com\/no\/wp-json\/wp\/v2\/media?parent=117720"}],"wp:term":[{"taxonomy":"category","embeddable":true,"href":"https:\/\/www.europesays.com\/no\/wp-json\/wp\/v2\/categories?post=117720"},{"taxonomy":"post_tag","embeddable":true,"href":"https:\/\/www.europesays.com\/no\/wp-json\/wp\/v2\/tags?post=117720"}],"curies":[{"name":"wp","href":"https:\/\/api.w.org\/{rel}","templated":true}]}}