{"id":117722,"date":"2025-12-19T19:32:10","date_gmt":"2025-12-19T19:32:10","guid":{"rendered":"https:\/\/www.europesays.com\/no\/117722\/"},"modified":"2025-12-19T19:32:10","modified_gmt":"2025-12-19T19:32:10","slug":"eliteserie-spiller-tiltalt-for-seksuell-handling-uten-samtykke","status":"publish","type":"post","link":"https:\/\/www.europesays.com\/no\/117722\/","title":{"rendered":"Eliteserie-spiller tiltalt for seksuell handling uten samtykke"},"content":{"rendered":"\n<p class=\"_lead_o9xde_2 _lead_xtcu6_50 layout-component text-serif-m layout-normal text-serif-l layout-component layout-wide layout-padded _wide_17hqh_1 layout-padded\">Spilleren erkjenner at det har v\u00e6rt en seksuell hendelse, men hevder det var frivillig. Han erkjenner ikke straffskyld.<\/p>\n<p><img alt=\"Illustrasjonsfoto. Foto: Bj\u00f8rn S. Delebekk \/ VG\" class=\"_image_qp4xg_65 layout-component layout-wide\" data-fullscreen- data-track-element-type=\"Article image fullscreen\" data-track-name=\"ImageFullscreen\" fetchpriority=\"high\" decoding=\"sync\" loading=\"eager\" height=\"3712\" itemprop=\"image\"  src=\"https:\/\/www.europesays.com\/no\/wp-content\/uploads\/2025\/12\/11e02367-12f8-46e0-92f0-17936d2b852a\"  style=\"object-position:0% 0%\" width=\"5568\"\/>Illustrasjonsfoto. Foto: Bj\u00f8rn S. Delebekk \/ VG<\/p>\n<ul aria-hidden=\"true\" class=\"_images_ntbth_112\">\n<li><a class=\"_link_ntbth_117\" href=\"https:\/\/www.vg.no\/forfatter\/andreas-almli\" style=\"z-index:2\" title=\"Andreas Almli\" rel=\"nofollow noopener\" target=\"_blank\"><img alt=\"Bilde av Andreas Almli\" class=\"_image_ntbth_93\" fetchpriority=\"low\" loading=\"lazy\" decoding=\"async\" itemprop=\"image\"  src=\"https:\/\/www.europesays.com\/no\/wp-content\/uploads\/2025\/12\/1766172730_654_375927d7-c3ac-45fd-a424-5db85cd85b8f\"  width=\"480\"\/><\/a><\/li>\n<li><a class=\"_link_ntbth_117\" href=\"https:\/\/www.vg.no\/forfatter\/vilde-elgaaen\" style=\"z-index:1\" title=\"Vilde Elgaaen\" rel=\"nofollow noopener\" target=\"_blank\"><img alt=\"Bilde av Vilde Elgaaen\" class=\"_image_ntbth_93\" fetchpriority=\"low\" loading=\"lazy\" decoding=\"async\" itemprop=\"image\"  src=\"https:\/\/www.europesays.com\/no\/wp-content\/uploads\/2025\/12\/1766172730_472_d7abc11e-e453-4b15-b473-933209ff5fea\"  width=\"480\"\/><\/a><\/li>\n<\/ul>\n<p> Oppdatert fredag 19. desember kl. 19:33     <\/p>\n<p class=\"_paragraph_o9xde_4 _paragraph_xtcu6_10 layout-component text-serif-m layout-normal text-serif-m layout-padded\">Eliteserieklubben melder fredag at det er tatt ut tiltale mot en av deres spillere. Titalten omhandler seksuell handling uten samtykke, etter straffelovens paragraf 297paragraf 297Paragraf 297 omhandler seksuell handling uten samtykke. Med bot eller fengsel inntil 1 \u00e5r straffes den som foretar seksuell handling med noen som ikke har samtykket i det. (Kilde: lovdata).<\/p>\n<p class=\"_paragraph_o9xde_4 _paragraph_xtcu6_10 layout-component text-serif-m layout-normal text-serif-m layout-padded\">Spilleren er selv informert om tiltalen, og er tatt ut av trening og kamp i tiden fremover. <\/p>\n<p class=\"_paragraph_o9xde_4 _paragraph_xtcu6_10 layout-component text-serif-m layout-normal text-serif-m layout-padded\">Den aktuelle spilleren har spilt kamper i <a href=\"https:\/\/www.vg.no\/tag\/eliteserien?utm_source=vg-article&amp;utm_medium=auto-tagger&amp;utm_campaign=zOGg3O\" class=\"_link_o9xde_39\" rel=\"nofollow noopener\" target=\"_blank\">Eliteserien<\/a> denne sesongen, men uten \u00e5 ha en fremtredende rolle i laget og fortrinnsvis som innbytter.<\/p>\n<p class=\"_paragraph_o9xde_4 _paragraph_xtcu6_10 layout-component text-serif-m layout-normal text-serif-m layout-padded\">Klubben skriver at spilleren selv har deltatt i samtlige avh\u00f8r, og at klubben har fulgt opp spilleren tett under hele prosessen. <\/p>\n<p class=\"_paragraph_o9xde_4 _paragraph_xtcu6_10 layout-component text-serif-m layout-normal text-serif-m layout-padded\">Det er satt av to dager til rettsforhandlingen i begynnelsen av mars. VG har sett tiltalebeslutningen.<\/p>\n<p class=\"_paragraph_o9xde_4 _paragraph_xtcu6_10 layout-component text-serif-m layout-normal text-serif-m layout-padded\">\u2013 Dette er en sak av alvorlig karakter, og vi ser med stort alvor p\u00e5 tiltalen som er tatt ut, sier klubbens styreleder i en uttalelse.<\/p>\n<p class=\"_paragraph_o9xde_4 _paragraph_xtcu6_10 layout-component text-serif-m layout-normal text-serif-m layout-padded\">Spillerens forsvarer uttaler at tiltalte erkjenner at det har v\u00e6rt en seksuell hendelse, men at han selv fastholder at den var gjensidig samtykkende.<\/p>\n<p class=\"_paragraph_o9xde_4 _paragraph_xtcu6_10 layout-component text-serif-m layout-normal text-serif-m layout-padded\">\u2013 Han mener at han ikke har gjort noe ulovlig og erkjenner ikke straffskyld. Vi er overrasket over at det er tatt ut tiltale etter den etterforskningen som er gjennomf\u00f8rt. Det er ogs\u00e5 viktig \u00e5 presisere at det ikke er mistanke om vold eller trusler. Min klient ser frem til \u00e5 f\u00e5 saken behandlet i retten slik at han kan renvaske seg. Han er sv\u00e6rt preget av situasjonen og anmeldelsen, sier hun i en uttalelse.<\/p>\n<p class=\"_paragraph_o9xde_4 _paragraph_xtcu6_10 layout-component text-serif-m layout-normal text-serif-m layout-padded\">Hverken forsvarer eller klubbens styreleder \u00f8nsker \u00e5 utdype overfor VG.<\/p>\n<p class=\"_paragraph_o9xde_4 _paragraph_xtcu6_10 layout-component text-serif-m layout-normal text-serif-m layout-padded\">Kvinnens bistandsadvokat sier til VG at saken er en stor belastning for forn\u00e6rmede, men har ingen ytterligere kommentar.<\/p>\n","protected":false},"excerpt":{"rendered":"Spilleren erkjenner at det har v\u00e6rt en seksuell hendelse, men hevder det var frivillig. Han erkjenner ikke straffskyld.&hellip;\n","protected":false},"author":2,"featured_media":117723,"comment_status":"","ping_status":"","sticky":false,"template":"","format":"standard","meta":{"footnotes":""},"categories":[5],"tags":[20,21,134,24,25,15,19,22,23,17,18,13,30,28,29,14,16,26,27],"class_list":{"0":"post-117722","1":"post","2":"type-post","3":"status-publish","4":"format-standard","5":"has-post-thumbnail","7":"category-overskrifter","8":"tag-breaking-news","9":"tag-breakingnews","10":"tag-eliteserien","11":"tag-featured-news","12":"tag-featurednews","13":"tag-headlines","14":"tag-hovedoppslag","15":"tag-latest-news","16":"tag-latestnews","17":"tag-main-news","18":"tag-mainnews","19":"tag-news","20":"tag-no","21":"tag-norge","22":"tag-norway","23":"tag-nyheter","24":"tag-overskrifter","25":"tag-top-stories","26":"tag-topstories"},"share_on_mastodon":{"url":"https:\/\/pubeurope.com\/@no\/115747903808133606","error":""},"_links":{"self":[{"href":"https:\/\/www.europesays.com\/no\/wp-json\/wp\/v2\/posts\/117722","targetHints":{"allow":["GET"]}}],"collection":[{"href":"https:\/\/www.europesays.com\/no\/wp-json\/wp\/v2\/posts"}],"about":[{"href":"https:\/\/www.europesays.com\/no\/wp-json\/wp\/v2\/types\/post"}],"author":[{"embeddable":true,"href":"https:\/\/www.europesays.com\/no\/wp-json\/wp\/v2\/users\/2"}],"replies":[{"embeddable":true,"href":"https:\/\/www.europesays.com\/no\/wp-json\/wp\/v2\/comments?post=117722"}],"version-history":[{"count":0,"href":"https:\/\/www.europesays.com\/no\/wp-json\/wp\/v2\/posts\/117722\/revisions"}],"wp:featuredmedia":[{"embeddable":true,"href":"https:\/\/www.europesays.com\/no\/wp-json\/wp\/v2\/media\/117723"}],"wp:attachment":[{"href":"https:\/\/www.europesays.com\/no\/wp-json\/wp\/v2\/media?parent=117722"}],"wp:term":[{"taxonomy":"category","embeddable":true,"href":"https:\/\/www.europesays.com\/no\/wp-json\/wp\/v2\/categories?post=117722"},{"taxonomy":"post_tag","embeddable":true,"href":"https:\/\/www.europesays.com\/no\/wp-json\/wp\/v2\/tags?post=117722"}],"curies":[{"name":"wp","href":"https:\/\/api.w.org\/{rel}","templated":true}]}}