{"id":117726,"date":"2025-12-19T19:38:32","date_gmt":"2025-12-19T19:38:32","guid":{"rendered":"https:\/\/www.europesays.com\/no\/117726\/"},"modified":"2025-12-19T19:38:32","modified_gmt":"2025-12-19T19:38:32","slug":"flertall-for-a-ikke-bosette-flyktninger-i-sandefjord-nrk-vestfold-og-telemark-lokale-nyheter-tv-og-radio","status":"publish","type":"post","link":"https:\/\/www.europesays.com\/no\/117726\/","title":{"rendered":"Flertall for \u00e5 ikke bosette flyktninger i Sandefjord \u2013 NRK Vestfold og Telemark \u2013 Lokale nyheter, TV og radio"},"content":{"rendered":"<p>Saken oppsummert:<\/p>\n<p>\u2022 Kommunestyret i Sandefjord har vedtatt \u00e5 ikke bosette 90 flyktninger i 2026, noe som skaper politisk uenighet. <br \/>\u2022 Ordf\u00f8rer Bj\u00f8rn Ole Gleditsch begrunner beslutningen med kommunens utfordringer knyttet til levek\u00e5r og utenforskap. <br \/>\u2022 Kommunen \u00f8nsker \u00e5 prioritere bedre integreringsarbeid og redusere ungdomskriminalitet f\u00f8r de tar imot flere flyktninger. <br \/>\u2022 Venstres Camilla Bilstad Johannessen mener Sandefjord er godt rustet for \u00e5 ta imot flyktninger og kritiserer ordf\u00f8rerens argumentasjon. <br \/>\u2022 Johannessen mener det er feil \u00e5 skylde p\u00e5 flyktninger for kommunens eksisterende utfordringer med levek\u00e5r og utenforskap.<\/p>\n<p>Oppsummeringen er laget av en KI-tjeneste fra OpenAI. Innholdet er kvalitetssikret av NRKs journalister f\u00f8r publisering.<\/p>\n<p>Kommunestyret i Sandefjord har bestemt at det ikke skal bosettes flyktninger i kommunen i 2026.<\/p>\n<p>Kommunen scorer d\u00e5rlig p\u00e5 levek\u00e5r og har et st\u00f8rre utenforskap, forklarer ordf\u00f8rer Bj\u00f8rn Ole Gleditsch.<\/p>\n<ul class=\"dhpg__gallery__list\">\n<li class=\"dhpg__gallery__listItem\"><img alt=\"Bj\u00f8rn Ole Gleditsch i dress og slips\"  width=\"2400\" height=\"2400\" loading=\"lazy\"\/>Bj\u00f8rn Ole Gleditsch\n<p>Ordf\u00f8rer i Sandefjord kommune, H\u00f8yre.<\/p>\n<\/li>\n<\/ul>\n<p>\u2013 Hvis du kommer fra et land med helt andre forutsetninger, vil det ta lengre tid \u00e5 komme i jobb eller utdanning.<\/p>\n<p>Kommunestyret skal se p\u00e5 hvordan de kan f\u00e5 til et bedre integreringsarbeid.<\/p>\n<p><strong>\u2013 Vi m\u00e5 bremse for \u00e5 f\u00e5 bedre kontroll, og f\u00e5 flere p\u00e5 innsiden og f\u00e6rre p\u00e5 utsiden, sier Gleditsch.<\/strong><\/p>\n<p>\u2013 Ingen grunn til \u00e5 v\u00e6re d\u00e5rligere rustet<\/p>\n<p>Sandefjord b\u00f8r ta sin del av ansvaret for de menneskene som er p\u00e5 flukt, mener Camilla Bilstad Johannessen fra Venstre.\n<\/p>\n<p><img decoding=\"async\"   src=\"data:image\/gif;base64,R0lGODlhAQABAIAAAAAAAP\/\/\/yH5BAEAAAAALAAAAAABAAEAAAIBRAA7\" loading=\"eager\" alt=\"Bilde viser en kvinne med blomstrete topp som st\u00e5r i en auditoriumsetting. Bak henne ses tomme bord med datamaskiner og notater. Det er kunstverk p\u00e5 veggene og en skjerm synlig i bakgrunnen. Omgivelsene tyder p\u00e5 at dette er et m\u00f8te. (Bildebeskrivelsen er laget av en KI-tjeneste)\" title=\"Foto: Tom Ole Buaas \/ NRK\"\/><\/p>\n<p class=\"\">Camilla Bilstad Johannessen fra Venstre.<\/p>\n<p>Foto: Tom Ole Buaas \/ NRK<\/p>\n<p>Hun synes det er synd at ordf\u00f8reren mener at Sandefjord har gjort en d\u00e5rlig jobb med integrering, da hun mener resultatene viser noe annet.<\/p>\n<p><strong>\u2013 Vi f\u00e5r til gode resultater, er gode p\u00e5 jobbformidling, spr\u00e5koppl\u00e6ring og gode p\u00e5 \u00e5 tenke alternativt. Det er ingen grunn til at vi skal v\u00e6re d\u00e5rligere rustet enn kommunene rundt oss, sier hun.<\/strong><\/p>\n<p>Venstre-politikeren synes det er synd hvis man skal lage et bilde der man skal gi de menneskene som er p\u00e5 flukt n\u00e5, skylda for at Sandefjord ikke har klart \u00e5 rydde opp i levek\u00e5rsproblematikken.<\/p>\n<p>\u2013 Det er jobben til oss som sitter her i rommet faktisk, sier hun.<\/p>\n<p>M\u00e5 l\u00f8se problemet og utfordringen<\/p>\n<p>At enkelte partier mener det er flaut at kommunen ikke tar imot flyktninger, lever ordf\u00f8rer Gleditsch godt med, sier han.<\/p>\n<p><strong>\u2013 Ansvarlighet dreier seg om at du ikke bare kan stikke huet i sanden og tro at ting g\u00e5r over. N\u00e5r du har et problem og en utfordring, s\u00e5 m\u00e5 de l\u00f8ses p\u00e5 en bedre m\u00e5te fremover.<\/strong><\/p>\n<p>Det har v\u00e6rt mye fokus p\u00e5 ungdomskriminaliteten i byen. Gleditsch sier at det er en del av bildet.<\/p>\n<p>\u2013 Vi m\u00e5 f\u00e5 flere av disse ungdommene i jobb. Men ogs\u00e5 se hvordan frivillige kan bidra til \u00e5 hjelpe barn og unge som kommer fra andre kulturer, inn i idrettslag, i kulturen og frivillige organisasjoner. Man l\u00e6rer spr\u00e5ket lettere, og de blir ogs\u00e5 en del av det norske samfunnet.<\/p>\n<p>Bilstad Johannessen fra Venstre er helt enig i at ungdomskriminalitet i byen er et problem, men mener at de da m\u00e5 jobbe m\u00e5lrettet med \u00e5 l\u00f8se de utfordringene.<\/p>\n<p>Som st\u00f8tte til politi, levek\u00e5r og s\u00f8rge for at integreringsarbeidet er godt, forteller hun.<\/p>\n<p><strong>\u2013 Det er ingen sammenheng mellom de 90 som vi skulle ta imot, og de fem gjengangerne som politiet forteller at de har utfordringer med.<\/strong><\/p>\n<p>Publisert<\/p>\n<p>18.12.2025, kl. 20.15<\/p>\n","protected":false},"excerpt":{"rendered":"Saken oppsummert: \u2022 Kommunestyret i Sandefjord har vedtatt \u00e5 ikke bosette 90 flyktninger i 2026, noe som skaper&hellip;\n","protected":false},"author":2,"featured_media":117727,"comment_status":"","ping_status":"","sticky":false,"template":"","format":"standard","meta":{"footnotes":""},"categories":[10],"tags":[20,21,24,25,15,22,23,13,30,28,29,14,16,26,27],"class_list":{"0":"post-117726","1":"post","2":"type-post","3":"status-publish","4":"format-standard","5":"has-post-thumbnail","7":"category-norge","8":"tag-breaking-news","9":"tag-breakingnews","10":"tag-featured-news","11":"tag-featurednews","12":"tag-headlines","13":"tag-latest-news","14":"tag-latestnews","15":"tag-news","16":"tag-no","17":"tag-norge","18":"tag-norway","19":"tag-nyheter","20":"tag-overskrifter","21":"tag-top-stories","22":"tag-topstories"},"share_on_mastodon":{"url":"https:\/\/pubeurope.com\/@no\/115747927129238101","error":""},"_links":{"self":[{"href":"https:\/\/www.europesays.com\/no\/wp-json\/wp\/v2\/posts\/117726","targetHints":{"allow":["GET"]}}],"collection":[{"href":"https:\/\/www.europesays.com\/no\/wp-json\/wp\/v2\/posts"}],"about":[{"href":"https:\/\/www.europesays.com\/no\/wp-json\/wp\/v2\/types\/post"}],"author":[{"embeddable":true,"href":"https:\/\/www.europesays.com\/no\/wp-json\/wp\/v2\/users\/2"}],"replies":[{"embeddable":true,"href":"https:\/\/www.europesays.com\/no\/wp-json\/wp\/v2\/comments?post=117726"}],"version-history":[{"count":0,"href":"https:\/\/www.europesays.com\/no\/wp-json\/wp\/v2\/posts\/117726\/revisions"}],"wp:featuredmedia":[{"embeddable":true,"href":"https:\/\/www.europesays.com\/no\/wp-json\/wp\/v2\/media\/117727"}],"wp:attachment":[{"href":"https:\/\/www.europesays.com\/no\/wp-json\/wp\/v2\/media?parent=117726"}],"wp:term":[{"taxonomy":"category","embeddable":true,"href":"https:\/\/www.europesays.com\/no\/wp-json\/wp\/v2\/categories?post=117726"},{"taxonomy":"post_tag","embeddable":true,"href":"https:\/\/www.europesays.com\/no\/wp-json\/wp\/v2\/tags?post=117726"}],"curies":[{"name":"wp","href":"https:\/\/api.w.org\/{rel}","templated":true}]}}