{"id":117730,"date":"2025-12-19T19:40:10","date_gmt":"2025-12-19T19:40:10","guid":{"rendered":"https:\/\/www.europesays.com\/no\/117730\/"},"modified":"2025-12-19T19:40:10","modified_gmt":"2025-12-19T19:40:10","slug":"han-beklaget-overfor-oss","status":"publish","type":"post","link":"https:\/\/www.europesays.com\/no\/117730\/","title":{"rendered":"\u2013 Han beklaget overfor oss"},"content":{"rendered":"\n<p class=\"_lead_o9xde_2 _lead_xtcu6_50 layout-component text-serif-m layout-normal text-serif-l layout-component layout-wide layout-padded _wide_17hqh_1 layout-padded\">Liverpool-spiller Curtis Jones avsl\u00f8rer at Mohamed Salah har bedt om unnskyldning til laget etter det eksplosive intervjuet. <\/p>\n<p><img alt=\" Foto: Peter Byrne \/ Pa Photos \/ NTB\" class=\"_image_qp4xg_65 layout-component layout-wide\" data-fullscreen- data-track-element-type=\"Article image fullscreen\" data-track-name=\"ImageFullscreen\" fetchpriority=\"high\" decoding=\"sync\" loading=\"eager\" height=\"1602\" itemprop=\"image\"  src=\"https:\/\/www.europesays.com\/no\/wp-content\/uploads\/2025\/12\/203ddda0-e0b4-4333-ac67-b2bdc513582c\"  style=\"object-position:0% 0%\" width=\"2336\"\/> Foto: Peter Byrne \/ Pa Photos \/ NTB<\/p>\n<ul aria-hidden=\"true\" class=\"_images_ntbth_112\">\n<li><a class=\"_link_ntbth_117\" href=\"https:\/\/www.vg.no\/forfatter\/andreas-almli\" style=\"z-index:1\" title=\"Andreas Almli\" rel=\"nofollow noopener\" target=\"_blank\"><img alt=\"Bilde av Andreas Almli\" class=\"_image_ntbth_93\" fetchpriority=\"low\" loading=\"lazy\" decoding=\"async\" itemprop=\"image\"  src=\"https:\/\/www.europesays.com\/no\/wp-content\/uploads\/2025\/12\/1766173210_537_375927d7-c3ac-45fd-a424-5db85cd85b8f\"  width=\"480\"\/><\/a><\/li>\n<\/ul>\n<p> Oppdatert fredag 19. desember kl. 20:28    <\/p>\n<ul class=\"_list_o9xde_3 _list_64s2r_85 _unordered_o9xde_106 text-sans-m\">\n<li class=\"_item_o9xde_30\">Liverpool-spiller Curtis Jones avsl\u00f8rer at Salah ba om unnskyldning til laget etter det eksplosive intervju.<\/li>\n<li class=\"_item_o9xde_30\">Salah kritiserte trener Arne Slot etter en kamp i desember og uttrykte skuffelse over \u00e5 bli satt p\u00e5 benken.<\/li>\n<li class=\"_item_o9xde_30\">Laget st\u00e5r samlet bak Salah, if\u00f8lge Jones, og fokuset er n\u00e5 p\u00e5 \u00e5 vinne kamper.<\/li>\n<\/ul>\n<p>Vis mer <\/p>\n<p class=\"_paragraph_o9xde_4 _paragraph_xtcu6_10 layout-component text-serif-m layout-normal text-serif-m layout-padded\">\u2013 Mo Mo Kallenavn for Mohamed Salah.er sin egen mann og kan snakke for seg selv. Han beklaget overfor oss og sa noe s\u00e5nt som: \u00abHvis jeg har p\u00e5virket noen eller f\u00e5tt noen til \u00e5 f\u00f8le noe som helst p\u00e5 en negativ m\u00e5te, s\u00e5 beklager jeg.\u00bb Det er den typen menneske han er, sier Liverpool-spiller Curtis Jones.<\/p>\n<p class=\"_paragraph_o9xde_4 _paragraph_xtcu6_10 layout-component text-serif-m layout-normal text-serif-m layout-padded\">I et intervju med <a href=\"https:\/\/www.skysports.com\/football\/news\/11095\/13485613\/mo-salah-apologised-to-liverpool-squad-after-explosive-interview-reveals-midfielder-curtis-jones\" class=\"_link_o9xde_39\" rel=\"nofollow noopener\" target=\"_blank\">Sky Sports <\/a>forteller Jones om at egypteren skal ha bedt sine Liverpool-lagkamerater om unnskyldning etter det kontroversielle intervjuet som skapte overskrifter<a href=\"https:\/\/www.vg.no\/sport\/i\/k0a0nL\/fyrer-loes-mot-egen-klubb-foeler-meg-kastet-under-bussen\" data-track-element-type=\"Link\" data-track-id=\"link:k0a0nL\" class=\"_link_o9xde_39\" rel=\"nofollow noopener\" target=\"_blank\"> tidligere denne m\u00e5neden.<\/a><\/p>\n<p class=\"_paragraph_o9xde_4 _paragraph_xtcu6_10 layout-component text-serif-m layout-normal text-serif-m layout-padded\">Det var etter kampen mot Leeds i begynnelsen av desember at Salah rettet skarp kritikk mot trener Arne Slot.<\/p>\n<p class=\"_paragraph_o9xde_4 _paragraph_xtcu6_10 layout-component text-serif-m layout-normal text-serif-m layout-padded\">\u2013 Jeg kan ikke tro det, jeg er veldig skuffet. Jeg har gjort s\u00e5 mye for denne klubben, alle kan se det gjennom \u00e5rene, spesielt forrige sesong. \u00c5 sitte p\u00e5 benken, jeg vet ikke hvorfor. Jeg f\u00f8ler at klubben kaster meg under bussen. Det er s\u00e5nn jeg f\u00f8ler det, sa han.<\/p>\n<p class=\"_paragraph_o9xde_4 _paragraph_xtcu6_10 layout-component text-serif-m layout-normal text-serif-m layout-padded\">Se hele intervjuet med Salah her:<\/p>\n<p class=\"_paragraph_o9xde_4 _paragraph_xtcu6_10 layout-component text-serif-m layout-normal text-serif-m layout-padded\">Etter intervjuet ble Salah vraket fra Champions League-kampen mot Inter, f\u00f8r han returnerte til troppen forrige helg da Liverpool m\u00f8tte Brighton. Da fikk han ogs\u00e5 noen minutter p\u00e5 banen, til Anfields store begeistring:<\/p>\n<p class=\"_paragraph_o9xde_4 _paragraph_xtcu6_10 layout-component text-serif-m layout-normal text-serif-m layout-padded\">Jones understreker at laget st\u00e5r samlet bak Salah.<\/p>\n<p class=\"_paragraph_o9xde_4 _paragraph_xtcu6_10 layout-component text-serif-m layout-normal text-serif-m layout-padded\">\u2013 Jeg kan bare snakke ut fra mitt kjennskap til Mo, og hvordan han er sammen med oss og hvordan han opptr\u00e5dte i den situasjonen. Han var akkurat den samme Mo \u2013 med et stort smil om munnen, og alle behandlet ham p\u00e5 n\u00f8yaktig samme m\u00e5te som f\u00f8r. <\/p>\n<p class=\"_paragraph_o9xde_4 _paragraph_xtcu6_10 layout-component text-serif-m layout-normal text-serif-m layout-padded\">\u2013 Jeg forst\u00e5r at det finnes ulike m\u00e5ter \u00e5 gj\u00f8re ting p\u00e5, men hvis en spiller er forn\u00f8yd med bare \u00e5 sitte p\u00e5 benken, og ikke \u00f8nsker \u00e5 spille og bidra til laget, da mener jeg det er et st\u00f8rre problem, sier han.<\/p>\n<p class=\"_paragraph_o9xde_4 _paragraph_xtcu6_10 layout-component text-serif-m layout-normal text-serif-m layout-padded\">Trener Slot sa etter Brighton-kampen at han ikke har \u00abnoe problem \u00e5 l\u00f8se\u00bb med Salah, som n\u00e5 er p\u00e5 vei til Afrika-mesterskapet med Egypt.<\/p>\n","protected":false},"excerpt":{"rendered":"Liverpool-spiller Curtis Jones avsl\u00f8rer at Mohamed Salah har bedt om unnskyldning til laget etter det eksplosive intervjuet. Foto:&hellip;\n","protected":false},"author":2,"featured_media":117731,"comment_status":"","ping_status":"","sticky":false,"template":"","format":"standard","meta":{"footnotes":""},"categories":[59],"tags":[442,1848,4144,30,28,29,161,83,82],"class_list":{"0":"post-117730","1":"post","2":"type-post","3":"status-publish","4":"format-standard","5":"has-post-thumbnail","7":"category-sport","8":"tag-arne-slot","9":"tag-liverpool","10":"tag-mohamed-salah","11":"tag-no","12":"tag-norge","13":"tag-norway","14":"tag-premier-league","15":"tag-sport","16":"tag-sports"},"share_on_mastodon":{"url":"https:\/\/pubeurope.com\/@no\/115747935169713111","error":""},"_links":{"self":[{"href":"https:\/\/www.europesays.com\/no\/wp-json\/wp\/v2\/posts\/117730","targetHints":{"allow":["GET"]}}],"collection":[{"href":"https:\/\/www.europesays.com\/no\/wp-json\/wp\/v2\/posts"}],"about":[{"href":"https:\/\/www.europesays.com\/no\/wp-json\/wp\/v2\/types\/post"}],"author":[{"embeddable":true,"href":"https:\/\/www.europesays.com\/no\/wp-json\/wp\/v2\/users\/2"}],"replies":[{"embeddable":true,"href":"https:\/\/www.europesays.com\/no\/wp-json\/wp\/v2\/comments?post=117730"}],"version-history":[{"count":0,"href":"https:\/\/www.europesays.com\/no\/wp-json\/wp\/v2\/posts\/117730\/revisions"}],"wp:featuredmedia":[{"embeddable":true,"href":"https:\/\/www.europesays.com\/no\/wp-json\/wp\/v2\/media\/117731"}],"wp:attachment":[{"href":"https:\/\/www.europesays.com\/no\/wp-json\/wp\/v2\/media?parent=117730"}],"wp:term":[{"taxonomy":"category","embeddable":true,"href":"https:\/\/www.europesays.com\/no\/wp-json\/wp\/v2\/categories?post=117730"},{"taxonomy":"post_tag","embeddable":true,"href":"https:\/\/www.europesays.com\/no\/wp-json\/wp\/v2\/tags?post=117730"}],"curies":[{"name":"wp","href":"https:\/\/api.w.org\/{rel}","templated":true}]}}