{"id":117733,"date":"2025-12-19T19:45:17","date_gmt":"2025-12-19T19:45:17","guid":{"rendered":"https:\/\/www.europesays.com\/no\/117733\/"},"modified":"2025-12-19T19:45:17","modified_gmt":"2025-12-19T19:45:17","slug":"nakstad-altfor-mange-spedbarn-innlegges","status":"publish","type":"post","link":"https:\/\/www.europesays.com\/no\/117733\/","title":{"rendered":"Nakstad: &#8211; Altfor mange spedbarn innlegges"},"content":{"rendered":"<p class=\"kicker \" style=\"\">FHI venter ny epidemi:<\/p>\n<p>  Folkehelseinstituttet (FHI) venter at det kommer en epidemi av RS-virus p\u00e5 ny\u00e5ret. Dette er grepene man burde ta, if\u00f8lge ekspertene.<\/p>\n<p>\n    VENTER EPIDEMI: Folkehelseinstituttet ansl\u00e5r at det kan komme en epidemi av RS-viruset p\u00e5 ny\u00e5ret. Det kan spesielt ramme de helt sm\u00e5 barna, advarer FHI. Her er det en illustrasjon av RS-viruset. Foto: Adao \/ Shutterstock \/ NTB\n  <\/p>\n<p>    Kort fortalt<\/p>\n<ul lang=\"nb-NO\">\n<li>Influensasesongen er i gang og forventes \u00e5 n\u00e5 toppen i jula if\u00f8lge FHI.<\/li>\n<li>RS-virusinfeksjoner kan bli en epidemi p\u00e5 ny\u00e5ret, med h\u00f8y risiko for sm\u00e5 barn.<\/li>\n<li>Espen Rostrup Nakstad advarer om at nyf\u00f8dte b\u00f8r skjermes fra personer med forkj\u00f8lelsessymptomer.<\/li>\n<li>FHI anbefaler RSV-vaksinen Abrysvo til gravide for \u00e5 beskytte nyf\u00f8dte mot RS-virus.<\/li>\n<\/ul>\n<p class=\"italic ai-disclaimer\" data-lab-italic=\"italic\">Sammendraget er laget av ChatGPT og godkjent av Dagbladet.<\/p>\n<p>      Vis mer<br \/>\n      Vis mindre<\/p>\n<p>Influensasesongen er i full sving og truer jula for flere. I den ferske ukerapporten for luftveisinfeksjoner til\u00a0Folkehelseinstituttet (FHI)\u00a0 ansl\u00e5r de at influensatoppen trolig n\u00e5s i jula mange steder i landet.<\/p>\n<p>Samtidig st\u00e5lsetter FHI seg p\u00e5 en\u00a0epidemi med RS-virusinfeksjoner p\u00e5 ny\u00e5ret.<\/p>\n<p>    <a itemprop=\"url\" href=\"https:\/\/www.dagbladet.no\/nyheter\/influensatoppen-nas-trolig-i-jula\/84004228\" rel=\"nofollow noopener\" target=\"_blank\"><\/p>\n<p>        <img loading=\"lazy\" decoding=\"async\" src=\"https:\/\/www.europesays.com\/no\/wp-content\/uploads\/2025\/12\/84004195.webp\" width=\"980\" height=\"441\" title=\"Influensatoppen n\u00e5s trolig i jula\" alt=\"\" class=\"lazyload\" style=\"--aspect-ratio-image: 2.22; \"\/><\/p>\n<p>        Influensatoppen n\u00e5s trolig i jula<\/p>\n<p>    <\/a><\/p>\n<p>&#8211; Influensaforekomsten \u00f8ker fortsatt og toppen vil sannsynligvis bli n\u00e5dd i jula mange steder i Norge. Det er ventet at det i tillegg blir en epidemi med RS-virusinfeksjoner p\u00e5 ny\u00e5ret, heter det i rapporten.<\/p>\n<p>Oversikten viser at forekomsten forel\u00f8pig er p\u00e5 et sv\u00e6rt lavt niv\u00e5, men \u00f8kende. Forekomsten er h\u00f8yest i\u00a0aldersgruppen null til fire \u00e5r.<\/p>\n<p>Skjerm de minste\t<\/p>\n<p>Espen Rostrup Nakstad, overlege ved Oslo universitetssykehus og\u00a0tidligere assisterende helsedirekt\u00f8r, p\u00e5peker at det er s\u00e6rlig\u00a0nyf\u00f8dte og sm\u00e5 barn som kan bli alvorlig syke av RS-virus.<\/p>\n<p>        <img loading=\"lazy\" decoding=\"async\" src=\"https:\/\/www.europesays.com\/no\/wp-content\/uploads\/2025\/12\/84012373.webp\" width=\"667\" height=\"461\" title=\"Espen Rostrup Nakstad, overlege ved Oslo universitetssykehus og tidligere assisterende helsedirekt\u00f8r. Foto: Lars Eivind Bones \/ Dagbladet\" alt=\"\" class=\"\" style=\"--aspect-ratio-image: 1.45; \"\/><\/p>\n<p>\n        Espen Rostrup Nakstad, overlege ved Oslo universitetssykehus og tidligere assisterende helsedirekt\u00f8r. Foto: Lars Eivind Bones \/ Dagbladet\n    <\/p>\n<p>&#8211; Derfor er det spesielt viktig \u00e5 skjerme disse fra s\u00f8sken og andre personer med forkj\u00f8lelsessymptomer i det f\u00f8rste leve\u00e5ret, skriver han i en SMS til Dagbladet.<\/p>\n<p> RS-virusinfeksjon gir vanligvis mindre alvorlig sykdom enn influensa hos st\u00f8rre barn og voksne, men for de minste barna kan situasjonen bli alvorlig, understreker han.<\/p>\n<p>&#8211; Altfor mange spedbarn i Norge innlegges p\u00e5 sykehus hvert \u00e5r med pusteproblemer p\u00e5 grunn av RS-virus, skriver Nakstad.<\/p>\n<p>    <a itemprop=\"url\" href=\"https:\/\/www.dagbladet.no\/nyheter\/lege-advarer-unnga-det\/83595222\" rel=\"nofollow noopener\" target=\"_blank\"><\/p>\n<p>        <img loading=\"lazy\" decoding=\"async\" src=\"https:\/\/www.europesays.com\/no\/wp-content\/uploads\/2025\/12\/83596335.webp\" width=\"980\" height=\"441\" title=\"Lege advarer: - Unng\u00e5 det\" alt=\"\" class=\"lazyload\" style=\"--aspect-ratio-image: 2.22; \"\/><\/p>\n<p>        Lege advarer: &#8211; Unng\u00e5 det<\/p>\n<p>    <\/a><\/p>\n<p>R\u00e5d til foreldre\t<\/p>\n<p>Overlege ved avdeling for smittevern og vaksine i FHI, Jacob Dag Berild, skriver i en e-post til Dagbladet at det er flere grep foreldre og kommende foreldre kan ta for \u00e5 beskytte barn under ett \u00e5r.<\/p>\n<p>Som for andre\u00a0luftveisvirus er god h\u00e5nd- og hostehygiene viktig for \u00e5 forebygge smitte, understreker han. Har barn nedsatt allmenntilstand, burde de holdes hjemme fra barnehage.<\/p>\n<p>        <img loading=\"lazy\" decoding=\"async\" itemprop=\"image\" src=\"https:\/\/www.europesays.com\/no\/wp-content\/uploads\/2025\/12\/84012360.webp\" width=\"180\" height=\"180\" alt=\"Jacob Dag Berild\"\/><\/p>\n<p>            Jacob Dag Berild<br \/>\n            Jacob Dag<br \/>\n            Berild        <\/p>\n<p>Overlege ved avdeling for smittevern og vaksine i FHI<\/p>\n<p>&#8211; Nyf\u00f8dte og spedbarn b\u00f8r, om mulig, unng\u00e5 kontakt med personer med luftveissymptomer. For eksempel b\u00f8r man ikke f\u00e5 bes\u00f8k av personer med luftveissymptomer hvis man har en nyf\u00f8dt hjemme, skriver\u00a0Berild til Dagbladet.<\/p>\n<p>FHI anbefaler\u00a0RSV-vaksinen Abrysvo til gravide, for \u00e5 beskytte det nyf\u00f8dte barnet. <\/p>\n<p>        \u00d8KNING: H\u00f8sten og vinteren er h\u00f8ysesong for RS-viruset. Men hva er egentlig dette viruset og hvor farlig kan det v\u00e6re? Video\/Reporter: Maja Walberg Klev.<\/p>\n<p> Vaksinen til gravide er ikke en del av noe vaksinasjonsprogram, og den gravide m\u00e5 derfor selv betale for vaksinen, som b\u00f8r settes minst to uker f\u00f8r f\u00f8dsel for \u00e5 f\u00e5 full effekt. <\/p>\n<p>Vaksinen er s\u00e6rlig relevant for gravide som har termin\u00a0i RSV-sesongen, som vanligvis strekker seg fra november til slutten av april, opplyser overlegen. <\/p>\n<p>    <a itemprop=\"url\" href=\"https:\/\/www.dagbladet.no\/nyheter\/fhi-bekymret-for-flere-smittebolger\/80602807\" rel=\"nofollow noopener\" target=\"_blank\"><\/p>\n<p>        <img loading=\"lazy\" decoding=\"async\" src=\"https:\/\/www.europesays.com\/no\/wp-content\/uploads\/2025\/12\/80602899.webp\" width=\"980\" height=\"441\" title=\"FHI bekymret for flere smitteb\u00f8lger\" alt=\"\" class=\"lazyload\" style=\"--aspect-ratio-image: 2.22; \"\/><\/p>\n<p>        FHI bekymret for flere smitteb\u00f8lger<\/p>\n<p>    <\/a><\/p>\n<p>Kan utvikle seg\t<\/p>\n<p>Hvordan \u00e5rets sesong med RS-virus vil p\u00e5virke sykehusinnleggelser, er enn\u00e5 for tidlig \u00e5 si, skriver FHI-overlegen.<\/p>\n<p>&#8211; S\u00e5 langt likner \u00e5rets sesong p\u00e5 de to foreg\u00e5ende sesongene. I en vanlig RSV-sesong legges mellom \u00e9n og to prosent av alle barn under 1 \u00e5r inn p\u00e5 sykehus, skriver\u00a0Berild.<\/p>\n<p>B\u00e5de FHI-overlegen og Nakstad skriver at det er vanskelig \u00e5 sp\u00e5 hvordan\u00a0influensasesongen blir.<\/p>\n<p> &#8211; Jeg tror vi f\u00e5r en ganske stor influensatopp i vinter, sannsynligvis tidlig i januar, og s\u00e5 blir det spennende \u00e5 se hvor raskt det roer seg utover vinteren. Noen ganger kommer det mindre b\u00f8lger med nye virusvarianter senere p\u00e5 vinteren, men de blir vanligvis mye mindre omfattende, skriver Nakstad.\u00a0<\/p>\n<p> Berild understreker at influensasesongen i \u00e5r har startet tidlig og \u00f8kt raskt.\u00a0<\/p>\n<p>&#8211; P\u00e5 nasjonalt niv\u00e5 antar vi derfor en smittetopp rundt jul og nytt\u00e5r, men det er store geografiske forskjeller, og for deler av landet kan influensatoppen komme p\u00e5 ny\u00e5ret, skriver han.<\/p>\n","protected":false},"excerpt":{"rendered":"FHI venter ny epidemi: Folkehelseinstituttet (FHI) venter at det kommer en epidemi av RS-virus p\u00e5 ny\u00e5ret. Dette er&hellip;\n","protected":false},"author":2,"featured_media":117734,"comment_status":"","ping_status":"","sticky":false,"template":"","format":"standard","meta":{"footnotes":""},"categories":[10],"tags":[20,21,24,25,15,2539,22,23,13,30,28,29,14,16,26,27],"class_list":{"0":"post-117733","1":"post","2":"type-post","3":"status-publish","4":"format-standard","5":"has-post-thumbnail","7":"category-norge","8":"tag-breaking-news","9":"tag-breakingnews","10":"tag-featured-news","11":"tag-featurednews","12":"tag-headlines","13":"tag-innenriks","14":"tag-latest-news","15":"tag-latestnews","16":"tag-news","17":"tag-no","18":"tag-norge","19":"tag-norway","20":"tag-nyheter","21":"tag-overskrifter","22":"tag-top-stories","23":"tag-topstories"},"share_on_mastodon":{"url":"https:\/\/pubeurope.com\/@no\/115747955134848130","error":""},"_links":{"self":[{"href":"https:\/\/www.europesays.com\/no\/wp-json\/wp\/v2\/posts\/117733","targetHints":{"allow":["GET"]}}],"collection":[{"href":"https:\/\/www.europesays.com\/no\/wp-json\/wp\/v2\/posts"}],"about":[{"href":"https:\/\/www.europesays.com\/no\/wp-json\/wp\/v2\/types\/post"}],"author":[{"embeddable":true,"href":"https:\/\/www.europesays.com\/no\/wp-json\/wp\/v2\/users\/2"}],"replies":[{"embeddable":true,"href":"https:\/\/www.europesays.com\/no\/wp-json\/wp\/v2\/comments?post=117733"}],"version-history":[{"count":0,"href":"https:\/\/www.europesays.com\/no\/wp-json\/wp\/v2\/posts\/117733\/revisions"}],"wp:featuredmedia":[{"embeddable":true,"href":"https:\/\/www.europesays.com\/no\/wp-json\/wp\/v2\/media\/117734"}],"wp:attachment":[{"href":"https:\/\/www.europesays.com\/no\/wp-json\/wp\/v2\/media?parent=117733"}],"wp:term":[{"taxonomy":"category","embeddable":true,"href":"https:\/\/www.europesays.com\/no\/wp-json\/wp\/v2\/categories?post=117733"},{"taxonomy":"post_tag","embeddable":true,"href":"https:\/\/www.europesays.com\/no\/wp-json\/wp\/v2\/tags?post=117733"}],"curies":[{"name":"wp","href":"https:\/\/api.w.org\/{rel}","templated":true}]}}