{"id":117737,"date":"2025-12-19T19:52:05","date_gmt":"2025-12-19T19:52:05","guid":{"rendered":"https:\/\/www.europesays.com\/no\/117737\/"},"modified":"2025-12-19T19:52:05","modified_gmt":"2025-12-19T19:52:05","slug":"kongsberg-maritime-kongsberg-gruppen-68-millioner-til-kongsberg-maritime-prosjekt-skal-fa-ned-utslipp-fra-skip","status":"publish","type":"post","link":"https:\/\/www.europesays.com\/no\/117737\/","title":{"rendered":"Kongsberg Maritime, Kongsberg Gruppen | 68 millioner til Kongsberg Maritime-prosjekt: Skal f\u00e5 ned utslipp fra skip"},"content":{"rendered":"\n<p>N\u00e6ringsminister Cecilie Myrseth sier at m\u00e5let er at flere store forsknings- og innovasjonsprosjekter skal bli gjennomf\u00f8rt.<\/p>\n<p>\u2013 Dette er spennende prosjekter som kan sette fart p\u00e5 den gr\u00f8nne omstillingen i n\u00e6ringslivet, utvikle nye gr\u00f8nne verdikjeder og bidra til at norsk n\u00e6ringsliv styrker sin konkurransekraft internasjonalt, sier Myrseth i en <a rel=\"Follow nofollow noopener\" href=\"https:\/\/kommunikasjon.ntb.no\/pressemelding\/18756893\/regjeringen-satser-pa-gronn-omstilling?publisherId=14943704&amp;lang=no\" target=\"_blank\">pressemelding<\/a>.<\/p>\n<p>   <img decoding=\"async\" width=\"9464\" height=\"6309\" fetchpriority=\"low\"  loading=\"lazy\"  src=\"https:\/\/www.europesays.com\/no\/wp-content\/uploads\/2025\/12\/NTB_43EJbW1t5uE.jpg\" alt=\"Oslo 20250403. &#10;N\u00e6ringsminister Cecilie Myrseth (Ap) p\u00e5 Arbeiderpartiets 70. ordin\u00e6re landsm\u00f8te p\u00e5 Oslo Kongressenter Folkets Hus i Oslo.&#10;Foto: Ole Berg-Rusten \/ NTB\" class=\"brick-c-cFOWSL\" style=\"--brick-image-ratio: 9464 \/ 6309;\"\/><\/p>\n<p>      AMISJONER: \u2013 Regjeringens ambisjon er at Norge skal v\u00e6re et av verdens beste land \u00e5 skape jobber i, etablere bedrifter i og utvikle nye n\u00e6ringer i, sier n\u00e6ringsminister Cecilie Myrseth (Ap).<br \/>\n      Foto: Ole Berg-Rusten \/ NTB\n    <\/p>\n<p>Prosjektene kommer fra hele landet. De handler blant annet om:<\/p>\n<ul>\n<li>Nye batterisystemer<\/li>\n<li>Redusere utslipp i sj\u00f8matn\u00e6ringen<\/li>\n<li>Integrere seilteknologi p\u00e5 skip<\/li>\n<li>Utvikle fremtidsrettede mobilitetsteknologier<\/li>\n<\/ul>\n<p>Prosjektene f\u00e5r ikke bare penger fra staten. De skal ogs\u00e5 betale en del selv. Samlet budsjett for alle prosjektene er rundt 1,3 milliarder kroner.<\/p>\n<p>Kongsberg Maritime f\u00e5r st\u00f8tte<\/p>\n<p>Et av prosjektene har Kongsberg Maritime som prosjekteier. Prosjektet heter WINTEGRATE \u2013 Accelerating Maritime Decarbonization, og f\u00e5r innstilt inntil 68 millioner kroner.<\/p>\n<p>I prosjektet skal Kongsberg Maritime jobbe med \u00e5 f\u00e5 ned utslipp fra skip. Planen er \u00e5 akselerere maritim dekarbonisering ved \u00e5 integrere seilteknologi, kalt Wind Propulsion Systems, med skipets andre systemer. Prosjektet skal teste l\u00f8sninger b\u00e5de p\u00e5 skip som bygges om, og p\u00e5 nye skip. Det skal ogs\u00e5 utvikles digitale verkt\u00f8y og kompetanse.<\/p>\n<p>St\u00f8tte gjennom Gr\u00f8nn plattform<\/p>\n<p>Pengene deles ut gjennom ordningen Gr\u00f8nn plattform. Ordningen er finansiert av N\u00e6rings- og fiskeridepartementet, og blir administrert av Forskningsr\u00e5det, Innovasjon Norge og Siva.<\/p>\n<p>Forskningsr\u00e5dets administrerende direkt\u00f8r Mari Sundli Tveit sier at n\u00e6ringslivet er viktig for at Norge skal lykkes med gr\u00f8nn omstilling. Hun sier ogs\u00e5 at det trengs mer forskning og innovasjon i n\u00e6ringslivet.<\/p>\n<p>\u2013 N\u00e6ringslivet er avgj\u00f8rende for en vellykket gr\u00f8nn omstilling, og vi trenger mer forskning og innovasjon i n\u00e6ringslivet hvis vi skal lykkes. Disse 12 prosjektene vil gi viktige bidrag til dette, og jeg det er veldig positivt at vi kan st\u00f8tte de sammen med Siva og Innovasjon Norge, sier Sundli Tveit.<\/p>\n<p>  <a href=\"https:\/\/www.laagendalsposten.no\/5-64-1615581\" class=\"related-teaser has-image default-story-teaser article--c-eRUmMG article--c-eRUmMG-jKCPdD-design-default\" rel=\"nofollow noopener\" target=\"_blank\"><\/p>\n<p>    <img decoding=\"async\" loading=\"lazy\"  src=\"https:\/\/www.europesays.com\/no\/wp-content\/uploads\/2025\/12\/NTB_0XDw7xjmeHU.jpg\" alt=\"\" class=\"brick-c-cFOWSL\" style=\"\"\/><\/p>\n<p>\n            Les ogs\u00e5<\/p>\n<p>              Nye detaljer om Kongsberg Gruppen-splitten\n        <\/p>\n<p>  <\/a><\/p>\n<p>  <a href=\"https:\/\/www.laagendalsposten.no\/5-64-1597420\" class=\"related-teaser has-image default-story-teaser article--c-eRUmMG article--c-eRUmMG-jKCPdD-design-default\" rel=\"nofollow noopener\" target=\"_blank\"><\/p>\n<p>    <img decoding=\"async\" loading=\"lazy\"  src=\"https:\/\/www.europesays.com\/no\/wp-content\/uploads\/2025\/11\/KOG_2024.jpg\" alt=\"\" class=\"brick-c-cFOWSL\" style=\"\"\/><\/p>\n<p>\n            Les ogs\u00e5<\/p>\n<p>              Kongsberg Gruppen foresl\u00e5r \u00e5 splitte selskapet i to\n        <\/p>\n<p>  <\/a><\/p>\n<p>  <a href=\"https:\/\/www.laagendalsposten.no\/5-64-1597434\" class=\"related-teaser has-image default-story-teaser article--c-eRUmMG article--c-eRUmMG-jKCPdD-design-default\" rel=\"nofollow noopener\" target=\"_blank\"><\/p>\n<p>    <img decoding=\"async\" loading=\"lazy\"  src=\"https:\/\/www.europesays.com\/no\/wp-content\/uploads\/2025\/11\/5_64_1426300+GEIR+1.jpg\" alt=\"\" class=\"brick-c-cFOWSL\" style=\"\"\/><\/p>\n<p>\n            Les ogs\u00e5<\/p>\n<p>Kongsberg Gruppen fortsetter \u00e5 vokse \u2013 spesielt i forsvarsleveransene\n        <\/p>\n<p>  <\/a><\/p>\n<p>  <a href=\"https:\/\/www.laagendalsposten.no\/5-64-1597453\" class=\"related-teaser has-image default-story-teaser article--c-eRUmMG article--c-eRUmMG-jKCPdD-design-default\" rel=\"nofollow noopener\" target=\"_blank\"><\/p>\n<p>    <img decoding=\"async\" loading=\"lazy\"  src=\"https:\/\/www.europesays.com\/no\/wp-content\/uploads\/2025\/12\/H%C3%A5%C3%B8y+%284+av+16%29.JPG\" alt=\"\" class=\"brick-c-cFOWSL\" style=\"\"\/><\/p>\n<p>\n            Les ogs\u00e5<\/p>\n<p>              Kongsberg Gruppen deler seg i april neste \u00e5r \u2013 uten Geir H\u00e5\u00f8y i ledelsen\n        <\/p>\n<p>  <\/a><\/p>\n","protected":false},"excerpt":{"rendered":"N\u00e6ringsminister Cecilie Myrseth sier at m\u00e5let er at flere store forsknings- og innovasjonsprosjekter skal bli gjennomf\u00f8rt. \u2013 Dette&hellip;\n","protected":false},"author":2,"featured_media":92992,"comment_status":"","ping_status":"","sticky":false,"template":"","format":"standard","meta":{"footnotes":""},"categories":[56],"tags":[36,60,61,2885,2071,12108,304,6911,62,30,28,29,14,1510],"class_list":{"0":"post-117737","1":"post","2":"type-post","3":"status-publish","4":"format-standard","5":"has-post-thumbnail","7":"category-naeringsliv","8":"tag-art","9":"tag-business","10":"tag-economy","11":"tag-forskning","12":"tag-innovasjon","13":"tag-kog-kongsberg-gruppen","14":"tag-kongsberg-gruppen","15":"tag-kongsberg-maritime","16":"tag-naeringsliv","17":"tag-no","18":"tag-norge","19":"tag-norway","20":"tag-nyheter","21":"tag-story"},"share_on_mastodon":{"url":"https:\/\/pubeurope.com\/@no\/115747982525889250","error":""},"_links":{"self":[{"href":"https:\/\/www.europesays.com\/no\/wp-json\/wp\/v2\/posts\/117737","targetHints":{"allow":["GET"]}}],"collection":[{"href":"https:\/\/www.europesays.com\/no\/wp-json\/wp\/v2\/posts"}],"about":[{"href":"https:\/\/www.europesays.com\/no\/wp-json\/wp\/v2\/types\/post"}],"author":[{"embeddable":true,"href":"https:\/\/www.europesays.com\/no\/wp-json\/wp\/v2\/users\/2"}],"replies":[{"embeddable":true,"href":"https:\/\/www.europesays.com\/no\/wp-json\/wp\/v2\/comments?post=117737"}],"version-history":[{"count":0,"href":"https:\/\/www.europesays.com\/no\/wp-json\/wp\/v2\/posts\/117737\/revisions"}],"wp:featuredmedia":[{"embeddable":true,"href":"https:\/\/www.europesays.com\/no\/wp-json\/wp\/v2\/media\/92992"}],"wp:attachment":[{"href":"https:\/\/www.europesays.com\/no\/wp-json\/wp\/v2\/media?parent=117737"}],"wp:term":[{"taxonomy":"category","embeddable":true,"href":"https:\/\/www.europesays.com\/no\/wp-json\/wp\/v2\/categories?post=117737"},{"taxonomy":"post_tag","embeddable":true,"href":"https:\/\/www.europesays.com\/no\/wp-json\/wp\/v2\/tags?post=117737"}],"curies":[{"name":"wp","href":"https:\/\/api.w.org\/{rel}","templated":true}]}}