{"id":117738,"date":"2025-12-19T19:53:08","date_gmt":"2025-12-19T19:53:08","guid":{"rendered":"https:\/\/www.europesays.com\/no\/117738\/"},"modified":"2025-12-19T19:53:08","modified_gmt":"2025-12-19T19:53:08","slug":"reddit-tipser-avslorte-brown-skytterens-identitet-aftenposten","status":"publish","type":"post","link":"https:\/\/www.europesays.com\/no\/117738\/","title":{"rendered":"Reddit-tipser avsl\u00f8rte Brown-skytterens identitet &#8211; Aftenposten"},"content":{"rendered":"<ol>\n<li><a href=\"https:\/\/news.google.com\/rss\/articles\/CBMimAFBVV95cUxPOEZKV1U3US0ySUlDWHJBRTZaaWR0ZURZcmg2bnFveUN5VTVQbnpWdVFNa0FNZ2pZbm8zZUxWUVl0X3poaGJ0V1Q3ZlpyX285MmdvZUlxdzlJMFo4cUJxYV85ZG1uUlBIVnBDOXM2dy1FcUlPYUxfTkhYYmk2RDA0SHpWVlRKaUNmM3FlcWZpd0VXNGZTckF1WA?oc=5\" target=\"_blank\" rel=\"nofollow noopener\">Reddit-tipser avsl\u00f8rte Brown-skytterens identitet<\/a>&nbsp;&nbsp;Aftenposten<\/li>\n<li><a href=\"https:\/\/news.google.com\/rss\/articles\/CBMipwFBVV95cUxQWHFsTEJyZGpLQVpTVXdpcnBZYmEwcmlIWjRWSXFlYzJnQVFIem9qNGRrR2FTWTVCMFRqNnZyRU9SLWJiRk9DSm9SUFFxSWd5Q2lsSkRiSjF4VUg4bjdJYkRjNWtVSlNRVmtReFFRRzhlYms4dGtEc2g2Y1B0b19Ba1FNdHFGS3FvRjhfaWxWRFcwa1F4S3Q2enl3U2M2em5XUlNpQ1JZQQ?oc=5\" target=\"_blank\" rel=\"nofollow noopener\">Mistenkt etter skytingen p\u00e5 Brown-universitetet i USA er funnet d\u00f8d<\/a>&nbsp;&nbsp;VG<\/li>\n<li><a href=\"https:\/\/news.google.com\/rss\/articles\/CBMiugFBVV95cUxQMTVWVWQ5NHM0RDVwLWx6S2V2SmJ0d0RiVWctdkVzdXBPOWZuRWUyWWVNRjB1T0dENnV0WjROTnh6MHhqQ2VqZUQwQ1pvazhhd2EzSXphbTFjU2NydnFfbDFtQngtNTJJOG5vZEIzMDQ3SmdSVC1rMW9FWHNTOG5ydG5GYTNNTkEtTFVHTDlsSmNVcXE2VHZHUmdiQUhHMWJFaldHb3p4anoxV05hYjN1WlB1d0VXU25EdWc?oc=5\" target=\"_blank\" rel=\"nofollow noopener\">Mistenkt etter drapene p\u00e5 Brown-universitetet i USA er funnet d\u00f8d<\/a>&nbsp;&nbsp;adressa.no<\/li>\n<li><a href=\"https:\/\/news.google.com\/rss\/articles\/CBMifEFVX3lxTE9MaWxEakswaWhtSGdTby1DLWlKNkhSUlVuQ2xqZ184XzQxaU5RaTVpMkpPaHRwQTRqZnAxMU83aHI2ckFOQkp0ZEE1eGdOTHhaMkJLdENzc3JkaWRuVzljdkV0c3dJZVNZNnI4SV9qZUZObzFFVmxWUi1kNzI?oc=5\" target=\"_blank\" rel=\"nofollow noopener\">Overlevde enda en masseskyting<\/a>&nbsp;&nbsp;Dagbladet<\/li>\n<li><a href=\"https:\/\/news.google.com\/rss\/articles\/CBMilwFBVV95cUxOVDNsRjBESWxTWDN6RGZBWk9pYVVXanl5UVBOYzJBOVU4NjZsZWtVR2ZvVGZvQ0hxa1BMOGZhX2tNUXlwWWJ1ZnBaNWlkdlRCMFFGNkM0cHkyanZ5VzY5RnFkRmJ0YWxMcFpZMGJzcDVUWTM0dXM4TmpqZWRuMWVteFBKZnA2V1ljMnR5RHR5VlNGUDh0UjJV?oc=5\" target=\"_blank\" rel=\"nofollow noopener\">Skytingen ved Brown University \u2013 mistenkt mann funnet d\u00f8d<\/a>&nbsp;&nbsp;TV2.no<\/li>\n<\/ol>\n","protected":false},"excerpt":{"rendered":"Reddit-tipser avsl\u00f8rte Brown-skytterens identitet&nbsp;&nbsp;Aftenposten Mistenkt etter skytingen p\u00e5 Brown-universitetet i USA er funnet d\u00f8d&nbsp;&nbsp;VG Mistenkt etter drapene p\u00e5&hellip;\n","protected":false},"author":2,"featured_media":117739,"comment_status":"","ping_status":"","sticky":false,"template":"","format":"standard","meta":{"footnotes":""},"categories":[12],"tags":[20,21,24,25,15,22,23,13,30,28,29,14,16,26,27,42,43,44,45],"class_list":{"0":"post-117738","1":"post","2":"type-post","3":"status-publish","4":"format-standard","5":"has-post-thumbnail","7":"category-verden","8":"tag-breaking-news","9":"tag-breakingnews","10":"tag-featured-news","11":"tag-featurednews","12":"tag-headlines","13":"tag-latest-news","14":"tag-latestnews","15":"tag-news","16":"tag-no","17":"tag-norge","18":"tag-norway","19":"tag-nyheter","20":"tag-overskrifter","21":"tag-top-stories","22":"tag-topstories","23":"tag-verden","24":"tag-world","25":"tag-world-news","26":"tag-worldnews"},"share_on_mastodon":{"url":"https:\/\/pubeurope.com\/@no\/115747986134733137","error":""},"_links":{"self":[{"href":"https:\/\/www.europesays.com\/no\/wp-json\/wp\/v2\/posts\/117738","targetHints":{"allow":["GET"]}}],"collection":[{"href":"https:\/\/www.europesays.com\/no\/wp-json\/wp\/v2\/posts"}],"about":[{"href":"https:\/\/www.europesays.com\/no\/wp-json\/wp\/v2\/types\/post"}],"author":[{"embeddable":true,"href":"https:\/\/www.europesays.com\/no\/wp-json\/wp\/v2\/users\/2"}],"replies":[{"embeddable":true,"href":"https:\/\/www.europesays.com\/no\/wp-json\/wp\/v2\/comments?post=117738"}],"version-history":[{"count":0,"href":"https:\/\/www.europesays.com\/no\/wp-json\/wp\/v2\/posts\/117738\/revisions"}],"wp:featuredmedia":[{"embeddable":true,"href":"https:\/\/www.europesays.com\/no\/wp-json\/wp\/v2\/media\/117739"}],"wp:attachment":[{"href":"https:\/\/www.europesays.com\/no\/wp-json\/wp\/v2\/media?parent=117738"}],"wp:term":[{"taxonomy":"category","embeddable":true,"href":"https:\/\/www.europesays.com\/no\/wp-json\/wp\/v2\/categories?post=117738"},{"taxonomy":"post_tag","embeddable":true,"href":"https:\/\/www.europesays.com\/no\/wp-json\/wp\/v2\/tags?post=117738"}],"curies":[{"name":"wp","href":"https:\/\/api.w.org\/{rel}","templated":true}]}}