{"id":117744,"date":"2025-12-19T20:04:11","date_gmt":"2025-12-19T20:04:11","guid":{"rendered":"https:\/\/www.europesays.com\/no\/117744\/"},"modified":"2025-12-19T20:04:11","modified_gmt":"2025-12-19T20:04:11","slug":"palegger-aldersgrense-pa-sexleketoy","status":"publish","type":"post","link":"https:\/\/www.europesays.com\/no\/117744\/","title":{"rendered":"P\u00e5legger aldersgrense p\u00e5 sexleket\u00f8y"},"content":{"rendered":"\n<p class=\"_lead_o9xde_2 _lead_xtcu6_50 layout-component text-serif-m layout-normal text-serif-l layout-component layout-wide layout-padded _wide_17hqh_1 layout-padded\">En domstol i Paris har beordret en netthandelstjeneste \u00e5 sette aldersgrense p\u00e5 sexleket\u00f8y, melder Reuters.<\/p>\n<p><img alt=\"If\u00f8lge franske myndigheter skal Shein ha solgt barnelignende sexleket\u00f8y p\u00e5 sine netthandelsider.  Foto: JULIE SEBADELHA \/ AFP \/ NTB\" class=\"_image_qp4xg_65 layout-component layout-wide\" data-fullscreen- data-track-element-type=\"Article image fullscreen\" data-track-name=\"ImageFullscreen\" fetchpriority=\"high\" decoding=\"sync\" loading=\"eager\" height=\"5295\" itemprop=\"image\"  src=\"https:\/\/www.europesays.com\/no\/wp-content\/uploads\/2025\/12\/0a3f61b4-0c87-42d9-a310-438a45114f7f\"  style=\"object-position:0% 0%\" width=\"7942\"\/>If\u00f8lge franske myndigheter skal Shein ha solgt barnelignende sexleket\u00f8y p\u00e5 sine netthandelsider.  Foto: JULIE SEBADELHA \/ AFP \/ NTB<\/p>\n<ul aria-hidden=\"true\" class=\"_images_ntbth_112\">\n<li><a class=\"_link_ntbth_117\" href=\"https:\/\/www.vg.no\/forfatter\/joern-e-kaalstad\" style=\"z-index:1\" title=\"J\u00f8rn E. Kaalstad\" rel=\"nofollow noopener\" target=\"_blank\"><img alt=\"Bilde av J\u00f8rn E. Kaalstad\" class=\"_image_ntbth_93\" fetchpriority=\"low\" loading=\"lazy\" decoding=\"async\" itemprop=\"image\"  src=\"https:\/\/www.europesays.com\/no\/wp-content\/uploads\/2025\/12\/1766174649_661_669373df-e8fd-4864-880f-5035f6f30b0b\"  width=\"480\"\/><\/a><\/li>\n<\/ul>\n<p> Oppdatert fredag 19. desember kl. 20:33    <\/p>\n<ul class=\"_list_o9xde_3 _list_64s2r_85 _unordered_o9xde_106 text-sans-m\">\n<li class=\"_item_o9xde_30\">En domstol i Paris beordrer netthandelstjenesten Shein til \u00e5 sette aldersgrense p\u00e5 sexleket\u00f8y.<\/li>\n<li class=\"_item_o9xde_30\">Shein m\u00e5 iverksette aldersverifisering innen 19. desember eller betale bot p\u00e5 10 000 Euro per brudd.<\/li>\n<li class=\"_item_o9xde_30\">Shein har solgt barnelignende sexdukker, if\u00f8lge franske myndigheter.<\/li>\n<\/ul>\n<p>Vis mer <\/p>\n<p class=\"_paragraph_o9xde_4 _paragraph_xtcu6_10 layout-component text-serif-m layout-normal text-serif-m layout-padded\">Domstolen har p\u00e5lagt netthandelstjeneste Shein \u00e5 iverksette aldersverifiseringstiltak for alle voksenprodukter som selges p\u00e5 gjennom deres nettsider innen fredag 19. desember. <\/p>\n<p class=\"_paragraph_o9xde_4 _paragraph_xtcu6_10 layout-component text-serif-m layout-normal text-serif-m layout-padded\">Alternativet er en bot p\u00e5 10.000 Euro (119.000 NOK) for ethvert brudd.<\/p>\n<p class=\"_paragraph_o9xde_4 _paragraph_xtcu6_10 layout-component text-serif-m layout-normal text-serif-m layout-padded\">Bakgrunnen for p\u00e5legget er at Shein, if\u00f8lge franske myndigheter, har hatt \u00abbarnelignende sexdukker\u00bb til salgs p\u00e5 nettstedet sitt, if\u00f8lge Reuters.<\/p>\n<p class=\"_paragraph_o9xde_4 _paragraph_xtcu6_10 layout-component text-serif-m layout-normal text-serif-m layout-padded\">Den franske regjeringen ba om at Sheins nettsted skulle suspenderes i tre m\u00e5neder, men retten avviste kravet som \u00abuforholdsmessig\u00bb.<\/p>\n<p class=\"_paragraph_o9xde_4 _paragraph_xtcu6_10 layout-component text-serif-m layout-normal text-serif-m layout-padded\">\u2013 Vi \u00f8nsker denne avgj\u00f8relsen velkommen. Vi er fortsatt forpliktet til kontinuerlig \u00e5 forbedre v\u00e5re kontrollprosesser, i n\u00e6rt samarbeid med franske myndigheter, sier en talsperson for Shein i en uttalelse etter avgj\u00f8relsen.<\/p>\n<p class=\"_paragraph_o9xde_4 _paragraph_xtcu6_10 layout-component text-serif-m layout-normal text-serif-m layout-padded\">Shein har v\u00e6rt i sentrum for en skandale siden Frankrikes forbrukertilsyn fant forbudte v\u00e5pen og sexdukker som lignet barn til salgs p\u00e5 Sheins nettsider. Det f\u00f8rte til at myndighetene fors\u00f8kte \u00e5 suspendere plattformen gjennom en rettsprosess som startet 5. november.<\/p>\n<p>    <img decoding=\"async\" alt=\"Tips oss illustrasjon\" src=\"https:\/\/www.europesays.com\/no\/wp-content\/uploads\/2025\/10\/pssst-small.webp.webp\"\/>    <\/p>\n<p class=\"title-serif-s\">Har du tips?<\/p>\n<p class=\"text-sans-m\">Send oss informasjon, bilder eller video.<\/p>\n<p>  <a href=\"https:\/\/www.vg.no\/tips-oss\" rel=\"nofollow noopener\" target=\"_blank\"> Tips oss <\/a>      <\/p>\n","protected":false},"excerpt":{"rendered":"En domstol i Paris har beordret en netthandelstjeneste \u00e5 sette aldersgrense p\u00e5 sexleket\u00f8y, melder Reuters. If\u00f8lge franske myndigheter&hellip;\n","protected":false},"author":2,"featured_media":117745,"comment_status":"","ping_status":"","sticky":false,"template":"","format":"standard","meta":{"footnotes":""},"categories":[12],"tags":[31,20,21,24,25,15,22,23,13,30,28,29,14,16,3140,26,27,42,43,44,45],"class_list":{"0":"post-117744","1":"post","2":"type-post","3":"status-publish","4":"format-standard","5":"has-post-thumbnail","7":"category-verden","8":"tag-breaking","9":"tag-breaking-news","10":"tag-breakingnews","11":"tag-featured-news","12":"tag-featurednews","13":"tag-headlines","14":"tag-latest-news","15":"tag-latestnews","16":"tag-news","17":"tag-no","18":"tag-norge","19":"tag-norway","20":"tag-nyheter","21":"tag-overskrifter","22":"tag-paris","23":"tag-top-stories","24":"tag-topstories","25":"tag-verden","26":"tag-world","27":"tag-world-news","28":"tag-worldnews"},"share_on_mastodon":{"url":"https:\/\/pubeurope.com\/@no\/115748029606682081","error":""},"_links":{"self":[{"href":"https:\/\/www.europesays.com\/no\/wp-json\/wp\/v2\/posts\/117744","targetHints":{"allow":["GET"]}}],"collection":[{"href":"https:\/\/www.europesays.com\/no\/wp-json\/wp\/v2\/posts"}],"about":[{"href":"https:\/\/www.europesays.com\/no\/wp-json\/wp\/v2\/types\/post"}],"author":[{"embeddable":true,"href":"https:\/\/www.europesays.com\/no\/wp-json\/wp\/v2\/users\/2"}],"replies":[{"embeddable":true,"href":"https:\/\/www.europesays.com\/no\/wp-json\/wp\/v2\/comments?post=117744"}],"version-history":[{"count":0,"href":"https:\/\/www.europesays.com\/no\/wp-json\/wp\/v2\/posts\/117744\/revisions"}],"wp:featuredmedia":[{"embeddable":true,"href":"https:\/\/www.europesays.com\/no\/wp-json\/wp\/v2\/media\/117745"}],"wp:attachment":[{"href":"https:\/\/www.europesays.com\/no\/wp-json\/wp\/v2\/media?parent=117744"}],"wp:term":[{"taxonomy":"category","embeddable":true,"href":"https:\/\/www.europesays.com\/no\/wp-json\/wp\/v2\/categories?post=117744"},{"taxonomy":"post_tag","embeddable":true,"href":"https:\/\/www.europesays.com\/no\/wp-json\/wp\/v2\/tags?post=117744"}],"curies":[{"name":"wp","href":"https:\/\/api.w.org\/{rel}","templated":true}]}}