{"id":117746,"date":"2025-12-19T20:05:37","date_gmt":"2025-12-19T20:05:37","guid":{"rendered":"https:\/\/www.europesays.com\/no\/117746\/"},"modified":"2025-12-19T20:05:37","modified_gmt":"2025-12-19T20:05:37","slug":"gautefall-naeringsliv-utsetter-apningen-krysser-fingrene","status":"publish","type":"post","link":"https:\/\/www.europesays.com\/no\/117746\/","title":{"rendered":"Gautefall, N\u00e6ringsliv | Utsetter \u00e5pningen: \u2013 Krysser fingrene"},"content":{"rendered":"\n<p>Gautefall Skisenter utsetter sesong\u00e5pningen. Opprinnelig var planen \u00e5 \u00e5pne senteret 20. desember.<\/p>\n<p>\u2013 Vi har lagt ned mye arbeid i anlegget og gjort alt vi kan for \u00e5 v\u00e6re klare til sesongstart. Mildv\u00e6r, regn og skiftende forhold har dessverre gjort det utfordrende, og vi m\u00e5 derfor vente p\u00e5 mer stabile kuldegrader, skriver Gautefall Skisenter p\u00e5 Instagram.<\/p>\n<p>  <a href=\"https:\/\/www.drangedalsposten.no\/5-164-46022\" class=\"related-teaser has-image default-story-teaser article--c-eRUmMG article--c-eRUmMG-jKCPdD-design-default\" rel=\"nofollow noopener\" target=\"_blank\"><\/p>\n<p>    <img decoding=\"async\" loading=\"lazy\"  src=\"https:\/\/www.europesays.com\/no\/wp-content\/uploads\/2025\/12\/image_0DB76FEE-0E10-4B69-84C3-BD2EC1B63F75_1765885598.jpeg\" alt=\"\" class=\"brick-c-cFOWSL\" style=\"\"\/><\/p>\n<p>\n            Les ogs\u00e5<\/p>\n<p>              Det siste politiske m\u00e5ltid\n        <\/p>\n<p>  <\/a><\/p>\n<p>Dermed utsettes den planlagt \u00e5pningen p\u00e5 ubestemt tid.<\/p>\n<p>\u2013 Det er meldt kaldere v\u00e6r over helgen, noe som vil bedre forholdene betydelig. Vi kommer tilbake med oppdatert informasjon s\u00e5 snart situasjonen tillater det, melder skisenteret videre. <\/p>\n<p>Linn Roalstad er ansvarlig for sn\u00f8produksjon i skisenteret. Hun h\u00e5per minusgradene kommer fort tilbake. <\/p>\n<p>\u2013 Vi h\u00e5per \u00e5 kunne starte opp igjen sn\u00f8produksjonen s\u00e5 fort som mulig, sier hun til Drangedalsposten. <\/p>\n<p>  <a href=\"https:\/\/www.drangedalsposten.no\/5-164-46024\" class=\"related-teaser has-image default-story-teaser article--c-eRUmMG article--c-eRUmMG-jKCPdD-design-default\" rel=\"nofollow noopener\" target=\"_blank\"><\/p>\n<p>    <img decoding=\"async\" loading=\"lazy\"  src=\"https:\/\/www.europesays.com\/no\/wp-content\/uploads\/2025\/12\/image_3E334863-E408-4E82-8E72-151DFAA80B76_1765885390.jpeg\" alt=\"\" class=\"brick-c-cFOWSL\" style=\"\"\/><\/p>\n<p>\n            Les ogs\u00e5<\/p>\n<p>              Avvikler deler av drifta: \u2013 Vil bli savnet\n        <\/p>\n<p>  <\/a><\/p>\n","protected":false},"excerpt":{"rendered":"Gautefall Skisenter utsetter sesong\u00e5pningen. Opprinnelig var planen \u00e5 \u00e5pne senteret 20. desember. \u2013 Vi har lagt ned mye&hellip;\n","protected":false},"author":2,"featured_media":116593,"comment_status":"","ping_status":"","sticky":false,"template":"","format":"standard","meta":{"footnotes":""},"categories":[10],"tags":[14166,36,20,21,24,25,14054,15,22,23,62,13,30,28,29,14,16,14055,1510,26,27],"class_list":{"0":"post-117746","1":"post","2":"type-post","3":"status-publish","4":"format-standard","5":"has-post-thumbnail","7":"category-norge","8":"tag-apning","9":"tag-art","10":"tag-breaking-news","11":"tag-breakingnews","12":"tag-featured-news","13":"tag-featurednews","14":"tag-gautefall","15":"tag-headlines","16":"tag-latest-news","17":"tag-latestnews","18":"tag-naeringsliv","19":"tag-news","20":"tag-no","21":"tag-norge","22":"tag-norway","23":"tag-nyheter","24":"tag-overskrifter","25":"tag-skisenter","26":"tag-story","27":"tag-top-stories","28":"tag-topstories"},"share_on_mastodon":{"url":"https:\/\/pubeurope.com\/@no\/115748033459876339","error":""},"_links":{"self":[{"href":"https:\/\/www.europesays.com\/no\/wp-json\/wp\/v2\/posts\/117746","targetHints":{"allow":["GET"]}}],"collection":[{"href":"https:\/\/www.europesays.com\/no\/wp-json\/wp\/v2\/posts"}],"about":[{"href":"https:\/\/www.europesays.com\/no\/wp-json\/wp\/v2\/types\/post"}],"author":[{"embeddable":true,"href":"https:\/\/www.europesays.com\/no\/wp-json\/wp\/v2\/users\/2"}],"replies":[{"embeddable":true,"href":"https:\/\/www.europesays.com\/no\/wp-json\/wp\/v2\/comments?post=117746"}],"version-history":[{"count":0,"href":"https:\/\/www.europesays.com\/no\/wp-json\/wp\/v2\/posts\/117746\/revisions"}],"wp:featuredmedia":[{"embeddable":true,"href":"https:\/\/www.europesays.com\/no\/wp-json\/wp\/v2\/media\/116593"}],"wp:attachment":[{"href":"https:\/\/www.europesays.com\/no\/wp-json\/wp\/v2\/media?parent=117746"}],"wp:term":[{"taxonomy":"category","embeddable":true,"href":"https:\/\/www.europesays.com\/no\/wp-json\/wp\/v2\/categories?post=117746"},{"taxonomy":"post_tag","embeddable":true,"href":"https:\/\/www.europesays.com\/no\/wp-json\/wp\/v2\/tags?post=117746"}],"curies":[{"name":"wp","href":"https:\/\/api.w.org\/{rel}","templated":true}]}}