{"id":117749,"date":"2025-12-19T20:12:52","date_gmt":"2025-12-19T20:12:52","guid":{"rendered":"https:\/\/www.europesays.com\/no\/117749\/"},"modified":"2025-12-19T20:12:52","modified_gmt":"2025-12-19T20:12:52","slug":"derfor-far-du-dette-varselet-pa-tiktok-dette-betyr-det","status":"publish","type":"post","link":"https:\/\/www.europesays.com\/no\/117749\/","title":{"rendered":"Derfor f\u00e5r du dette varselet p\u00e5 TikTok: Dette betyr det"},"content":{"rendered":"<p class=\"kicker text-red color_mobile_text-red\" style=\"\">TikTok:\u00a0<\/p>\n<p>  TikTok ble b\u00f8telagt og p\u00e5lagt \u00e5 slutte. Likevel f\u00e5r de fortsette som f\u00f8r.<\/p>\n<p>\n    FORTSETTER: TikTok fortsetter \u00e5 overf\u00f8re brukerdataen din til Kina, i p\u00e5vente av rettssaken som avgj\u00f8r om det er ulovlig eller ikke. Foto: Saeed KHAN \/ AFP \/ NTB\n  <\/p>\n<p>I april fikk TikTok en bot fra EU p\u00e5 530 millioner dollar,\u00a06,2 milliarder kroner, for \u00e5 ha sendt E\u00d8S-brukerdata til Kina.\u00a0<\/p>\n<p>I tillegg fikk de et p\u00e5legg om \u00e5 stoppe overf\u00f8ringene. Det har de imidlertid ikke gjort.\u00a0<\/p>\n<p>    <a itemprop=\"url\" href=\"https:\/\/sol.no\/nyheter\/bud-forfalsket-signatur-en-alvorlig-sak\/83995861\" rel=\"nofollow noopener\" target=\"_blank\"><\/p>\n<p>        <img loading=\"lazy\" decoding=\"async\" src=\"https:\/\/www.europesays.com\/no\/wp-content\/uploads\/2025\/12\/83997889.webp\" width=\"980\" height=\"441\" title=\"Bud forfalsket signatur: - Alvorlig\" alt=\"\" class=\"lazyload\" style=\"--aspect-ratio-image: 2.22; \"\/><\/p>\n<p>        Bud forfalsket signatur: &#8211; Alvorlig<\/p>\n<p>sol.no<\/p>\n<p>    <\/a><\/p>\n<p>Tobias Judin i Datatilsynet sier til Sol at dette skyldes at TikTok har anket b\u00e5de boten og p\u00e5legget til irske domstoler, da de mener at de ikke har gjort noe ulovlig.\u00a0<\/p>\n<p>        <img loading=\"lazy\" decoding=\"async\" itemprop=\"image\" src=\"https:\/\/www.europesays.com\/no\/wp-content\/uploads\/2025\/12\/84001513.webp\" width=\"180\" height=\"180\" alt=\"Tobias Judin\"\/><\/p>\n<p>            Tobias Judin<br \/>\n            Tobias<br \/>\n            Judin        <\/p>\n<p>Seksjonssjef, internasjonal seksjon i Datatilsynet<\/p>\n<p>F\u00e5r fortsette overf\u00f8ringene\t<\/p>\n<p>I p\u00e5vente av rettssaken som sannsynligvis vil finne sted v\u00e5ren 2026, har TikTok bedt den irske personvernkommisjonen (DPC) om en s\u00e5kalt midlertidig forf\u00f8yning &#8211; alts\u00e5 at de kan fortsette \u00e5 overf\u00f8re personopplysninger til Kina inntil rettssaken er avgjort, forteller Judin.\u00a0<\/p>\n<p>&#8211; De har n\u00e5 f\u00e5tt medhold i denne foresp\u00f8rselen, men domstolen har satt som vilk\u00e5r at de m\u00e5 informere brukerne. Dette er grunnen til at folk n\u00e5 f\u00e5r opp disse varslene.\u00a0<\/p>\n<p>        <img loading=\"lazy\" decoding=\"async\" src=\"https:\/\/www.europesays.com\/no\/wp-content\/uploads\/2025\/12\/84001540.webp\" width=\"667\" height=\"848\" title=\"Har du TikTok? Da vil denne meldingen dukke opp p\u00e5 skjermen en gang du scroller. Foto: Skjermdump \/ Privat\" alt=\"\" class=\"\" style=\"--aspect-ratio-image: 0.79; \"\/><\/p>\n<p>\n        Har du TikTok? Da vil denne meldingen dukke opp p\u00e5 skjermen en gang du scroller. Foto: Skjermdump \/ Privat\n    <\/p>\n<p>Lukasz Lindell, senior policy- og kommunikasjonsleder i TikTok Norden bekrefter til Sol at meldingen utelukkende er et juridisk krav som f\u00f8lge av prosessen knyttet til midlertidig forf\u00f8yning.\u00a0<\/p>\n<p>TikTok fortsetter \u00e5 fungere som normalt og i praksis vil ingenting endres for brukerne, if\u00f8lge Lindell.\u00a0<\/p>\n<p>Dette betyr det\u00a0\t<\/p>\n<p>Men hva betyr dette egentlig, lurer du kanskje p\u00e5?<\/p>\n<p>Jo &#8211; helt konkret betyr det at TikTok-personell i Kina har tilgang til personopplysninger om brukere i E\u00d8S &#8211; alts\u00e5 deg om du har TikTok-bruker.\u00a0<\/p>\n<p>&#8211;\u00a0Datatilsynene i Europa mener at dette ikke er lovlig fordi det potensielt kan gi kinesiske myndigheter tilgang til dataene, mens TikTok insisterer p\u00e5 at de aldri har utlevert dataene til kinesiske myndigheter, sier Judin.<\/p>\n<p>    <a itemprop=\"url\" href=\"https:\/\/sol.no\/nyheter\/mener-dette-hjelper-rakjorere-en-legitim-bekymring\/83878655\" rel=\"nofollow noopener\" target=\"_blank\"><\/p>\n<p>        <img loading=\"lazy\" decoding=\"async\" src=\"https:\/\/www.europesays.com\/no\/wp-content\/uploads\/2025\/12\/83971196.webp\" width=\"147\" height=\"109\" title=\"Mener dette hjelper r\u00e5kj\u00f8rere: - En legitim bekymring\" alt=\"\" class=\"lazyload\" style=\"--aspect-ratio-image: 1.35; \"\/><\/p>\n<p>        Mener dette hjelper r\u00e5kj\u00f8rere: &#8211; En legitim bekymring<\/p>\n<p>sol.no<\/p>\n<p>    <\/a><\/p>\n<p>TikTok sitter p\u00e5 veldig mye informasjon om brukerne sine.<\/p>\n<p>&#8211; Hele poenget med appen er jo \u00e5 personalisere hvilke videoer brukerne ser, og dermed vet TikTok-algoritmen \u00abalt\u00bb om interessene deres og hva som engasjerer dem \u2013 og ut fra det kan man potensielt utlede brukernes politiske syn, religion og s\u00e5 videre.\u00a0<\/p>\n<p>Dessuten har mange gitt appen tilgang til for eksempel bilder, videoer og kontakter.\u00a0<\/p>\n<p>&#8211; Samtidig er det veldig vanskelig \u00e5 forutse om disse dataene faktisk vil utleveres til kinesiske myndigheter i fremtiden, avslutter Judin i Datatilsynet.\u00a0<\/p>\n<p>    <a itemprop=\"url\" href=\"https:\/\/sol.no\/nyheter\/fotball-europa-i-sorg\/84007224\" rel=\"nofollow noopener\" target=\"_blank\"><\/p>\n<p>        <img loading=\"lazy\" decoding=\"async\" src=\"https:\/\/www.europesays.com\/no\/wp-content\/uploads\/2025\/12\/84007233.webp\" width=\"980\" height=\"441\" title=\"Fotball-Europa i sorg\" alt=\"\" class=\"lazyload\" style=\"--aspect-ratio-image: 2.22; \"\/><\/p>\n<p>        Fotball-Europa i sorg<\/p>\n<p>sol.no<\/p>\n<p>    <\/a><\/p>\n<p>Dette svarer TikTok\t<\/p>\n<p>Sol stilte f\u00f8lgende sp\u00f8rsm\u00e5l til TikTok:\u00a0<\/p>\n<p class=\"italic m-italic\" data-lab-italic=\"italic\">&#8211; Hvilke E\u00d8S-brukerdata er tilgjengelige for TikTok-ansatte i Kina?<\/p>\n<p class=\"italic m-italic\" data-lab-italic=\"italic\">&#8211; Hvordan sikres det at kinesiske myndigheter ikke f\u00e5r tilgang til brukerdataen?<\/p>\n<p class=\"italic m-italic\" data-lab-italic=\"italic\">&#8211; Hva betyr den midlertidige forf\u00f8yningen for brukerne?<\/p>\n<p>    <a itemprop=\"url\" href=\"https:\/\/sol.no\/nyheter\/advarer-lovlig-men-ikke-trygt\/83236314\" rel=\"nofollow noopener\" target=\"_blank\"><\/p>\n<p>        <img loading=\"lazy\" decoding=\"async\" src=\"https:\/\/www.europesays.com\/no\/wp-content\/uploads\/2025\/12\/83241375.webp\" width=\"980\" height=\"441\" title=\"Advarer: - Lovlig, men ikke trygt\" alt=\"\" class=\"lazyload\" style=\"--aspect-ratio-image: 2.22; \"\/><\/p>\n<p>        Advarer: &#8211; Lovlig, men ikke trygt <\/p>\n<p>sol.no<\/p>\n<p>    <\/a><\/p>\n<p class=\"italic m-italic\" data-lab-italic=\"italic\">&#8211; Hvorfor er det viktig for TikTok \u00e5 f\u00e5 fortsette med dette?<\/p>\n<p class=\"italic m-italic\" data-lab-italic=\"italic\">&#8211; Hva med brukerne som ikke samtykker til dette? Kan de ikke lenger bruke appen?<\/p>\n<p class=\"no_italic m-no_italic\" data-lab-italic=\"\">\u00a0Lindell svarer f\u00f8lgende til Sol:\u00a0<\/p>\n<p>&#8211; Europeiske brukerdata er fortsatt beskyttet gjennom v\u00e5rt Project Clover, en investering p\u00e5 12 milliarder euro, som gir noen av de sterkeste personvernmekanismene i verden.<\/p>\n","protected":false},"excerpt":{"rendered":"TikTok:\u00a0 TikTok ble b\u00f8telagt og p\u00e5lagt \u00e5 slutte. Likevel f\u00e5r de fortsette som f\u00f8r. FORTSETTER: TikTok fortsetter \u00e5&hellip;\n","protected":false},"author":2,"featured_media":117750,"comment_status":"","ping_status":"","sticky":false,"template":"","format":"standard","meta":{"footnotes":""},"categories":[12],"tags":[20,21,8265,24,25,15,22,23,724,13,30,28,29,14,16,2046,26,27,42,43,44,45],"class_list":{"0":"post-117749","1":"post","2":"type-post","3":"status-publish","4":"format-standard","5":"has-post-thumbnail","7":"category-verden","8":"tag-breaking-news","9":"tag-breakingnews","10":"tag-eos","11":"tag-featured-news","12":"tag-featurednews","13":"tag-headlines","14":"tag-latest-news","15":"tag-latestnews","16":"tag-livsstil","17":"tag-news","18":"tag-no","19":"tag-norge","20":"tag-norway","21":"tag-nyheter","22":"tag-overskrifter","23":"tag-tiktok","24":"tag-top-stories","25":"tag-topstories","26":"tag-verden","27":"tag-world","28":"tag-world-news","29":"tag-worldnews"},"share_on_mastodon":{"url":"https:\/\/pubeurope.com\/@no\/115748065120267061","error":""},"_links":{"self":[{"href":"https:\/\/www.europesays.com\/no\/wp-json\/wp\/v2\/posts\/117749","targetHints":{"allow":["GET"]}}],"collection":[{"href":"https:\/\/www.europesays.com\/no\/wp-json\/wp\/v2\/posts"}],"about":[{"href":"https:\/\/www.europesays.com\/no\/wp-json\/wp\/v2\/types\/post"}],"author":[{"embeddable":true,"href":"https:\/\/www.europesays.com\/no\/wp-json\/wp\/v2\/users\/2"}],"replies":[{"embeddable":true,"href":"https:\/\/www.europesays.com\/no\/wp-json\/wp\/v2\/comments?post=117749"}],"version-history":[{"count":0,"href":"https:\/\/www.europesays.com\/no\/wp-json\/wp\/v2\/posts\/117749\/revisions"}],"wp:featuredmedia":[{"embeddable":true,"href":"https:\/\/www.europesays.com\/no\/wp-json\/wp\/v2\/media\/117750"}],"wp:attachment":[{"href":"https:\/\/www.europesays.com\/no\/wp-json\/wp\/v2\/media?parent=117749"}],"wp:term":[{"taxonomy":"category","embeddable":true,"href":"https:\/\/www.europesays.com\/no\/wp-json\/wp\/v2\/categories?post=117749"},{"taxonomy":"post_tag","embeddable":true,"href":"https:\/\/www.europesays.com\/no\/wp-json\/wp\/v2\/tags?post=117749"}],"curies":[{"name":"wp","href":"https:\/\/api.w.org\/{rel}","templated":true}]}}