{"id":117753,"date":"2025-12-19T20:31:16","date_gmt":"2025-12-19T20:31:16","guid":{"rendered":"https:\/\/www.europesays.com\/no\/117753\/"},"modified":"2025-12-19T20:31:16","modified_gmt":"2025-12-19T20:31:16","slug":"tennistalentet-nicolai-budkov-kjaer-klar-for-semifinale-i-prestisjeturnering","status":"publish","type":"post","link":"https:\/\/www.europesays.com\/no\/117753\/","title":{"rendered":"Tennistalentet Nicolai Budkov Kj\u00e6r klar for semifinale i prestisjeturnering"},"content":{"rendered":"\n<p class=\"_lead_o9xde_2 _lead_xtcu6_50 layout-component text-serif-m layout-normal text-serif-l layout-component layout-wide layout-padded _wide_17hqh_1 layout-padded\">Nicolai Budkov Kj\u00e6r sikret semifinalebillett, men fikk det deretter t\u00f8ft og tapte for Learner Tien i siste puljekamp i NextGen-sluttspillet i Saudi-Arabia.<\/p>\n<p><img alt=\"Nicolai Budkov Kj\u00e6r avbildet under en kamp tidligere i \u00e5r.&#10;Foto: Lise \u00c5serud \/ NTB\" class=\"_image_qp4xg_65 layout-component layout-wide\" data-fullscreen- data-track-element-type=\"Article image fullscreen\" data-track-name=\"ImageFullscreen\" fetchpriority=\"high\" decoding=\"sync\" loading=\"eager\" height=\"3725\" itemprop=\"image\"  src=\"https:\/\/www.europesays.com\/no\/wp-content\/uploads\/2025\/12\/3123a264-fb03-498a-bc90-f03d4b66da17\"  style=\"object-position:0% 0%\" width=\"5193\"\/>Nicolai Budkov Kj\u00e6r avbildet under en kamp tidligere i \u00e5r.<br \/>\nFoto: Lise \u00c5serud \/ NTB<\/p>\n<ul aria-hidden=\"true\" class=\"_images_ntbth_112\">\n<li><a class=\"_link_ntbth_117\" href=\"https:\/\/www.vg.no\/forfatter\/ntb\" style=\"z-index:1\" title=\"NTB\" rel=\"nofollow noopener\" target=\"_blank\"><img alt=\"Bilde av NTB\" class=\"_image_ntbth_93\" fetchpriority=\"low\" loading=\"lazy\" decoding=\"async\" itemprop=\"image\"  src=\"https:\/\/www.europesays.com\/no\/wp-content\/uploads\/2025\/12\/1766176276_103_c33980b0-5d07-4027-84a1-813f90a7c8d6\"  width=\"480\"\/><\/a><\/li>\n<\/ul>\n<p> Oppdatert fredag 19. desember kl. 21:23     <\/p>\n<p class=\"_paragraph_o9xde_4 _paragraph_xtcu6_10 layout-component text-serif-m layout-normal text-serif-m layout-padded\">Kj\u00e6r var f\u00f8r fredagens siste kamp i puljespillet n\u00e6r plass i semifinalen, men han m\u00e5tte unng\u00e5 tap i tre strake sett mot amerikanske Tien.<\/p>\n<p class=\"_paragraph_o9xde_4 _paragraph_xtcu6_10 layout-component text-serif-m layout-normal text-serif-m layout-padded\">Der slo Kj\u00e6r til med seier i det f\u00f8rste settet, og dermed var semifinalebilletten i boks. I etterkant tok hans amerikanske motstander mer over kampen og snudde til seier. Kj\u00e6r tapte med settsifrene 4-3 (7-2), 1-4, 2-4, 2-4.<\/p>\n<p class=\"_paragraph_o9xde_4 _paragraph_xtcu6_10 layout-component text-serif-m layout-normal text-serif-m layout-padded\">Aldri f\u00f8r har en nordmann tatt seg til semifinale i turneringen som samler de beste tennistalentene i verden. Kj\u00e6r ble nummer to i gruppen bak Tien og skal opp mot belgiske Alexander Blockx i semifinalen l\u00f8rdag.<\/p>\n<p class=\"_paragraph_o9xde_4 _paragraph_xtcu6_10 layout-component text-serif-m layout-normal text-serif-m layout-padded\">\u2013 Det er fantastisk det han har vist fram s\u00e5 langt, sa TV 2-kommentator Sverre Krogh Sundb\u00f8 om Kj\u00e6r underveis.<\/p>\n<p class=\"_paragraph_o9xde_4 _paragraph_xtcu6_10 layout-component text-serif-m layout-normal text-serif-m layout-padded\">H\u00f8yt p\u00e5 rankingen<\/p>\n<p class=\"_paragraph_o9xde_4 _paragraph_xtcu6_10 layout-component text-serif-m layout-normal text-serif-m layout-padded\">Men s\u00e5 gikk det tr\u00e5ere mot f\u00f8rsteseedede Tien.<\/p>\n<p class=\"_paragraph_o9xde_4 _paragraph_xtcu6_10 layout-component text-serif-m layout-normal text-serif-m layout-padded\">Tien er helt oppe p\u00e5 28.-plass i verdensrankingen, men tapte overraskende for spanske Rafael Jodar i f\u00f8rste kamp. Dermed m\u00e5tte han sl\u00e5 Kj\u00e6r i tre eller fire sett for \u00e5 sikre semifinaleplass. Det klarte han.<\/p>\n<p class=\"_paragraph_o9xde_4 _paragraph_xtcu6_10 layout-component text-serif-m layout-normal text-serif-m layout-padded\">Reglene i sluttspillet skiller seg litt fra vanlige ATP-turneringer. I NextGen-sluttspillet er det best av fem sett, der hvert sett blir vunnet ved \u00e5 komme f\u00f8rst opp til fire games.<\/p>\n<p class=\"_paragraph_o9xde_4 _paragraph_xtcu6_10 layout-component text-serif-m layout-normal text-serif-m layout-padded\">\u00c5tte beste<\/p>\n<p class=\"_paragraph_o9xde_4 _paragraph_xtcu6_10 layout-component text-serif-m layout-normal text-serif-m layout-padded\">Turneringen i Saudi-Arabia samler de \u00e5tte spillerne under 20 \u00e5r som har samlet flest rankingpoeng gjennom sesongen.<\/p>\n<p class=\"_paragraph_o9xde_4 _paragraph_xtcu6_10 layout-component text-serif-m layout-normal text-serif-m layout-padded\">Kj\u00e6r er femteseedet i turneringen etter som et par h\u00f8yere rangerte spillere ikke deltar. Det er to grupper og de to beste i hver pulje tok seg til semifinale.<\/p>\n<p class=\"_paragraph_o9xde_4 _paragraph_xtcu6_10 layout-component text-serif-m layout-normal text-serif-m layout-padded\">Kj\u00e6r har lagt bak seg en sterk 2025-sesong og bykset langt oppover p\u00e5 verdensrankingen. 19-\u00e5ringen er nummer 136 i verden.<\/p>\n","protected":false},"excerpt":{"rendered":"Nicolai Budkov Kj\u00e6r sikret semifinalebillett, men fikk det deretter t\u00f8ft og tapte for Learner Tien i siste puljekamp&hellip;\n","protected":false},"author":2,"featured_media":117754,"comment_status":"","ping_status":"","sticky":false,"template":"","format":"standard","meta":{"footnotes":""},"categories":[59],"tags":[9255,30,28,29,83,82,909,10950],"class_list":{"0":"post-117753","1":"post","2":"type-post","3":"status-publish","4":"format-standard","5":"has-post-thumbnail","7":"category-sport","8":"tag-nicolai-budkov-kjaer","9":"tag-no","10":"tag-norge","11":"tag-norway","12":"tag-sport","13":"tag-sports","14":"tag-tennis","15":"tag-turnering"},"share_on_mastodon":{"url":"https:\/\/pubeurope.com\/@no\/115748135620283513","error":""},"_links":{"self":[{"href":"https:\/\/www.europesays.com\/no\/wp-json\/wp\/v2\/posts\/117753","targetHints":{"allow":["GET"]}}],"collection":[{"href":"https:\/\/www.europesays.com\/no\/wp-json\/wp\/v2\/posts"}],"about":[{"href":"https:\/\/www.europesays.com\/no\/wp-json\/wp\/v2\/types\/post"}],"author":[{"embeddable":true,"href":"https:\/\/www.europesays.com\/no\/wp-json\/wp\/v2\/users\/2"}],"replies":[{"embeddable":true,"href":"https:\/\/www.europesays.com\/no\/wp-json\/wp\/v2\/comments?post=117753"}],"version-history":[{"count":0,"href":"https:\/\/www.europesays.com\/no\/wp-json\/wp\/v2\/posts\/117753\/revisions"}],"wp:featuredmedia":[{"embeddable":true,"href":"https:\/\/www.europesays.com\/no\/wp-json\/wp\/v2\/media\/117754"}],"wp:attachment":[{"href":"https:\/\/www.europesays.com\/no\/wp-json\/wp\/v2\/media?parent=117753"}],"wp:term":[{"taxonomy":"category","embeddable":true,"href":"https:\/\/www.europesays.com\/no\/wp-json\/wp\/v2\/categories?post=117753"},{"taxonomy":"post_tag","embeddable":true,"href":"https:\/\/www.europesays.com\/no\/wp-json\/wp\/v2\/tags?post=117753"}],"curies":[{"name":"wp","href":"https:\/\/api.w.org\/{rel}","templated":true}]}}