{"id":117759,"date":"2025-12-19T20:46:21","date_gmt":"2025-12-19T20:46:21","guid":{"rendered":"https:\/\/www.europesays.com\/no\/117759\/"},"modified":"2025-12-19T20:46:21","modified_gmt":"2025-12-19T20:46:21","slug":"glimt-fk-bodo-glimt-kvinner","status":"publish","type":"post","link":"https:\/\/www.europesays.com\/no\/117759\/","title":{"rendered":"Glimt, FK Bod\u00f8 Glimt kvinner"},"content":{"rendered":"\n<p>Til det arbeidet har klubben hyret inn det danske konsulentselskapet Onenexus.<\/p>\n<p>Brann \u00f8nsker seg ny trener i julegave, og Glimt-kvinnenes hovedtrener, Cato Hansen, er en av de f\u00e5 som oppfyller kravene Brann stiller til sin nye hovedtrener, i f\u00f8lge <a href=\"https:\/\/www.bt.no\/sport\/ballspark\/i\/bOKAx3\/branns-trenerjakt-disse-kan-bli-leif-gunnar-smerud-erstatter\" rel=\"Follow nofollow noopener\" target=\"_blank\">Bergens Tidene<\/a>.<\/p>\n<p>Hansen er nemlig en av kandidatene for \u00e5 innta rollen da 53-\u00e5ringen har Uefa Pro-lisens. I Toppserien er det nemlig krav om at lagenes hovedtrener skal ha den h\u00f8yeste trenerutdanningen, nemlig Uefa Pro-lisens, skriver BT.<\/p>\n<p>Dette er et absolutt krav som ble innf\u00f8rt f\u00f8r 2025-sesongen.<\/p>\n<p>Bergens Tidene har sju kandidater p\u00e5 lista, og skriver f\u00f8lgende om Cato Hansen og Glimt-laget hans:<\/p>\n<ul>\n<li>Tok Bod\u00f8\/Glimts kvinnelag opp til Toppserien i 2024. P\u00e5 det \u00f8verste niv\u00e5et holdt det til en \u00e5ttendeplass.<\/li>\n<li>Fikk bank av Brann og tapte 0\u20138 i seriens siste runde.<\/li>\n<li>Hansen har kontrakt med Bod\u00f8\/Glimt ut 2026-sesongen.<\/li>\n<\/ul>\n<p>  <a href=\"https:\/\/www.an.no\/5-4-2179553\" class=\"related-teaser has-image default-feature-teaser article--c-eRUmMG article--c-eRUmMG-jKCPdD-design-default\" rel=\"nofollow noopener\" target=\"_blank\"><\/p>\n<p>    <img decoding=\"async\" loading=\"lazy\"  src=\"https:\/\/www.europesays.com\/no\/wp-content\/uploads\/2025\/12\/5_4_1973900+unnamed+%283%29.jpg\" alt=\"\" class=\"brick-c-cFOWSL\" style=\"\"\/><\/p>\n<p>\n            Les ogs\u00e5<\/p>\n<p>              Cato snakker ut &#8211; \u00e9n kamp svir enn\u00e5\n        <\/p>\n<p>  <\/a><\/p>\n<p>De andre som er oppf\u00f8rt p\u00e5 listen er Bengt S\u00e6ternes, Ingvild Stensland, Robert Vilahamn, Kim Andr\u00e9 Pedersen, Joel Kjetselberg og Kristian M\u00f8rch Rasmussen.<\/p>\n","protected":false},"excerpt":{"rendered":"Til det arbeidet har klubben hyret inn det danske konsulentselskapet Onenexus. Brann \u00f8nsker seg ny trener i julegave,&hellip;\n","protected":false},"author":2,"featured_media":117760,"comment_status":"","ping_status":"","sticky":false,"template":"","format":"standard","meta":{"footnotes":""},"categories":[59],"tags":[36,11929,799,30,28,29,83,82,1510],"class_list":{"0":"post-117759","1":"post","2":"type-post","3":"status-publish","4":"format-standard","5":"has-post-thumbnail","7":"category-sport","8":"tag-art","9":"tag-fk-bodo-glimt-kvinner","10":"tag-glimt","11":"tag-no","12":"tag-norge","13":"tag-norway","14":"tag-sport","15":"tag-sports","16":"tag-story"},"share_on_mastodon":{"url":"https:\/\/pubeurope.com\/@no\/115748194627488847","error":""},"_links":{"self":[{"href":"https:\/\/www.europesays.com\/no\/wp-json\/wp\/v2\/posts\/117759","targetHints":{"allow":["GET"]}}],"collection":[{"href":"https:\/\/www.europesays.com\/no\/wp-json\/wp\/v2\/posts"}],"about":[{"href":"https:\/\/www.europesays.com\/no\/wp-json\/wp\/v2\/types\/post"}],"author":[{"embeddable":true,"href":"https:\/\/www.europesays.com\/no\/wp-json\/wp\/v2\/users\/2"}],"replies":[{"embeddable":true,"href":"https:\/\/www.europesays.com\/no\/wp-json\/wp\/v2\/comments?post=117759"}],"version-history":[{"count":0,"href":"https:\/\/www.europesays.com\/no\/wp-json\/wp\/v2\/posts\/117759\/revisions"}],"wp:featuredmedia":[{"embeddable":true,"href":"https:\/\/www.europesays.com\/no\/wp-json\/wp\/v2\/media\/117760"}],"wp:attachment":[{"href":"https:\/\/www.europesays.com\/no\/wp-json\/wp\/v2\/media?parent=117759"}],"wp:term":[{"taxonomy":"category","embeddable":true,"href":"https:\/\/www.europesays.com\/no\/wp-json\/wp\/v2\/categories?post=117759"},{"taxonomy":"post_tag","embeddable":true,"href":"https:\/\/www.europesays.com\/no\/wp-json\/wp\/v2\/tags?post=117759"}],"curies":[{"name":"wp","href":"https:\/\/api.w.org\/{rel}","templated":true}]}}