{"id":117765,"date":"2025-12-19T20:58:23","date_gmt":"2025-12-19T20:58:23","guid":{"rendered":"https:\/\/www.europesays.com\/no\/117765\/"},"modified":"2025-12-19T20:58:23","modified_gmt":"2025-12-19T20:58:23","slug":"nyheter-politiet-politiet-vekter-tok-kontroll-pa-mistenkt-i-byparken","status":"publish","type":"post","link":"https:\/\/www.europesays.com\/no\/117765\/","title":{"rendered":"Nyheter, Politiet | Politiet: Vekter tok kontroll p\u00e5 mistenkt i Byparken"},"content":{"rendered":"\n<p>Politiet fikk melding om slagsm\u00e5l i Byparken fredag kveld. Klokken 1940 er politiet p\u00e5 stedet og melder at de har kontroll.<\/p>\n<p>\u2013 Det skal ikke ha v\u00e6rt slagsm\u00e5l, men vekter som tok kontroll p\u00e5 en person mistenkt for tyveri, opplyser operasjonsleder Bjarte Rebnord.<\/p>\n<p>Vedkommende skal ha v\u00e6rt mistenkt for tyveri av jakker fra Galleriet og ble innhentet av vekter.<\/p>\n<p>\u2013 Personen som er ruset\/beruset innsettes i arresten, opplyser Rebnord.<\/p>\n","protected":false},"excerpt":{"rendered":"Politiet fikk melding om slagsm\u00e5l i Byparken fredag kveld. Klokken 1940 er politiet p\u00e5 stedet og melder at&hellip;\n","protected":false},"author":2,"featured_media":117766,"comment_status":"","ping_status":"","sticky":false,"template":"","format":"standard","meta":{"footnotes":""},"categories":[10],"tags":[36,444,20,21,24,25,15,22,23,13,30,28,29,14,16,468,1510,26,27],"class_list":{"0":"post-117765","1":"post","2":"type-post","3":"status-publish","4":"format-standard","5":"has-post-thumbnail","7":"category-norge","8":"tag-art","9":"tag-bergen","10":"tag-breaking-news","11":"tag-breakingnews","12":"tag-featured-news","13":"tag-featurednews","14":"tag-headlines","15":"tag-latest-news","16":"tag-latestnews","17":"tag-news","18":"tag-no","19":"tag-norge","20":"tag-norway","21":"tag-nyheter","22":"tag-overskrifter","23":"tag-politiet","24":"tag-story","25":"tag-top-stories","26":"tag-topstories"},"share_on_mastodon":{"url":"https:\/\/pubeurope.com\/@no\/115748241641998299","error":""},"_links":{"self":[{"href":"https:\/\/www.europesays.com\/no\/wp-json\/wp\/v2\/posts\/117765","targetHints":{"allow":["GET"]}}],"collection":[{"href":"https:\/\/www.europesays.com\/no\/wp-json\/wp\/v2\/posts"}],"about":[{"href":"https:\/\/www.europesays.com\/no\/wp-json\/wp\/v2\/types\/post"}],"author":[{"embeddable":true,"href":"https:\/\/www.europesays.com\/no\/wp-json\/wp\/v2\/users\/2"}],"replies":[{"embeddable":true,"href":"https:\/\/www.europesays.com\/no\/wp-json\/wp\/v2\/comments?post=117765"}],"version-history":[{"count":0,"href":"https:\/\/www.europesays.com\/no\/wp-json\/wp\/v2\/posts\/117765\/revisions"}],"wp:featuredmedia":[{"embeddable":true,"href":"https:\/\/www.europesays.com\/no\/wp-json\/wp\/v2\/media\/117766"}],"wp:attachment":[{"href":"https:\/\/www.europesays.com\/no\/wp-json\/wp\/v2\/media?parent=117765"}],"wp:term":[{"taxonomy":"category","embeddable":true,"href":"https:\/\/www.europesays.com\/no\/wp-json\/wp\/v2\/categories?post=117765"},{"taxonomy":"post_tag","embeddable":true,"href":"https:\/\/www.europesays.com\/no\/wp-json\/wp\/v2\/tags?post=117765"}],"curies":[{"name":"wp","href":"https:\/\/api.w.org\/{rel}","templated":true}]}}