{"id":117767,"date":"2025-12-19T21:00:13","date_gmt":"2025-12-19T21:00:13","guid":{"rendered":"https:\/\/www.europesays.com\/no\/117767\/"},"modified":"2025-12-19T21:00:13","modified_gmt":"2025-12-19T21:00:13","slug":"hendelser-trafikkuhell-mistet-forerkortet-etter-utforkjoring","status":"publish","type":"post","link":"https:\/\/www.europesays.com\/no\/117767\/","title":{"rendered":"Hendelser, Trafikkuhell | Mistet f\u00f8rerkortet etter utforkj\u00f8ring"},"content":{"rendered":"\n<p>Det var klokken 18.37 at n\u00f8detatene ble varslet om et trafikkuhell, der en bil med to personer hadde kj\u00f8rt ut p\u00e5 en rett strekning. Utforkj\u00f8ringen skjedde da hjulet havnet utenfor veien. <\/p>\n<p>Operasjonsleder Ottar Steinst\u00f8 melder at en person var lettere skadet og ble tatt med til legevakten. <\/p>\n<p>Hendelsen skjedde p\u00e5 Drangedalsveien i Drangedal.<\/p>\n<p>Det er ikke mistanke om rus, men den 18 \u00e5r gamle sj\u00e5f\u00f8ren fikk f\u00f8rerkortet sitt beslaglagt. Det opprettes ogs\u00e5 en sak p\u00e5 forholdet.<\/p>\n","protected":false},"excerpt":{"rendered":"Det var klokken 18.37 at n\u00f8detatene ble varslet om et trafikkuhell, der en bil med to personer hadde&hellip;\n","protected":false},"author":2,"featured_media":1273,"comment_status":"","ping_status":"","sticky":false,"template":"","format":"standard","meta":{"footnotes":""},"categories":[5],"tags":[36,20,21,2232,24,25,15,168,19,22,23,17,18,13,30,28,29,14,16,1510,26,27,2889],"class_list":{"0":"post-117767","1":"post","2":"type-post","3":"status-publish","4":"format-standard","5":"has-post-thumbnail","7":"category-overskrifter","8":"tag-art","9":"tag-breaking-news","10":"tag-breakingnews","11":"tag-drangedal","12":"tag-featured-news","13":"tag-featurednews","14":"tag-headlines","15":"tag-hendelser","16":"tag-hovedoppslag","17":"tag-latest-news","18":"tag-latestnews","19":"tag-main-news","20":"tag-mainnews","21":"tag-news","22":"tag-no","23":"tag-norge","24":"tag-norway","25":"tag-nyheter","26":"tag-overskrifter","27":"tag-story","28":"tag-top-stories","29":"tag-topstories","30":"tag-trafikkuhell"},"share_on_mastodon":{"url":"https:\/\/pubeurope.com\/@no\/115748249455335209","error":""},"_links":{"self":[{"href":"https:\/\/www.europesays.com\/no\/wp-json\/wp\/v2\/posts\/117767","targetHints":{"allow":["GET"]}}],"collection":[{"href":"https:\/\/www.europesays.com\/no\/wp-json\/wp\/v2\/posts"}],"about":[{"href":"https:\/\/www.europesays.com\/no\/wp-json\/wp\/v2\/types\/post"}],"author":[{"embeddable":true,"href":"https:\/\/www.europesays.com\/no\/wp-json\/wp\/v2\/users\/2"}],"replies":[{"embeddable":true,"href":"https:\/\/www.europesays.com\/no\/wp-json\/wp\/v2\/comments?post=117767"}],"version-history":[{"count":0,"href":"https:\/\/www.europesays.com\/no\/wp-json\/wp\/v2\/posts\/117767\/revisions"}],"wp:featuredmedia":[{"embeddable":true,"href":"https:\/\/www.europesays.com\/no\/wp-json\/wp\/v2\/media\/1273"}],"wp:attachment":[{"href":"https:\/\/www.europesays.com\/no\/wp-json\/wp\/v2\/media?parent=117767"}],"wp:term":[{"taxonomy":"category","embeddable":true,"href":"https:\/\/www.europesays.com\/no\/wp-json\/wp\/v2\/categories?post=117767"},{"taxonomy":"post_tag","embeddable":true,"href":"https:\/\/www.europesays.com\/no\/wp-json\/wp\/v2\/tags?post=117767"}],"curies":[{"name":"wp","href":"https:\/\/api.w.org\/{rel}","templated":true}]}}