{"id":117768,"date":"2025-12-19T21:06:14","date_gmt":"2025-12-19T21:06:14","guid":{"rendered":"https:\/\/www.europesays.com\/no\/117768\/"},"modified":"2025-12-19T21:06:14","modified_gmt":"2025-12-19T21:06:14","slug":"nyheter-politi-politiet-trafikkulykke-pa-voss","status":"publish","type":"post","link":"https:\/\/www.europesays.com\/no\/117768\/","title":{"rendered":"Nyheter, Politi | Politiet: Trafikkulykke p\u00e5 Voss"},"content":{"rendered":"\n<p>Klokken 1846 melder politiet om en trafikkulykke i Voss sentrum.<\/p>\n<p>Innledningsvis ble det meldt at to personer hadde blitt p\u00e5kj\u00f8rt. <\/p>\n<p>Klokken 1855 er politiet og ambulanse framme p\u00e5 stedet. <\/p>\n<p>\u2013 Det fremst\u00e5r n\u00e5 som at det bare er \u00e9n person som er truffet av bilen. <\/p>\n<p>Det skal v\u00e6re snakk om en mann, som har smerter i en fot. <\/p>\n<p>\u2013 Han er v\u00e5ken og bevisst. Det fremst\u00e5r ikke som om at han har behov for videre behandling, sier Rebnord. <\/p>\n<p>Hendelsen skal ha skjedd i et overgangsfelt. Politiet har kontroll p\u00e5 bilf\u00f8rer, sier Rebnord. <\/p>\n<p>Politiet oppretter sak og har tatt midlertidig beslag i bilf\u00f8rers f\u00f8rerkort. Personen som ble p\u00e5kj\u00f8rt har ikke behov for ytterligere helseoppf\u00f8lging.<\/p>\n","protected":false},"excerpt":{"rendered":"Klokken 1846 melder politiet om en trafikkulykke i Voss sentrum. Innledningsvis ble det meldt at to personer hadde&hellip;\n","protected":false},"author":2,"featured_media":1615,"comment_status":"","ping_status":"","sticky":false,"template":"","format":"standard","meta":{"footnotes":""},"categories":[10],"tags":[36,20,21,24,25,15,983,22,23,13,30,28,29,14,16,254,1510,26,27,1847],"class_list":{"0":"post-117768","1":"post","2":"type-post","3":"status-publish","4":"format-standard","5":"has-post-thumbnail","7":"category-norge","8":"tag-art","9":"tag-breaking-news","10":"tag-breakingnews","11":"tag-featured-news","12":"tag-featurednews","13":"tag-headlines","14":"tag-krim","15":"tag-latest-news","16":"tag-latestnews","17":"tag-news","18":"tag-no","19":"tag-norge","20":"tag-norway","21":"tag-nyheter","22":"tag-overskrifter","23":"tag-politi","24":"tag-story","25":"tag-top-stories","26":"tag-topstories","27":"tag-voss"},"share_on_mastodon":{"url":"https:\/\/pubeurope.com\/@no\/115748273141559203","error":""},"_links":{"self":[{"href":"https:\/\/www.europesays.com\/no\/wp-json\/wp\/v2\/posts\/117768","targetHints":{"allow":["GET"]}}],"collection":[{"href":"https:\/\/www.europesays.com\/no\/wp-json\/wp\/v2\/posts"}],"about":[{"href":"https:\/\/www.europesays.com\/no\/wp-json\/wp\/v2\/types\/post"}],"author":[{"embeddable":true,"href":"https:\/\/www.europesays.com\/no\/wp-json\/wp\/v2\/users\/2"}],"replies":[{"embeddable":true,"href":"https:\/\/www.europesays.com\/no\/wp-json\/wp\/v2\/comments?post=117768"}],"version-history":[{"count":0,"href":"https:\/\/www.europesays.com\/no\/wp-json\/wp\/v2\/posts\/117768\/revisions"}],"wp:featuredmedia":[{"embeddable":true,"href":"https:\/\/www.europesays.com\/no\/wp-json\/wp\/v2\/media\/1615"}],"wp:attachment":[{"href":"https:\/\/www.europesays.com\/no\/wp-json\/wp\/v2\/media?parent=117768"}],"wp:term":[{"taxonomy":"category","embeddable":true,"href":"https:\/\/www.europesays.com\/no\/wp-json\/wp\/v2\/categories?post=117768"},{"taxonomy":"post_tag","embeddable":true,"href":"https:\/\/www.europesays.com\/no\/wp-json\/wp\/v2\/tags?post=117768"}],"curies":[{"name":"wp","href":"https:\/\/api.w.org\/{rel}","templated":true}]}}