{"id":117781,"date":"2025-12-19T21:20:24","date_gmt":"2025-12-19T21:20:24","guid":{"rendered":"https:\/\/www.europesays.com\/no\/117781\/"},"modified":"2025-12-19T21:20:24","modified_gmt":"2025-12-19T21:20:24","slug":"kommuner-setter-foten-ned-for-statens-flyktningplan-nrk-vestfold-og-telemark-lokale-nyheter-tv-og-radio","status":"publish","type":"post","link":"https:\/\/www.europesays.com\/no\/117781\/","title":{"rendered":"Kommuner setter foten ned for statens flyktningplan \u2013 NRK Vestfold og Telemark \u2013 Lokale nyheter, TV og radio"},"content":{"rendered":"<p>N\u00e5 advarer b\u00e5de IMDi og KS om at det kan bli vanskelig \u00e5 f\u00e5 kabalen til \u00e5 g\u00e5 opp.<\/p>\n<p>Kommunene begrunner avslagene med blant annet press i boligmarkedet, utenforskap og slitasje p\u00e5 tjenestene.<\/p>\n<p><strong>If\u00f8lge <a href=\"https:\/\/www.vl.no\/nyheter\/norges-rikeste-kommune-sier-nei-til-flyktninger\/10089472\" ec-id=\"https:\/\/www.vl.no\/nyheter\/norges-rikeste-kommune-sier-nei-til-flyktninger\/10089472\" ec-name=\"V\u00e5rt Land\" rel=\"nofollow noopener\" target=\"_blank\">V\u00e5rt Land<\/a> har i alt 13 kommuner sagt blankt nei.<\/strong><\/p>\n<p>Kraftkommunen Bykle <a href=\"https:\/\/www.nrk.no\/sorlandet\/bykle-sier-nei-til-a-ta-imot-fem-asylsokere-1.17689274\" ec-id=\"pp:article:1.17689274\" ec-name=\"vil ikke ta imot fem flyktninger neste \u00e5r.\" rel=\"nofollow noopener\" target=\"_blank\">vil ikke ta imot fem flyktninger neste \u00e5r.<\/a><\/p>\n<p>Fredrikstad sier ogs\u00e5 nei <a href=\"https:\/\/www.nrk.no\/ostfold\/fredrikstad-sier-nei-til-flyktninger-1.17276814\" ec-id=\"pp:article:1.17276814\" ec-name=\"for andre \u00e5r p\u00e5 rad.\" rel=\"nofollow noopener\" target=\"_blank\">for andre \u00e5r p\u00e5 rad.<\/a><\/p>\n<p>Heller ikke Vestfolds mest folkerike kommune, Sandefjord <a href=\"https:\/\/www.nrk.no\/vestfoldogtelemark\/flertall-for-a-ikke-bosette-flyktninger-i-sandefjord-1.17698981\" ec-id=\"pp:article:1.17698981\" ec-name=\"\u00f8nsker \u00e5 ta imot flyktninger neste \u00e5r.\" rel=\"nofollow noopener\" target=\"_blank\">\u00f8nsker \u00e5 ta imot flyktninger neste \u00e5r.<\/a><\/p>\n<p><strong>\u2013 Vi \u00f8nsker selvf\u00f8lgelig at flest mulig kommuner sier ja til \u00e5 bosette. Alternativet er at flyktninger blir v\u00e6rende lenger i mottaksfasen f\u00f8r de kommer til bosettingskommunen sin.<\/strong><\/p>\n<p>Det sier generaldirekt\u00f8r i Integrerings- og mangfoldsdirektoratet (IMDi), Liebe Rieber-Mohn.<\/p>\n<ul class=\"dhpg__gallery__list\">\n<li class=\"dhpg__gallery__listItem\"><img alt=\"OSLO 20080528: Statssekret\u00e6r Liebe Rieber-Mohn under en pressekonferanse i Oslo onsdag hvor det ble gjort kjent at en arbeidsgruppe har sett p\u00e5 oppf\u00f8lgingen n\u00e5r enslige mindre\u00e5rige asyls\u00f8kere blir borte fra asylmottak eller fra barnevernets botiltak.&#13;Foto: Bj\u00f8rn Sigurds\u00f8n \/ SCANPIX .\"  width=\"2400\" height=\"2400\" loading=\"lazy\"\/>Liebe Rieber-Mohn\n<p>Generaldirekt\u00f8r i Integrerings- og mangfoldsdirektoratet<\/p>\n<\/li>\n<\/ul>\n<p>Hun sier at dersom flyktninger blir v\u00e6rende i mottak, f\u00e5r de heller ikke startet p\u00e5 integreringsprosessen.<\/p>\n<p>\u2013 De f\u00e5r ikke mulighet til \u00e5 delta p\u00e5 introduksjonsprogram, de vil ikke ha et eget sted, og de vil heller ikke bli kjent med det lokalmilj\u00f8et hvor de en gang skal bli bosatt.<\/p>\n<p>\u2013 Vil det da si at det tallet p\u00e5 13.000 m\u00e5 senkes, hvis kommunene sier nei?<\/p>\n<p><strong>\u2013 Det er ikke mulig. Kommer du til Norge og f\u00e5r en oppholdstillatelse, s\u00e5 skal du i prinsippet bosettes, sier hun.<\/strong><\/p>\n<p>\u2013 M\u00e5 mer oppf\u00f8lgning til<\/p>\n<p>For elleve \u00e5r siden var Sandefjord kommune <a href=\"https:\/\/www.sb.no\/nyheter\/nyheter\/sandefjord-er-landets-beste-pa-integrering\/s\/2-2.428-1.8322328\" ec-id=\"https:\/\/www.sb.no\/nyheter\/nyheter\/sandefjord-er-landets-beste-pa-integrering\/s\/2-2.428-1.8322328\" ec-name=\"best i landet p\u00e5 integrering\" rel=\"nofollow noopener\" target=\"_blank\">best i landet p\u00e5 integrering<\/a>. Men noe har skjedd p\u00e5 de \u00e5rene. For n\u00e5 scorer kommunen d\u00e5rlig p\u00e5 levek\u00e5r og har et st\u00f8rre utenforskap, if\u00f8lge ordf\u00f8rer p\u00e5 22. \u00e5ret, Bj\u00f8rn Ole Gleditsch.<\/p>\n<ul class=\"dhpg__gallery__list\">\n<li class=\"dhpg__gallery__listItem\"><img alt=\"Bj\u00f8rn Ole Gleditsch\"  width=\"2400\" height=\"2400\" loading=\"lazy\"\/>Bj\u00f8rn Ole Gleditsch\n<ul>\n<li>Ordf\u00f8rer i Sandefjord (H)<\/li>\n<\/ul>\n<\/li>\n<\/ul>\n<p>\u2013 Opp gjennom tiden har man ikke tatt det nok p\u00e5 alvor hva slags innsats det kreves \u00e5 hjelpe folk som kommer fra krigsherjede omr\u00e5der. B\u00e5de psykiske utfordringer, men ogs\u00e5 hvis du er analfabet. Det m\u00e5 mye mer oppf\u00f8lgning til, sier han.<\/p>\n<p>Det er over 700.000 i yrkesaktiv alder i Norge som ikke er i jobb eller utdannelse, forteller ordf\u00f8reren. I tillegg er kommunenes \u00f8konomi d\u00e5rligere enn p\u00e5 lenge.<\/p>\n<p>\u2013 Det er ikke det at vi ikke har kapasitet. Vi har mulighet til \u00e5 huse flere, men vi m\u00e5 ta tak i de som allerede er kommet for \u00e5 f\u00e5 flere av de i jobb eller utdannelse. Hvis ikke blir det ikke b\u00e6rekraftig over tid.<\/p>\n<p>En trend som har spredd seg<\/p>\n<p>KS er kommunesektorens interesseorganisasjon, utviklingspartner og landets st\u00f8rste offentlige arbeidsgiverorganisasjon.<\/p>\n<p>Styreleder Gunn Marit Helgesen sier det er flere grunner til at kommunene ikke \u00f8nsker \u00e5 ta imot flyktninger.<\/p>\n<ul class=\"dhpg__gallery__list\">\n<li class=\"dhpg__gallery__listItem\"><img alt=\"Gunn Marit Helgesen\"  width=\"2400\" height=\"2400\" loading=\"lazy\"\/>Gunn Marit Helgesen<\/li>\n<\/ul>\n<p>\u2013 Det tror jeg skyldes at dette ikke er fullfinansiert fra statens side. Vi vet at introduksjonsprogrammet er rundt 90 prosent finansiert. Det betyr at for hvert \u00e5r kommunene tar inn det anbefalte antallet flyktninger som IMDi sp\u00f8r om, p\u00e5l\u00f8per det ekstra kostnader.<\/p>\n<p>Helgesen sier at hun ser at dette er en trend som har spredd seg i flere kommuner.<\/p>\n<p><strong>\u2013 Det begynner \u00e5 koste, b\u00e5de i kapasitet, mangel p\u00e5 boliger, men ogs\u00e5 at kostnadene \u00f8ker. Vi ser ogs\u00e5 at sosialhjelpskostnadene \u00f8ker betydelig veldig mange steder. Selv om kommunene trenger folk, s\u00e5 vegrer de seg fordi det kommer ekstra kostnader.<\/strong><\/p>\n<p>\u2013 Men hvem er det som skal ta ansvaret til sjuende og sist, og til hvilken pris, med tanke p\u00e5 integrering, boliger og kommune\u00f8konomi?<\/p>\n<p>\u2013 Det er v\u00e5rt ansvar \u00e5 si hvor mange vi forplikter oss til \u00e5 ta imot og hva vi klarer \u00e5 gj\u00f8re. Hvis det er slik at det forventes at kommunene skal ta p\u00e5 seg ekstra ansvar, s\u00e5 m\u00e5 det fullfinansieres. Og det har v\u00e6rt v\u00e5r klare melding hele tiden.<\/p>\n<p>Fristen for kommunene til \u00e5 svare om de \u00f8nsker \u00e5 ta imot flyktninger neste \u00e5r er februar 2026.<\/p>\n<p>    Hei<\/p>\n<p>Takk for at du leser. Har du tips eller innspill\u00a0til saken\u00a0eller andre ting vi\u00a0b\u00f8r skrive\u00a0om? Send meg gjerne en e-post!<\/p>\n<p>Tidligere har jeg blant annet\u00a0skrevet\u00a0disse sakene:<\/p>\n<p>Publisert<\/p>\n<p>19.12.2025, kl. 18.02<\/p>\n","protected":false},"excerpt":{"rendered":"N\u00e5 advarer b\u00e5de IMDi og KS om at det kan bli vanskelig \u00e5 f\u00e5 kabalen til \u00e5 g\u00e5&hellip;\n","protected":false},"author":2,"featured_media":117782,"comment_status":"","ping_status":"","sticky":false,"template":"","format":"standard","meta":{"footnotes":""},"categories":[10],"tags":[20,21,24,25,15,22,23,13,30,28,29,14,16,26,27],"class_list":{"0":"post-117781","1":"post","2":"type-post","3":"status-publish","4":"format-standard","5":"has-post-thumbnail","7":"category-norge","8":"tag-breaking-news","9":"tag-breakingnews","10":"tag-featured-news","11":"tag-featurednews","12":"tag-headlines","13":"tag-latest-news","14":"tag-latestnews","15":"tag-news","16":"tag-no","17":"tag-norge","18":"tag-norway","19":"tag-nyheter","20":"tag-overskrifter","21":"tag-top-stories","22":"tag-topstories"},"share_on_mastodon":{"url":"https:\/\/pubeurope.com\/@no\/115748328196884171","error":""},"_links":{"self":[{"href":"https:\/\/www.europesays.com\/no\/wp-json\/wp\/v2\/posts\/117781","targetHints":{"allow":["GET"]}}],"collection":[{"href":"https:\/\/www.europesays.com\/no\/wp-json\/wp\/v2\/posts"}],"about":[{"href":"https:\/\/www.europesays.com\/no\/wp-json\/wp\/v2\/types\/post"}],"author":[{"embeddable":true,"href":"https:\/\/www.europesays.com\/no\/wp-json\/wp\/v2\/users\/2"}],"replies":[{"embeddable":true,"href":"https:\/\/www.europesays.com\/no\/wp-json\/wp\/v2\/comments?post=117781"}],"version-history":[{"count":0,"href":"https:\/\/www.europesays.com\/no\/wp-json\/wp\/v2\/posts\/117781\/revisions"}],"wp:featuredmedia":[{"embeddable":true,"href":"https:\/\/www.europesays.com\/no\/wp-json\/wp\/v2\/media\/117782"}],"wp:attachment":[{"href":"https:\/\/www.europesays.com\/no\/wp-json\/wp\/v2\/media?parent=117781"}],"wp:term":[{"taxonomy":"category","embeddable":true,"href":"https:\/\/www.europesays.com\/no\/wp-json\/wp\/v2\/categories?post=117781"},{"taxonomy":"post_tag","embeddable":true,"href":"https:\/\/www.europesays.com\/no\/wp-json\/wp\/v2\/tags?post=117781"}],"curies":[{"name":"wp","href":"https:\/\/api.w.org\/{rel}","templated":true}]}}