{"id":117783,"date":"2025-12-19T21:21:15","date_gmt":"2025-12-19T21:21:15","guid":{"rendered":"https:\/\/www.europesays.com\/no\/117783\/"},"modified":"2025-12-19T21:21:15","modified_gmt":"2025-12-19T21:21:15","slug":"e39-ved-kongeparken-fortsatt-stengt","status":"publish","type":"post","link":"https:\/\/www.europesays.com\/no\/117783\/","title":{"rendered":"E39 ved Kongeparken fortsatt stengt"},"content":{"rendered":"<p class=\"abstract\">Ny vurdering l\u00f8rdag formiddag.<\/p>\n<p>Av sikkerhetshensyn holder Statens vegvesen fortsatt E39 ved Kongeparken i \u00c5lg\u00e5rd stengt.<\/p>\n<p>\u2013 Vi har utf\u00f8rt geotekniske grunnnunders\u00f8kelser siden torsdag kveld og fram til fredag ettermiddag. Disse gir grunnnlag for at vi har tilstrekkelig oversikt over grunnforholdene, sier seksjonssjef Morten Hage i Statens vegvesen.\u00a0<\/p>\n<p>&#13;<br \/>\n    <img decoding=\"async\" alt=\"Sprekkene i asfalten ses oppe til h\u00f8yre. E39 til venstre. Foto: Morten Hage, Statens vegvesen\" class=\"media-block__image\" height=\"624\" loading=\"lazy\"  src=\"https:\/\/www.europesays.com\/no\/wp-content\/uploads\/2025\/12\/img_8469.jpeg\"  width=\"936\"\/>&#13;<br \/>\n    Sprekkene i asfalten ses oppe til h\u00f8yre. E39 til venstre.  Foto: Morten Hage, Statens vegvesen&#13;<\/p>\n<p>\u2013 N\u00e5 overv\u00e5ker vi grunnvannstanden, og er avhengig av at denne synker. Samtidig utf\u00f8rer vi kontrollm\u00e5linger, observerer skr\u00e5ningen og m\u00e5 v\u00e6re sikre p\u00e5 at det ikke er bevegelser. Sikkerheten kommer alltid f\u00f8rst. Vi m\u00e5 v\u00e6re sikre p\u00e5 at E39 er trygg f\u00f8r vi setter p\u00e5 trafikk, understreker han.<\/p>\n<p>Det ble torsdag kveld oppdaget sprekker i asfalten ved brannstasjonen n\u00e6r E39. Sprekkene er et signal p\u00e5 at skr\u00e5ningen er i bevegelse og kan rase ut p\u00e5 E39.<\/p>\n<p>Dette er \u00e5rsaken til at Statens vegvesen holder vegen stengt.<\/p>\n<p>Omkj\u00f8ring er skiltet. Beregn ekstra tid.<\/p>\n<p>F\u00f8lg i tillegg med p\u00e5\u00a0<a href=\"https:\/\/175.no\/\" target=\"_blank\" rel=\"noopener nofollow\">175.no<\/a> og appen Vegvesen trafikk.<\/p>\n<p>&#13;<br \/>\n                        Aktuelt for fylke(r): &#13;<br \/>\nRogaland                    <\/p>\n","protected":false},"excerpt":{"rendered":"Ny vurdering l\u00f8rdag formiddag. Av sikkerhetshensyn holder Statens vegvesen fortsatt E39 ved Kongeparken i \u00c5lg\u00e5rd stengt. \u2013 Vi&hellip;\n","protected":false},"author":2,"featured_media":117784,"comment_status":"","ping_status":"","sticky":false,"template":"","format":"standard","meta":{"footnotes":""},"categories":[5],"tags":[20,21,24,25,15,19,22,23,17,18,13,30,28,29,14,16,26,27],"class_list":{"0":"post-117783","1":"post","2":"type-post","3":"status-publish","4":"format-standard","5":"has-post-thumbnail","7":"category-overskrifter","8":"tag-breaking-news","9":"tag-breakingnews","10":"tag-featured-news","11":"tag-featurednews","12":"tag-headlines","13":"tag-hovedoppslag","14":"tag-latest-news","15":"tag-latestnews","16":"tag-main-news","17":"tag-mainnews","18":"tag-news","19":"tag-no","20":"tag-norge","21":"tag-norway","22":"tag-nyheter","23":"tag-overskrifter","24":"tag-top-stories","25":"tag-topstories"},"share_on_mastodon":{"url":"https:\/\/pubeurope.com\/@no\/115748332363064844","error":""},"_links":{"self":[{"href":"https:\/\/www.europesays.com\/no\/wp-json\/wp\/v2\/posts\/117783","targetHints":{"allow":["GET"]}}],"collection":[{"href":"https:\/\/www.europesays.com\/no\/wp-json\/wp\/v2\/posts"}],"about":[{"href":"https:\/\/www.europesays.com\/no\/wp-json\/wp\/v2\/types\/post"}],"author":[{"embeddable":true,"href":"https:\/\/www.europesays.com\/no\/wp-json\/wp\/v2\/users\/2"}],"replies":[{"embeddable":true,"href":"https:\/\/www.europesays.com\/no\/wp-json\/wp\/v2\/comments?post=117783"}],"version-history":[{"count":0,"href":"https:\/\/www.europesays.com\/no\/wp-json\/wp\/v2\/posts\/117783\/revisions"}],"wp:featuredmedia":[{"embeddable":true,"href":"https:\/\/www.europesays.com\/no\/wp-json\/wp\/v2\/media\/117784"}],"wp:attachment":[{"href":"https:\/\/www.europesays.com\/no\/wp-json\/wp\/v2\/media?parent=117783"}],"wp:term":[{"taxonomy":"category","embeddable":true,"href":"https:\/\/www.europesays.com\/no\/wp-json\/wp\/v2\/categories?post=117783"},{"taxonomy":"post_tag","embeddable":true,"href":"https:\/\/www.europesays.com\/no\/wp-json\/wp\/v2\/tags?post=117783"}],"curies":[{"name":"wp","href":"https:\/\/api.w.org\/{rel}","templated":true}]}}