{"id":117785,"date":"2025-12-19T21:22:13","date_gmt":"2025-12-19T21:22:13","guid":{"rendered":"https:\/\/www.europesays.com\/no\/117785\/"},"modified":"2025-12-19T21:22:13","modified_gmt":"2025-12-19T21:22:13","slug":"justine-braisaz-bouchet-skiskyting-reiste-til-sverige-datteren-3-ble-drapstruet","status":"publish","type":"post","link":"https:\/\/www.europesays.com\/no\/117785\/","title":{"rendered":"Justine Braisaz-Bouchet, Skiskyting | Reiste til Sverige: Datteren (3) ble drapstruet"},"content":{"rendered":"\n<p>Den franske skiskytterstjernen Justine Braisaz-Bouchet har lagt bak seg noen turbulente \u00e5r etter \u00e5 v\u00e6rt en del av en skandale i det franske laget.<\/p>\n<p>I 2022 ble hennes franske lagvenninne Julia Simon anmeldt for \u00e5 ha stj\u00e5let Braisaz-Bouchets kredittkort. I en rettssak i oktober innr\u00f8mmet Simon alt, og hun ble d\u00f8mt til tre m\u00e5neders betinget fengselsstraff og en bot p\u00e5 15.000 euro.<\/p>\n<p>Simon fikk ogs\u00e5 en m\u00e5ned effektiv utestengelse fra Det franske skiforbundet.<\/p>\n<p>Skandalen har rystet skiskytterverden, men forrige helg var Simon tilbake i konkurranse i Hochfilzen.<\/p>\n<p><b>Les ogs\u00e5: <a href=\"https:\/\/www.nettavisen.no\/sport\/karen-marie-ellefsen-reagerer-pa-krass-petter-northug-melding\/s\/5-95-2787133\" rel=\"Follow nofollow noopener\" target=\"_blank\">Reagerer p\u00e5 br\u00e5ket: \u2013 Vi er helt bortskjemte<\/a><\/b><\/p>\n<p>Drapstrussel<\/p>\n<p>Selv om Braisaz-Bouchet var blant de forn\u00e6rmede i saken, kan hun fortelle at hun har mottatt mange stygge meldinger.<\/p>\n<p>Verst var det etter konkurransene i \u00d6stersund tidlig i desember. Til tross for at hun var en del av laget som vant stafetten og mixed stafett, mottok hun flere truende meldinger p\u00e5 sosiale medier.<\/p>\n<p>\u2013 De siste \u00e5rene, og spesielt de siste ukene, har jeg mottatt mange truende meldinger, sier hun, if\u00f8lge Expressen.<\/p>\n<p>   <img decoding=\"async\" width=\"2787\" height=\"1858\" fetchpriority=\"low\"  loading=\"lazy\"  src=\"https:\/\/www.europesays.com\/no\/wp-content\/uploads\/2025\/12\/NTB_19Gv5FVDtmU.jpg\" alt=\"France's Justine Braisaz-Bouchet competes during the Women 12,5 km Mass Start event of the IBU Biathlon World Championship of Lenzerheide, eastern Switzerland, on February 23, 2025. (Photo by FRANCK FIFE \/ AFP)\" class=\"brick-c-cFOWSL\" style=\"--brick-image-ratio: 2787 \/ 1858;\"\/><\/p>\n<p>      STJERNE: Justine Braisaz-Bouchet har v\u00e6rt i verdenstoppen i skiskyting i mange \u00e5r.<br \/>\n      Foto: Franck Fife (AFP)\n    <\/p>\n<p>Den verste trusselen ble rettet mot hennes tre \u00e5r gamle datter C\u00f4me. Det var en direkte drapstrussel.<\/p>\n<p>Dette ble ford\u00f8mt av det franske skiskytterforbundet, og Braisaz-Bouchets lagkamerat Lou Jeanmonnot gikk hardt ut mot trusselen og kalte oppf\u00f8rselen motbydelig.<\/p>\n<p>Den stygge trusselen gjorde ogs\u00e5 at Braisaz-Bouchet valgte \u00e5 slette sine sosiale medier.<\/p>\n<p>\u2013 Jeg gjorde det jeg trengte for \u00e5 pr\u00f8ve \u00e5 beskytte meg selv og familien min, sier hun.<\/p>\n<p><b>Les ogs\u00e5:<a href=\"https:\/\/www.nettavisen.no\/sport\/ingebrigtsen-rival-josh-kerr-venter-pa-millionbelop-en-tragedie\/s\/5-95-2786648\" rel=\"Follow nofollow noopener\" target=\"_blank\"> Ingebrigtsen-rival venter p\u00e5 millionbel\u00f8p: \u2013 En tragedie<\/a><\/b><\/p>\n<p>Rystet<\/p>\n<p>29-\u00e5ringen forteller at det g\u00e5r bedre med henne n\u00e5.<\/p>\n<p>\u2013 Jeg vet hva jeg m\u00e5 gj\u00f8re for \u00e5 f\u00f8le meg bra og hvordan jeg kan ta et skritt tilbake fra alt. Jeg synes sosiale medier kan v\u00e6re interessante i noen sammenhenger og veldig t\u00f8ffe i andre, sier hun.<\/p>\n<p>Truslene Braisaz-Bouchet har mottatt ryster flere i det svenske laget.<\/p>\n<p>\u2013 Det er helt spr\u00f8tt at folk ikke kan oppf\u00f8re seg ordentlig, sier Elvira \u00d6berg.<\/p>\n<p>Stores\u00f8ster Hanna \u00d6berg stemmer i.<\/p>\n<p>\u2013 Jeg synes det er helt vanvittig. Det er uakseptabelt. Vi driver med sport, det finnes ting som er mer alvorlig enn dette. Og spesielt hvis det er mot familien og s\u00e5nt, er det fullstendig uakseptabelt, sier hun.<\/p>\n","protected":false},"excerpt":{"rendered":"Den franske skiskytterstjernen Justine Braisaz-Bouchet har lagt bak seg noen turbulente \u00e5r etter \u00e5 v\u00e6rt en del av&hellip;\n","protected":false},"author":2,"featured_media":117786,"comment_status":"","ping_status":"","sticky":false,"template":"","format":"standard","meta":{"footnotes":""},"categories":[59],"tags":[30,28,29,83,82],"class_list":{"0":"post-117785","1":"post","2":"type-post","3":"status-publish","4":"format-standard","5":"has-post-thumbnail","7":"category-sport","8":"tag-no","9":"tag-norge","10":"tag-norway","11":"tag-sport","12":"tag-sports"},"share_on_mastodon":{"url":"https:\/\/pubeurope.com\/@no\/115748336102968959","error":""},"_links":{"self":[{"href":"https:\/\/www.europesays.com\/no\/wp-json\/wp\/v2\/posts\/117785","targetHints":{"allow":["GET"]}}],"collection":[{"href":"https:\/\/www.europesays.com\/no\/wp-json\/wp\/v2\/posts"}],"about":[{"href":"https:\/\/www.europesays.com\/no\/wp-json\/wp\/v2\/types\/post"}],"author":[{"embeddable":true,"href":"https:\/\/www.europesays.com\/no\/wp-json\/wp\/v2\/users\/2"}],"replies":[{"embeddable":true,"href":"https:\/\/www.europesays.com\/no\/wp-json\/wp\/v2\/comments?post=117785"}],"version-history":[{"count":0,"href":"https:\/\/www.europesays.com\/no\/wp-json\/wp\/v2\/posts\/117785\/revisions"}],"wp:featuredmedia":[{"embeddable":true,"href":"https:\/\/www.europesays.com\/no\/wp-json\/wp\/v2\/media\/117786"}],"wp:attachment":[{"href":"https:\/\/www.europesays.com\/no\/wp-json\/wp\/v2\/media?parent=117785"}],"wp:term":[{"taxonomy":"category","embeddable":true,"href":"https:\/\/www.europesays.com\/no\/wp-json\/wp\/v2\/categories?post=117785"},{"taxonomy":"post_tag","embeddable":true,"href":"https:\/\/www.europesays.com\/no\/wp-json\/wp\/v2\/tags?post=117785"}],"curies":[{"name":"wp","href":"https:\/\/api.w.org\/{rel}","templated":true}]}}