{"id":117793,"date":"2025-12-19T21:29:12","date_gmt":"2025-12-19T21:29:12","guid":{"rendered":"https:\/\/www.europesays.com\/no\/117793\/"},"modified":"2025-12-19T21:29:12","modified_gmt":"2025-12-19T21:29:12","slug":"age-hareide-bisettes-fra-molde-domkirke-8-januar","status":"publish","type":"post","link":"https:\/\/www.europesays.com\/no\/117793\/","title":{"rendered":"\u00c5ge Hareide bisettes fra Molde domkirke 8. januar"},"content":{"rendered":"<p data-testid=\"textWithMarkup-text\" data-v-81d7dc2b=\"\" data-v-62d58f52=\"\">Hareide sovnet torsdag inn etter en periode med kreftsykdom. Mange klubber, personligheter og landslag rykket raskt ut med sine kondolanser.<\/p>\n<p data-testid=\"textWithMarkup-text\" data-v-81d7dc2b=\"\" data-v-62d58f52=\"\">I d\u00f8dsannonsen kommer det fram at Hareide bisettes fra Molde domkirke 8. januar.<\/p>\n<p data-testid=\"textWithMarkup-text\" data-v-81d7dc2b=\"\" data-v-62d58f52=\"\">Hareide var en stor fotballpersonlighet. I tillegg til \u00e5 lede flere norske klubber og landslaget, tok han Danmarks landslag til VM i 2018. Han hadde ogs\u00e5 suksess med svenske Malm\u00f6.<\/p>\n<p data-testid=\"textWithMarkup-text\" data-v-81d7dc2b=\"\" data-v-62d58f52=\"\">Som spiller var Hareide utenlandsproff for Manchester City og Norwich.<\/p>\n<p data-testid=\"textWithMarkup-text\" data-v-81d7dc2b=\"\" data-v-62d58f52=\"\">\u2013 Seriemesterskap i Norge, Sverige og Danmark taler sitt tydelige spr\u00e5k. Det samme gj\u00f8r hans tid som landslagssjef for Norge, Danmark og Island. Fotball-Norge vil savne Hareides temperament p\u00e5 benken, og hans raushet og varme utenfor. Mine tanker g\u00e5r til \u00c5ge Hareides familie og n\u00e6rmeste, sa statsminister Jonas Gahr St\u00f8re i en uttalelse til NTB torsdag.<\/p>\n","protected":false},"excerpt":{"rendered":"Hareide sovnet torsdag inn etter en periode med kreftsykdom. Mange klubber, personligheter og landslag rykket raskt ut med&hellip;\n","protected":false},"author":2,"featured_media":117794,"comment_status":"","ping_status":"","sticky":false,"template":"","format":"standard","meta":{"footnotes":""},"categories":[59],"tags":[30,28,29,83,82],"class_list":{"0":"post-117793","1":"post","2":"type-post","3":"status-publish","4":"format-standard","5":"has-post-thumbnail","7":"category-sport","8":"tag-no","9":"tag-norge","10":"tag-norway","11":"tag-sport","12":"tag-sports"},"share_on_mastodon":{"url":"https:\/\/pubeurope.com\/@no\/115748363505962787","error":""},"_links":{"self":[{"href":"https:\/\/www.europesays.com\/no\/wp-json\/wp\/v2\/posts\/117793","targetHints":{"allow":["GET"]}}],"collection":[{"href":"https:\/\/www.europesays.com\/no\/wp-json\/wp\/v2\/posts"}],"about":[{"href":"https:\/\/www.europesays.com\/no\/wp-json\/wp\/v2\/types\/post"}],"author":[{"embeddable":true,"href":"https:\/\/www.europesays.com\/no\/wp-json\/wp\/v2\/users\/2"}],"replies":[{"embeddable":true,"href":"https:\/\/www.europesays.com\/no\/wp-json\/wp\/v2\/comments?post=117793"}],"version-history":[{"count":0,"href":"https:\/\/www.europesays.com\/no\/wp-json\/wp\/v2\/posts\/117793\/revisions"}],"wp:featuredmedia":[{"embeddable":true,"href":"https:\/\/www.europesays.com\/no\/wp-json\/wp\/v2\/media\/117794"}],"wp:attachment":[{"href":"https:\/\/www.europesays.com\/no\/wp-json\/wp\/v2\/media?parent=117793"}],"wp:term":[{"taxonomy":"category","embeddable":true,"href":"https:\/\/www.europesays.com\/no\/wp-json\/wp\/v2\/categories?post=117793"},{"taxonomy":"post_tag","embeddable":true,"href":"https:\/\/www.europesays.com\/no\/wp-json\/wp\/v2\/tags?post=117793"}],"curies":[{"name":"wp","href":"https:\/\/api.w.org\/{rel}","templated":true}]}}