{"id":117795,"date":"2025-12-19T21:34:48","date_gmt":"2025-12-19T21:34:48","guid":{"rendered":"https:\/\/www.europesays.com\/no\/117795\/"},"modified":"2025-12-19T21:34:48","modified_gmt":"2025-12-19T21:34:48","slug":"donald-trump-tale-reagerer-pa-donald-trumps-tirade-panikkartet","status":"publish","type":"post","link":"https:\/\/www.europesays.com\/no\/117795\/","title":{"rendered":"Donald Trump, Tale | Reagerer p\u00e5 Donald Trumps tirade: \u2013 Panikkartet"},"content":{"rendered":"\n<p>Trumps tale til folket var alt annet enn et langt maraton, men snarere en kjapp sprint.<\/p>\n<p>Kun 18 minutter brukte presidenten p\u00e5 \u00e5 fyre av g\u00e5rde 2600 ord, noe som tilsvarer 2,5 ord i sekundet.<\/p>\n<p>Trump presset inn et 90 minutter langt valgkampshow p\u00e5 i overkant av et kvarter, skriver Washington Post.<\/p>\n<p>Etter sprinttalen kom det reaksjoner fra flere hold.<\/p>\n<p>\u2013 Han var ikke sitt vanlige, selvsikre jeg. Karismaen var borte, auraen var borte, stagnasjonen var borte og budskapet var gammelt, sier h\u00f8yre-podkasteren Owen Shroyer i en video, if\u00f8lge <a href=\"https:\/\/www.aftonbladet.se\/nyheter\/a\/k0aABj\/trump-lovar-ekonomisk-uppgang\" rel=\"Follow nofollow noopener\" target=\"_blank\">Aftonbladet<\/a>.<\/p>\n<p>H\u00f8yre-bloggeren Matt Walsh mener at det var den mest meningsl\u00f8se presidenttalen som noen gang har blitt hold i USA.<\/p>\n<p>\u2013 Jeg har aldri sett ham slik, og jeg har tross alt v\u00e6rt p\u00e5 42 av hans offentlige opptredener, sier han.<\/p>\n<p>Han mener ogs\u00e5 at talen virket \u00abpanikkartet\u00bb.<\/p>\n<p><b>Les ogs\u00e5: <a rel=\"Follow nofollow noopener\" href=\"https:\/\/www.nettavisen.no\/okonomi\/nye-jubel-tall-for-donald-trump\/s\/5-95-2788056\" target=\"_blank\">Nye jubel-tall for Trump<\/a><\/b><\/p>\n<p>Biden-kritikk<\/p>\n<p>I talen brukte Trump mye tid p\u00e5 \u00e5 beskylde sin forgjenger, Joe Biden, for den USAs \u00f8konomiske situasjon.<\/p>\n<p>Trump forklarte hvordan han har ryddet opp i \u00abrotet\u00bb som Biden etterlot seg for elleve m\u00e5neder siden. N\u00e5 er \u00ablandet v\u00e5rt tilbake, sterkere enn noen gang f\u00f8r\u00bb, sa Trump.<\/p>\n<p>If\u00f8lge New York Times overdrev han ogs\u00e5 prissenkningen p\u00e5 bensin i flere delstater.<\/p>\n<p>\u2013 Det var en 18 minutter lang tale som vil holde faktasjekkere sysselsatt i timevis, skriver avisen.<\/p>\n<p><b>Trump langet ogs\u00e5 ut mot innvandrere. De video av tiraden her:<\/b><\/p>\n<p>    Vil du se neste video?<\/p>\n<p>    <a href=\"https:\/\/www.nettavisen.no\/nyheter\/ville-donald-trump-spekulasjoner-det-er-noe-galt\/v\/5-95-2784982\" class=\"recommend-poster\" data-adp-clicklabel=\"video-recommend\" data-adp-clickvalue=\"poster\" rel=\"nofollow noopener\" target=\"_blank\"><br \/>\n      <img decoding=\"async\" width=\"200\" height=\"200\" loading=\"lazy\" src=\"https:\/\/www.europesays.com\/no\/wp-content\/uploads\/2025\/12\/Forvirret+Trump+2.jpg\" alt=\"\" class=\"brick-c-cFOWSL\" style=\"--brick-image-ratio: 200 \/ 200;\"\/><\/p>\n<p>Ville Trump-spekulasjoner: \u2013 Det er noe galt0:57<\/p>\n<p>    <\/a><\/p>\n<p><b>Les ogs\u00e5: <a href=\"https:\/\/www.nettavisen.no\/nyheter\/eks-hoyre-politiker-aamir-javed-sheikh-domt-for-grov-okonomisk-utroskap\/s\/5-95-2786761\" rel=\"Follow nofollow noopener\" target=\"_blank\">D\u00f8mt for grov \u00f8konomisk utroskap<\/a><\/b><\/p>\n<p>Skr\u00f8t av seg selv<\/p>\n<p>Trump trakk ogs\u00e5 fram en rekke saker som han mener viser at landet n\u00e5 er p\u00e5 rett spor \u2013 blant annet redusert inflasjon, sikring av grensen mot Mexico, kamp mot narkotikasmugling \u2013 og lovet at 2026 blir enda bedre.<\/p>\n<p>\u2013 Det ligger til rette for en \u00f8konomisk boom som verden aldri har sett maken til, sa presidenten i talen.<\/p>\n<p>    Vil du se neste video?<\/p>\n<p>    <a href=\"https:\/\/www.nettavisen.no\/nyheter\/ville-donald-trump-spekulasjoner-det-er-noe-galt\/v\/5-95-2784982\" class=\"recommend-poster\" data-adp-clicklabel=\"video-recommend\" data-adp-clickvalue=\"poster\" rel=\"nofollow noopener\" target=\"_blank\"><br \/>\n      <img decoding=\"async\" width=\"200\" height=\"200\" loading=\"lazy\" src=\"https:\/\/www.europesays.com\/no\/wp-content\/uploads\/2025\/12\/Forvirret+Trump+2.jpg\" alt=\"\" class=\"brick-c-cFOWSL\" style=\"--brick-image-ratio: 200 \/ 200;\"\/><\/p>\n<p>Ville Trump-spekulasjoner: \u2013 Det er noe galt0:57<\/p>\n<p>    <\/a><\/p>\n","protected":false},"excerpt":{"rendered":"Trumps tale til folket var alt annet enn et langt maraton, men snarere en kjapp sprint. Kun 18&hellip;\n","protected":false},"author":2,"featured_media":117796,"comment_status":"","ping_status":"","sticky":false,"template":"","format":"standard","meta":{"footnotes":""},"categories":[12],"tags":[20,21,24,25,15,22,23,13,30,28,29,14,16,26,27,42,43,44,45],"class_list":{"0":"post-117795","1":"post","2":"type-post","3":"status-publish","4":"format-standard","5":"has-post-thumbnail","7":"category-verden","8":"tag-breaking-news","9":"tag-breakingnews","10":"tag-featured-news","11":"tag-featurednews","12":"tag-headlines","13":"tag-latest-news","14":"tag-latestnews","15":"tag-news","16":"tag-no","17":"tag-norge","18":"tag-norway","19":"tag-nyheter","20":"tag-overskrifter","21":"tag-top-stories","22":"tag-topstories","23":"tag-verden","24":"tag-world","25":"tag-world-news","26":"tag-worldnews"},"share_on_mastodon":{"url":"https:\/\/pubeurope.com\/@no\/115748387363932936","error":""},"_links":{"self":[{"href":"https:\/\/www.europesays.com\/no\/wp-json\/wp\/v2\/posts\/117795","targetHints":{"allow":["GET"]}}],"collection":[{"href":"https:\/\/www.europesays.com\/no\/wp-json\/wp\/v2\/posts"}],"about":[{"href":"https:\/\/www.europesays.com\/no\/wp-json\/wp\/v2\/types\/post"}],"author":[{"embeddable":true,"href":"https:\/\/www.europesays.com\/no\/wp-json\/wp\/v2\/users\/2"}],"replies":[{"embeddable":true,"href":"https:\/\/www.europesays.com\/no\/wp-json\/wp\/v2\/comments?post=117795"}],"version-history":[{"count":0,"href":"https:\/\/www.europesays.com\/no\/wp-json\/wp\/v2\/posts\/117795\/revisions"}],"wp:featuredmedia":[{"embeddable":true,"href":"https:\/\/www.europesays.com\/no\/wp-json\/wp\/v2\/media\/117796"}],"wp:attachment":[{"href":"https:\/\/www.europesays.com\/no\/wp-json\/wp\/v2\/media?parent=117795"}],"wp:term":[{"taxonomy":"category","embeddable":true,"href":"https:\/\/www.europesays.com\/no\/wp-json\/wp\/v2\/categories?post=117795"},{"taxonomy":"post_tag","embeddable":true,"href":"https:\/\/www.europesays.com\/no\/wp-json\/wp\/v2\/tags?post=117795"}],"curies":[{"name":"wp","href":"https:\/\/api.w.org\/{rel}","templated":true}]}}