{"id":117799,"date":"2025-12-19T21:36:08","date_gmt":"2025-12-19T21:36:08","guid":{"rendered":"https:\/\/www.europesays.com\/no\/117799\/"},"modified":"2025-12-19T21:36:08","modified_gmt":"2025-12-19T21:36:08","slug":"usas-justisdepartement-har-startet-offentliggjoringen-av-epstein-dokumenter-nrk-urix-utenriksnyheter-og-dokumentarer","status":"publish","type":"post","link":"https:\/\/www.europesays.com\/no\/117799\/","title":{"rendered":"USAs justisdepartement har startet offentliggj\u00f8ringen av Epstein-dokumenter \u2013 NRK Urix \u2013 Utenriksnyheter og -dokumentarer"},"content":{"rendered":"<p>Den 20. november signerte USAs president Donald Trump en lov som p\u00e5la full offentliggj\u00f8ring av alle dokumenter knyttet til Jeffrey Epstein (72).<\/p>\n<p><strong>Justisdepartementet fikk en frist p\u00e5 30 dager til \u00e5 utlevere alt materiale fra granskingen, i et nedlastbart og s\u00f8kbart format.<\/strong><\/p>\n<p>Fredag kveld meldte <a href=\"https:\/\/us.cnn.com\/2025\/12\/18\/politics\/epstein-documents-redaction-process\" target=\"_blank\" ec-id=\"https:\/\/us.cnn.com\/2025\/12\/18\/politics\/epstein-documents-redaction-process\" ec-name=\"CNN\" rel=\"nofollow noopener\">CNN<\/a> at justisdepartementet enn\u00e5 ikke er ferdig med sladdingen av dokumentene, men at de vil frigi flere hundre tusen dokumenter fredag.<\/p>\n<p>Offentliggj\u00f8ringen denne kvelden er derfor bare den f\u00f8rste i en rekke offentliggj\u00f8ringer de kommende ukene.\u2003<\/p>\n<p><strong>Flere av dokumentene som er frigitt fredag kveld er sladdet. <\/strong><\/p>\n<p>If\u00f8lge <a href=\"https:\/\/news.sky.com\/story\/epstein-files-latest-deadline-looms-for-full-release-after-more-photos-and-mystery-text-published-13474749\" target=\"_blank\" ec-id=\"https:\/\/news.sky.com\/story\/epstein-files-latest-deadline-looms-for-full-release-after-more-photos-and-mystery-text-published-13474749\" ec-name=\"Sky News\" rel=\"nofollow noopener\">Sky News<\/a> er 300.000 sider med Epstein-dokumenter blitt offentliggjort, men s\u00e5 langt har ikke avisens egne USA-korrspondent, James Matthews, funnet noen dokuementer som omtaler USAs president Donald Trump.<\/p>\n<p>P\u00e5 1980\u2011 og 1990\u2011tallet var b\u00e5de Epstein og Donald Trump (79) en del av det samme sosiale nettverket i Florida.<\/p>\n<p>Etterforsket siden midten av 2000-tallet<\/p>\n<p>Jeffrey Epstein ble etterforsket og senere siktet for seksuelle overgrep mot mindre\u00e5rige fra midten av 2000-tallet, og sonet en kort fengselsstraff i 2009.<\/p>\n<p>I 2019 ble Epstein igjen p\u00e5grepet og tiltalt for menneskehandel, og tok sitt eget liv i fengsel samme \u00e5r.<\/p>\n<p>Hvem var Jeffrey Epstein?<\/p>\n<ul>\n<li>F\u00f8dt: 20. januar 1953, i New York. D\u00f8d: 10. august 2019.<\/li>\n<li>Jobbet som matematikk- og fysikkl\u00e6rer, men ble etter hvert rekruttert til investeringsbanken Bear Stearns. Grunnla senere sitt eget firma, J. Epstein &amp; Co, hvor han jobbet med \u00e5 forvalte formuene til rike folk.<\/li>\n<li>Milliard\u00e6r Leslie Wexner, som eide blant annet Victoria&#8217;s Secret og Bath &amp; Body Works, var blant hans st\u00f8rste klienter.<\/li>\n<li>Ved \u00e5 ha en av verdens rikeste menn p\u00e5 kundelisten, kunne Epstein innynde seg ogs\u00e5 andre rike og mektige personer.<\/li>\n<li>P\u00e5 90-tallet ble flyttet Epstein virksomheten sin til De amerikanske Jomfru\u00f8yer (St. Thomas), og han sparte dermed flere hundre millioner i skatt. Det gjorde det ogs\u00e5 lettere \u00e5 skjule hvem han flyttet penger for og hvor de kom fra.<\/li>\n<li>I 1998 kj\u00f8pte Epstein \u00f8ya Little Saint James, som ligger i \u00f8ygruppen De amerikanske Jomfru\u00f8yer. \u00d8ya ble ofte kalt \u00abPaedophile Island\u00bb eller \u00abOrgy Island\u00bb, p\u00e5 grunn av overgrepene som fant sted der. I 2016 kj\u00f8pte han enda en \u00f8y, Great Saint James. Begge to ble solgt i 2023 til milliard\u00e6r Stephen Deckoff for 60 millioner dollar (rundt 640 millioner norske kroner).<\/li>\n<li>I 2008 tilsto Epstein \u00e5 ha betalt en mindre\u00e5rig for seksuelle tjenester, etter \u00e5 ha blitt etterforsket for overgrep mot flere mindre\u00e5rige jenter. Han ble d\u00f8mt til 13 m\u00e5neder i fengsel.<\/li>\n<li>Etter dommen brukte Epstein sitt store nettverk i et fors\u00f8k p\u00e5 \u00e5 gjenopprette ryktet sitt.<\/li>\n<li>I 2019 ble forretningsmannen igjen p\u00e5grepet og tiltalt for menneskehandel og overgrep mot unge jenter i New York og Florida.<\/li>\n<li>Han begikk selvmord i fengselscellen 10. august 2019, og ble 66 \u00e5r gammel.<\/li>\n<li>Formuen hans ble ansl\u00e5tt til rundt 577 millioner dollar ved hans d\u00f8d.<\/li>\n<\/ul>\n<p>Hans n\u00e6re samarbeidspartner Ghislaine Maxwell (63) ble i 2021 d\u00f8mt for \u00e5 ha rekruttert unge jenter til overgrep, og fikk 20 \u00e5rs fengsel \u00e5ret etter.<\/p>\n<p><img decoding=\"async\"   src=\"data:image\/gif;base64,R0lGODlhAQABAIAAAAAAAP\/\/\/yH5BAEAAAAALAAAAAABAAEAAAIBRAA7\" loading=\"eager\" alt=\"Jeffrey Epstein og Ghislaine Maxwell \" title=\"Foto: AFP\"\/><\/p>\n<p class=\"\">Jeffrey Epstein og Ghislaine Maxwell. <\/p>\n<p>Foto: AFP<\/p>\n<p>I slutten av august offentliggjorde amerikanske myndigheter ogs\u00e5 utskrifter og lydopptak fra et intervju med Maxwell, etter krav om \u00f8kt \u00e5penhet i saken.<\/p>\n<p>Flere kjente navn. <\/p>\n<p>Forrige uke ble 19 nye bilder i Epstein-saken frigitt av demokrater i kongressen fra Jeffrey Epsteins d\u00f8dsbo. Trump var p\u00e5 flere av bildene.<\/p>\n<p>Flere kjente navn var ogs\u00e5 \u00e5 se p\u00e5 de frigitte bildene:<\/p>\n<ul>\n<li>Tidligere president Bill Clinton (79)<\/li>\n<li>Tidligere Trump-r\u00e5dgiver Steve Bannon (72)<\/li>\n<li>Forretningsmann og milliard\u00e6r Bill Gates (79)<\/li>\n<li>Forretningsmann Richard Branson (75)<\/li>\n<li>Filmaskaper Woody Allen (90)<\/li>\n<\/ul>\n<p>Ingen av bildene viser noen form for ulovlig aktivitet, konkluderte etterretningskomiteen i Sentatet.<\/p>\n<p>Det ble ogs\u00e5 frigitt 68 nye bilder fra Epstein-filene torsdag. Ogs\u00e5 her var kjente personer som Bill Gates og Woody Allen \u00e5 se p\u00e5 bildene.<\/p>\n<p><img decoding=\"async\"   src=\"data:image\/gif;base64,R0lGODlhAQABAIAAAAAAAP\/\/\/yH5BAEAAAAALAAAAAABAAEAAAIBRAA7\" loading=\"eager\" alt=\"Fire personer sitter rundt et bord, med en datamaskin foran seg. En kvinne st\u00e5r ved siden av en mann, som har et h\u00e5ndgrep om en annen kvinnes hode. Omgivelsene har gyldne vegger og en r\u00f8d sofa. Et glass med innhold er synlig p\u00e5 bordet, og det er flere gjenstander rundt. (Bildebeskrivelsen er laget av en KI-tjeneste)\" title=\"Foto: NTB\"\/><\/p>\n<p>Foto: NTB<\/p>\n<p>Det frigitte materialet inneholder ogs\u00e5 bilder av ulike pass, bygningsplaner og Epstein sammen med flere kvinner.<\/p>\n<p>Publisert<\/p>\n<p>19.12.2025, kl. 22.10<\/p>\n<p>Oppdatert<\/p>\n<p>19.12.2025, kl. 22.29<\/p>\n","protected":false},"excerpt":{"rendered":"Den 20. november signerte USAs president Donald Trump en lov som p\u00e5la full offentliggj\u00f8ring av alle dokumenter knyttet&hellip;\n","protected":false},"author":2,"featured_media":117800,"comment_status":"","ping_status":"","sticky":false,"template":"","format":"standard","meta":{"footnotes":""},"categories":[5],"tags":[20,21,24,25,15,19,22,23,17,18,13,30,28,29,14,16,26,27],"class_list":{"0":"post-117799","1":"post","2":"type-post","3":"status-publish","4":"format-standard","5":"has-post-thumbnail","7":"category-overskrifter","8":"tag-breaking-news","9":"tag-breakingnews","10":"tag-featured-news","11":"tag-featurednews","12":"tag-headlines","13":"tag-hovedoppslag","14":"tag-latest-news","15":"tag-latestnews","16":"tag-main-news","17":"tag-mainnews","18":"tag-news","19":"tag-no","20":"tag-norge","21":"tag-norway","22":"tag-nyheter","23":"tag-overskrifter","24":"tag-top-stories","25":"tag-topstories"},"share_on_mastodon":{"url":"https:\/\/pubeurope.com\/@no\/115748391052404157","error":""},"_links":{"self":[{"href":"https:\/\/www.europesays.com\/no\/wp-json\/wp\/v2\/posts\/117799","targetHints":{"allow":["GET"]}}],"collection":[{"href":"https:\/\/www.europesays.com\/no\/wp-json\/wp\/v2\/posts"}],"about":[{"href":"https:\/\/www.europesays.com\/no\/wp-json\/wp\/v2\/types\/post"}],"author":[{"embeddable":true,"href":"https:\/\/www.europesays.com\/no\/wp-json\/wp\/v2\/users\/2"}],"replies":[{"embeddable":true,"href":"https:\/\/www.europesays.com\/no\/wp-json\/wp\/v2\/comments?post=117799"}],"version-history":[{"count":0,"href":"https:\/\/www.europesays.com\/no\/wp-json\/wp\/v2\/posts\/117799\/revisions"}],"wp:featuredmedia":[{"embeddable":true,"href":"https:\/\/www.europesays.com\/no\/wp-json\/wp\/v2\/media\/117800"}],"wp:attachment":[{"href":"https:\/\/www.europesays.com\/no\/wp-json\/wp\/v2\/media?parent=117799"}],"wp:term":[{"taxonomy":"category","embeddable":true,"href":"https:\/\/www.europesays.com\/no\/wp-json\/wp\/v2\/categories?post=117799"},{"taxonomy":"post_tag","embeddable":true,"href":"https:\/\/www.europesays.com\/no\/wp-json\/wp\/v2\/tags?post=117799"}],"curies":[{"name":"wp","href":"https:\/\/api.w.org\/{rel}","templated":true}]}}