{"id":117801,"date":"2025-12-19T21:40:14","date_gmt":"2025-12-19T21:40:14","guid":{"rendered":"https:\/\/www.europesays.com\/no\/117801\/"},"modified":"2025-12-19T21:40:14","modified_gmt":"2025-12-19T21:40:14","slug":"sprekere-over-grensen-e24","status":"publish","type":"post","link":"https:\/\/www.europesays.com\/no\/117801\/","title":{"rendered":"\u2013 Sprekere over grensen \u2013 E24"},"content":{"rendered":"<p class=\"fullWidthDesktop hyperion-css-71ztg2\" data-test-tag=\"lead-text\">Analytiker r\u00f8per n\u00e5r du b\u00f8r harryhandle, og mener kronesvekkelsen henger sammen med et flatt potensial for norsk \u00f8konomi. <\/p>\n<p><img decoding=\"async\" class=\"image-asset hyperion-css-ro3oc8\" data-test-tag=\"image-asset\" src=\"https:\/\/www.europesays.com\/no\/wp-content\/uploads\/2025\/12\/4dc01e78-7f69-4621-ac90-3520ec89c056\"  alt=\"Nordbysentret i Sverige. Her fra Maximat. \"  loading=\"eager\" fetchpriority=\"high\" style=\"aspect-ratio:1900 \/ 1267\"\/>Nordbysentret i Sverige. Her fra Maximat. Foto: Adrian NielsenPublisert: Publisert: <\/p>\n<p>For mindre enn 30 minutter siden<\/p>\n<p>Kortversjonen<\/p>\n<ul class=\"hyperion-css-pkq1ci\" data-test-tag=\"list\">\n<li class=\"hyperion-css-12h2ush\">Norske kroner har svekket seg kraftig mot b\u00e5de euro og svenske kroner siden v\u00e5ren.<\/li>\n<li class=\"hyperion-css-12h2ush\">100 svenske kroner koster n\u00e5 109 norske, opp fra 103 i juni.<\/li>\n<li class=\"hyperion-css-12h2ush\">Valutaanalytiker r\u00e5der til harryhandel n\u00e5, men sier det ogs\u00e5 blir gode muligheter neste kvartal.<\/li>\n<li class=\"hyperion-css-12h2ush\">Kronesvekkelsen skyldes svakere utsikter for norsk \u00f8konomi og oljeprisen, mens svensk \u00f8konomi ser lysere ut.<\/li>\n<\/ul>\n<p class=\"hyperion-css-10lbhat\">Oppsummeringen er laget av AI-verkt\u00f8yet ChatGPT og kvalitetssikret av E24s journalister<\/p>\n<p>Vis mer <\/p>\n<ul class=\"hyperion-css-pte5x0\">\n<li aria-label=\"link\" class=\"narrow-button hyperion-css-1sz7d3n\">Kopier lenke<\/li>\n<li aria-label=\"link\" class=\"wide-button hyperion-css-1sz7d3n\">Kopier lenke<\/li>\n<li aria-label=\"facebook\" class=\"narrow-button hyperion-css-1sz7d3n\">Del p\u00e5 Facebook<\/li>\n<li aria-label=\"facebook\" class=\"wide-button hyperion-css-1sz7d3n\">Del p\u00e5 Facebook<\/li>\n<li aria-label=\"email\" class=\"narrow-button hyperion-css-1sz7d3n\">Del med e-post<\/li>\n<li aria-label=\"email\" class=\"wide-button hyperion-css-1sz7d3n\">Del med e-post<\/li>\n<\/ul>\n<p class=\"hyperion-css-1lemvax\">Den norske kronen har svekket seg markant mot b\u00e5de euro og den svenske kronen siden v\u00e5ren, og er p\u00e5 historisk svake niv\u00e5er.<\/p>\n<p class=\"hyperion-css-1lemvax\">Svekkelsen mot v\u00e5rt naboland har v\u00e6rt spesielt sterk. 100 svenske kroner koster n\u00e5 109 norske. Tilbake i juni kostet svenskekronen ned mot 103 norske.<\/p>\n<p class=\"hyperion-css-1lemvax\">\u2013 Burde vi dr\u00f8ye harryhandelen til over jul?<\/p>\n<p class=\"hyperion-css-1lemvax\">\u2013 Helt p\u00e5 kort sikt s\u00e5 er det greit \u00e5 gj\u00f8re det n\u00e5, ogs\u00e5 vil det komme perioder neste kvartal som ogs\u00e5 vil v\u00e6re bra n\u00e5r du skal over grensen, sier valutaanalytiker i Handelsbanken, Nils Kristian Knudsen. <\/p>\n<p><img decoding=\"async\" class=\"image-asset hyperion-css-n6kkq1\" data-test-tag=\"image-asset\" src=\"https:\/\/www.europesays.com\/no\/wp-content\/uploads\/2025\/12\/0e062993-a09a-4bbf-ac5c-7a52d999e650\"  alt=\"\"  fetchpriority=\"auto\" style=\"aspect-ratio:1900 \/ 1267\"\/> Nils Kristian Knudsen<\/p>\n<p class=\"hyperion-css-1lemvax\">Sjefstrateg for aksjer, valuta og renter i Handelsbanken<\/p>\n<p class=\"hyperion-css-1lemvax\"><strong>Han trekker frem flere punkter som preger utviklingen: <\/strong><\/p>\n<ul class=\"hyperion-css-pkq1ci\" data-test-tag=\"list\">\n<li class=\"hyperion-css-12h2ush\">Valutamarkedet er mer interessert i svenske kroner.<\/li>\n<li class=\"hyperion-css-12h2ush\">Negative utsikter for oljeprisen i 2026<\/li>\n<li class=\"hyperion-css-12h2ush\">Svakere utsikter i norsk \u00f8konomi enn tidligere anslag<\/li>\n<li class=\"hyperion-css-12h2ush\">Det ventes en oppsving i svensk \u00f8konomi<\/li>\n<\/ul>\n<p class=\"hyperion-css-1lemvax\">\u2013 Det virker som at det er mye mer interesse i svensk krone, relativt til i utgangspunktet ganske sm\u00e5 interesser i norsk krone, hvor kronen kanskje blir litt \u00about of favor\u00bb\u00about of favor\u00bbBetyr at noe har mistet popularitet, st\u00f8tte eller tillit, og derfor ikke lenger er foretrukket., sier han. <\/p>\n<p class=\"hyperion-css-1lemvax\">Andre valutaer som dollar og euro har ogs\u00e5 styrket seg den siste tiden. Det henger sammen med <a data-test-tag=\"internal-link\" href=\"https:\/\/e24.no\/boers-og-finans\/i\/XMwXgm\/oljeprisen-under-60-dollar\" class=\"hyperion-css-1rezu2g\" rel=\"nofollow noopener\" target=\"\" aria-label=\"svakere utsikter for oljeprisen i 2026\">svakere utsikter for oljeprisen i 2026<\/a>, men ogs\u00e5 renteniv\u00e5et. <\/p>\n<p class=\"hyperion-css-1lemvax\">Knudsen forklarer at vi har en flat rentekurve her hjemme, sett mot utlandet. Markedet venter at takten i renteutviklingen vil peke mot lavere renter i Norge over tid. Investorer s\u00f8ker gjerne mot land der renten er h\u00f8yest, litt som n\u00e5r du plasserer penger i banken. <\/p>\n<p class=\"hyperion-css-1lemvax\">\u2013 Det indikerer at potensialet for norsk \u00f8konomi er litt flatt, sier han. <\/p>\n<p><img decoding=\"async\" class=\"image-asset hyperion-css-u06ts1\" data-test-tag=\"image-asset\" src=\"https:\/\/www.europesays.com\/no\/wp-content\/uploads\/2025\/12\/3a3aca23-cc62-4061-8680-924a69429722\"  alt=\"Grafen viser at den norske kronen har svekket seg mot den svenske det siste \u00e5ret. \"  loading=\"eager\" fetchpriority=\"high\" style=\"aspect-ratio:487 \/ 449\"\/>Grafen viser at den norske kronen har svekket seg mot den svenske det siste \u00e5ret. Foto: Skjermbilde fra Infront\u2013 Sprekere over grensen<\/p>\n<p class=\"hyperion-css-1lemvax\">N\u00e5r styringsrenten settes p\u00e5 et h\u00f8yt niv\u00e5 er det gjerne for \u00e5 hindre for sterk prisvekst og en overoppheting i \u00f8konomien. I motsatt ende, ved kutt, \u00f8nsker sentralbanken gjerne mer fart, og en prisvekst som ikke faller for mye.<\/p>\n<p class=\"hyperion-css-1lemvax\">\u2013 For Norges del er vi fortsatt i en den \u00abcampen\u00bb hvor renten skal normaliseres. Det betyr at den er p\u00e5 vei ned. Men inntil vi f\u00e5r en \u00f8konomi som litt mer i balanse, og at vi f\u00e5r orden p\u00e5 inflasjonen s\u00e5 vil trolig det hefte litt med Norge som investering. Blant de st\u00f8rste handelspartnerne vi har s\u00e5 har de kommet i m\u00e5l med det, mens her hjemme gj\u00f8r vi ikke det, sier han. <\/p>\n<ul class=\"hyperion-css-pkq1ci\" data-test-tag=\"list\">\n<li class=\"hyperion-css-12h2ush\">I Sverige ligger inflasjoneninflasjonenDette referer til KPIF som, som ser bort fra renteutgifter. Riksbanken er mest opptatt av dette m\u00e5let. Totalinflasjonen (KPI) var p\u00e5 0,3 prosent.  n\u00e5 p\u00e5 2,3 prosent, like over sentralbankens m\u00e5l om to prosent.<\/li>\n<li class=\"hyperion-css-12h2ush\">I Norge ligger inflasjonen p\u00e5 <a data-test-tag=\"internal-link\" href=\"https:\/\/e24.no\/norsk-oekonomi\/i\/9pmoMw\/prisveksten-falt-i-november-dette-sier-oekonomene-om-neste-rentekutt\" class=\"hyperion-css-1rezu2g\" rel=\"nofollow noopener\" target=\"\" aria-label=\"tre prosent\">tre prosent<\/a>. <\/li>\n<li class=\"hyperion-css-12h2ush\">Den svenske sentralbanken lot nylig styringsrenten <a data-test-tag=\"internal-link\" href=\"https:\/\/e24.no\/internasjonal-oekonomi\/i\/0VwQoJ\/uendret-rente-i-sverige\" class=\"hyperion-css-1rezu2g\" rel=\"nofollow noopener\" target=\"\" aria-label=\"st\u00e5 uendret p\u00e5 1,75 prosent\">st\u00e5 uendret p\u00e5 1,75 prosent<\/a> p\u00e5 sist m\u00f8te i desember, og varslet at den kan bli liggende der hele 2026. <\/li>\n<li class=\"hyperion-css-12h2ush\">Til sammenligning lot Norges Bank ogs\u00e5 renten <a data-test-tag=\"internal-link\" href=\"https:\/\/e24.no\/norsk-oekonomi\/i\/L40wzp\/norges-bank-holder-renten-uendret\" class=\"hyperion-css-1rezu2g\" rel=\"nofollow noopener\" target=\"\" aria-label=\"st\u00e5 uendret, men p\u00e5 fire prosent\">st\u00e5 uendret, men p\u00e5 fire prosent<\/a>. Rentebanen \u00e5pner for to kutt neste \u00e5r.<\/li>\n<\/ul>\n<p class=\"hyperion-css-1lemvax\">Valutaanalytikeren legger til at det fortsatt g\u00e5r tregt i europeisk \u00f8konomi, selv om det kanskje er mer optimisme der, og spesielt i Sverige. <\/p>\n<p class=\"hyperion-css-1lemvax\">\u2013 Utviklingen her hjemme er litt impulsl\u00f8st p\u00e5 en m\u00e5te, ogs\u00e5 er det litt sprekere over grensen. Det er det som gj\u00f8r at jeg tror svenskene vil holde seg oppe, ogs\u00e5 fremover, sier han. <\/p>\n","protected":false},"excerpt":{"rendered":"Analytiker r\u00f8per n\u00e5r du b\u00f8r harryhandle, og mener kronesvekkelsen henger sammen med et flatt potensial for norsk \u00f8konomi.&hellip;\n","protected":false},"author":2,"featured_media":117802,"comment_status":"","ping_status":"","sticky":false,"template":"","format":"standard","meta":{"footnotes":""},"categories":[56],"tags":[60,61,62,30,28,29],"class_list":{"0":"post-117801","1":"post","2":"type-post","3":"status-publish","4":"format-standard","5":"has-post-thumbnail","7":"category-naeringsliv","8":"tag-business","9":"tag-economy","10":"tag-naeringsliv","11":"tag-no","12":"tag-norge","13":"tag-norway"},"share_on_mastodon":{"url":"https:\/\/pubeurope.com\/@no\/115748406947656266","error":""},"_links":{"self":[{"href":"https:\/\/www.europesays.com\/no\/wp-json\/wp\/v2\/posts\/117801","targetHints":{"allow":["GET"]}}],"collection":[{"href":"https:\/\/www.europesays.com\/no\/wp-json\/wp\/v2\/posts"}],"about":[{"href":"https:\/\/www.europesays.com\/no\/wp-json\/wp\/v2\/types\/post"}],"author":[{"embeddable":true,"href":"https:\/\/www.europesays.com\/no\/wp-json\/wp\/v2\/users\/2"}],"replies":[{"embeddable":true,"href":"https:\/\/www.europesays.com\/no\/wp-json\/wp\/v2\/comments?post=117801"}],"version-history":[{"count":0,"href":"https:\/\/www.europesays.com\/no\/wp-json\/wp\/v2\/posts\/117801\/revisions"}],"wp:featuredmedia":[{"embeddable":true,"href":"https:\/\/www.europesays.com\/no\/wp-json\/wp\/v2\/media\/117802"}],"wp:attachment":[{"href":"https:\/\/www.europesays.com\/no\/wp-json\/wp\/v2\/media?parent=117801"}],"wp:term":[{"taxonomy":"category","embeddable":true,"href":"https:\/\/www.europesays.com\/no\/wp-json\/wp\/v2\/categories?post=117801"},{"taxonomy":"post_tag","embeddable":true,"href":"https:\/\/www.europesays.com\/no\/wp-json\/wp\/v2\/tags?post=117801"}],"curies":[{"name":"wp","href":"https:\/\/api.w.org\/{rel}","templated":true}]}}