{"id":117803,"date":"2025-12-19T21:43:29","date_gmt":"2025-12-19T21:43:29","guid":{"rendered":"https:\/\/www.europesays.com\/no\/117803\/"},"modified":"2025-12-19T21:43:29","modified_gmt":"2025-12-19T21:43:29","slug":"denne-elgen-forte-til-lang-ko-pa-e6-adressa-no","status":"publish","type":"post","link":"https:\/\/www.europesays.com\/no\/117803\/","title":{"rendered":"Denne elgen f\u00f8rte til lang k\u00f8 p\u00e5 E6 &#8211; adressa.no"},"content":{"rendered":"<ol>\n<li><a href=\"https:\/\/news.google.com\/rss\/articles\/CBMimgFBVV95cUxPMHUzajZmdFBYQ01qcU9NUWg1QXNRenU5MlYwX3B0RThDb3pYeG1BbEFDSkdVRmowSi15b3pxRlJoMHR1ZVJWaGw5c3JYQlFnYmJRNGtyUUlCa1VhMHB5LXV2UnBtb21BX0s4Vm1yMUdibUc4TlBUaG9aUmI5LWRVWWxtNVhObTFacW5JYUxFTmtRd1hYMTZyOC13?oc=5\" target=\"_blank\" rel=\"nofollow noopener\">Denne elgen f\u00f8rte til lang k\u00f8 p\u00e5 E6<\/a>&nbsp;&nbsp;adressa.no<\/li>\n<li><a href=\"https:\/\/news.google.com\/rss\/articles\/CBMifEFVX3lxTFBHUG1FYWhCMlBLS0psRGNGTS05bk83Q3gxOHZvM1VoM21UbGgxSmJJam1Gc1V5NC1BbW5ZX1VId0E2ZmtXN2o2Y0F6cml2R1hEdWFXSEd5VEV1YUdNeFFYUDFhSzFUdi1pYlhRbkMwUjhEZ1luMFRmcFo1Y0M?oc=5\" target=\"_blank\" rel=\"nofollow noopener\">Stein K\u00e5re og kona fikk elg i fronten: \u2013 Flaks at vi berget<\/a>&nbsp;&nbsp;innherred.no<\/li>\n<li><a href=\"https:\/\/news.google.com\/rss\/articles\/CBMiaEFVX3lxTE5GdVNKcUdoYVkzbkY4emJ2aWlCT21Ncktyc1g0d19PRkxreDdxLUUyUmc3dE1ObWhJUF9vTzVDMlhZMXpsUDdPbnFaRHJOaGd1b3IybUYzQlBCOTAtT1JkMEVlVXZiYU5N?oc=5\" target=\"_blank\" rel=\"nofollow noopener\">Trafikk, Ulykker og hendelser | Kj\u00f8rte p\u00e5 elg: \u2013 Kunne v\u00e6rt d\u00f8de begge to<\/a>&nbsp;&nbsp;Tr\u00f8nder-Avisa<\/li>\n<li><a href=\"https:\/\/news.google.com\/rss\/articles\/CBMidEFVX3lxTE55QlIyYWNOb2hRTWd3WEFoX2ZFN1dWRnV1RFlLMi1JLTBzYWJBZlpuLXNHR2ZZSEw4S0FNdkljR1FoX1ZfY2otWC1TaWJEaEhzc040N25oYkdIVlVZQ3J6TVNzRTRoVm1tcHYtR2F0NV9rajZi?oc=5\" target=\"_blank\" rel=\"nofollow noopener\">(+) Advarer om elg p\u00e5 E6<\/a>&nbsp;&nbsp;framtidinord.no<\/li>\n<li><a href=\"https:\/\/news.google.com\/rss\/articles\/CBMid0FVX3lxTE00YjRUck9GckVlV3VLbWc5aDFiZHdUNk9vRl9UakNrRG5aYVhTdHV0d2tPSkhDWmpyWFYxM0tnU0ZuandMdURzYVFkZ1R5bHJkcXpELU1YMmQxdFJBQVB6dTBreWtOY0JiOUFYSVdPY2MyTFNPS19r?oc=5\" target=\"_blank\" rel=\"nofollow noopener\">Elg\u00adp\u00e5kj\u00f8rsel &#8211; viltnemda p\u00e5 vei<\/a>&nbsp;&nbsp;adressa.no<\/li>\n<\/ol>\n","protected":false},"excerpt":{"rendered":"Denne elgen f\u00f8rte til lang k\u00f8 p\u00e5 E6&nbsp;&nbsp;adressa.no Stein K\u00e5re og kona fikk elg i fronten: \u2013 Flaks&hellip;\n","protected":false},"author":2,"featured_media":117804,"comment_status":"","ping_status":"","sticky":false,"template":"","format":"standard","meta":{"footnotes":""},"categories":[10],"tags":[20,21,24,25,15,22,23,13,30,28,29,14,16,26,27],"class_list":{"0":"post-117803","1":"post","2":"type-post","3":"status-publish","4":"format-standard","5":"has-post-thumbnail","7":"category-norge","8":"tag-breaking-news","9":"tag-breakingnews","10":"tag-featured-news","11":"tag-featurednews","12":"tag-headlines","13":"tag-latest-news","14":"tag-latestnews","15":"tag-news","16":"tag-no","17":"tag-norge","18":"tag-norway","19":"tag-nyheter","20":"tag-overskrifter","21":"tag-top-stories","22":"tag-topstories"},"share_on_mastodon":{"url":"https:\/\/pubeurope.com\/@no\/115748418648329814","error":""},"_links":{"self":[{"href":"https:\/\/www.europesays.com\/no\/wp-json\/wp\/v2\/posts\/117803","targetHints":{"allow":["GET"]}}],"collection":[{"href":"https:\/\/www.europesays.com\/no\/wp-json\/wp\/v2\/posts"}],"about":[{"href":"https:\/\/www.europesays.com\/no\/wp-json\/wp\/v2\/types\/post"}],"author":[{"embeddable":true,"href":"https:\/\/www.europesays.com\/no\/wp-json\/wp\/v2\/users\/2"}],"replies":[{"embeddable":true,"href":"https:\/\/www.europesays.com\/no\/wp-json\/wp\/v2\/comments?post=117803"}],"version-history":[{"count":0,"href":"https:\/\/www.europesays.com\/no\/wp-json\/wp\/v2\/posts\/117803\/revisions"}],"wp:featuredmedia":[{"embeddable":true,"href":"https:\/\/www.europesays.com\/no\/wp-json\/wp\/v2\/media\/117804"}],"wp:attachment":[{"href":"https:\/\/www.europesays.com\/no\/wp-json\/wp\/v2\/media?parent=117803"}],"wp:term":[{"taxonomy":"category","embeddable":true,"href":"https:\/\/www.europesays.com\/no\/wp-json\/wp\/v2\/categories?post=117803"},{"taxonomy":"post_tag","embeddable":true,"href":"https:\/\/www.europesays.com\/no\/wp-json\/wp\/v2\/tags?post=117803"}],"curies":[{"name":"wp","href":"https:\/\/api.w.org\/{rel}","templated":true}]}}