{"id":117805,"date":"2025-12-19T21:44:14","date_gmt":"2025-12-19T21:44:14","guid":{"rendered":"https:\/\/www.europesays.com\/no\/117805\/"},"modified":"2025-12-19T21:44:14","modified_gmt":"2025-12-19T21:44:14","slug":"regjeringen-vil-at-natos-luftoperasjonssenter-i-bodo-skal-vaere-permanent-nrk-nordland","status":"publish","type":"post","link":"https:\/\/www.europesays.com\/no\/117805\/","title":{"rendered":"Regjeringen vil at Natos luftoperasjonssenter i Bod\u00f8 skal v\u00e6re permanent \u2013 NRK Nordland"},"content":{"rendered":"<p><strong>Overv\u00e5ker alliert luftrom d\u00f8gnet rundt<\/strong><\/p>\n<p>CAOC Bod\u00f8 er NATOs regionale hovedkvarter for kommando og kontroll av allierte luftstyrker i nordomr\u00e5dene.<\/p>\n<p>Den nye luftkommandoen har allerede begynt \u00e5 l\u00f8se oppgaver for NATO. Senteret skal kunne lede, planlegge, koordinere og overv\u00e5ke luftoperasjoner i fred, krise og konflikt, i tett samvirke med nasjonale myndigheter og \u00f8vrige NATO-hovedkvarter.<\/p>\n<p>CAOC Bod\u00f8 bidrar til gjennomf\u00f8ringen av NATOs evne til avskrekking og forsvar, og gir alliansen bedre evne til \u00e5 reagere raskt og samlet.<\/p>\n<p>Luftoperasjonssenteret som er underlagt NATO kommandoen i Norfolk, inng\u00e5r i et felles nettverk med luftoperasjonssentrene i Tyskland og i Spania, som sammen overv\u00e5ker alliert luftrom d\u00f8gnet rundt og leder luftoperasjoner over Europa.<\/p>\n<p><strong>Kilde: <a href=\"https:\/\/www.regjeringen.no\/no\/aktuelt\/bodo-tilbys-som-permanent-lokalisering-for-natos-luftoperasjonssenter2\/id3143926\/\" ec-id=\"https:\/\/www.regjeringen.no\/no\/aktuelt\/bodo-tilbys-som-permanent-lokalisering-for-natos-luftoperasjonssenter2\/id3143926\/\" ec-name=\"regjeringen\" rel=\"nofollow noopener\" target=\"_blank\">regjeringen<\/a><\/strong><\/p>\n","protected":false},"excerpt":{"rendered":"Overv\u00e5ker alliert luftrom d\u00f8gnet rundt CAOC Bod\u00f8 er NATOs regionale hovedkvarter for kommando og kontroll av allierte luftstyrker&hellip;\n","protected":false},"author":2,"featured_media":117806,"comment_status":"","ping_status":"","sticky":false,"template":"","format":"standard","meta":{"footnotes":""},"categories":[5],"tags":[20,21,24,25,15,19,22,23,17,18,13,30,28,29,14,16,26,27],"class_list":{"0":"post-117805","1":"post","2":"type-post","3":"status-publish","4":"format-standard","5":"has-post-thumbnail","7":"category-overskrifter","8":"tag-breaking-news","9":"tag-breakingnews","10":"tag-featured-news","11":"tag-featurednews","12":"tag-headlines","13":"tag-hovedoppslag","14":"tag-latest-news","15":"tag-latestnews","16":"tag-main-news","17":"tag-mainnews","18":"tag-news","19":"tag-no","20":"tag-norge","21":"tag-norway","22":"tag-nyheter","23":"tag-overskrifter","24":"tag-top-stories","25":"tag-topstories"},"share_on_mastodon":{"url":"https:\/\/pubeurope.com\/@no\/115748422457523451","error":""},"_links":{"self":[{"href":"https:\/\/www.europesays.com\/no\/wp-json\/wp\/v2\/posts\/117805","targetHints":{"allow":["GET"]}}],"collection":[{"href":"https:\/\/www.europesays.com\/no\/wp-json\/wp\/v2\/posts"}],"about":[{"href":"https:\/\/www.europesays.com\/no\/wp-json\/wp\/v2\/types\/post"}],"author":[{"embeddable":true,"href":"https:\/\/www.europesays.com\/no\/wp-json\/wp\/v2\/users\/2"}],"replies":[{"embeddable":true,"href":"https:\/\/www.europesays.com\/no\/wp-json\/wp\/v2\/comments?post=117805"}],"version-history":[{"count":0,"href":"https:\/\/www.europesays.com\/no\/wp-json\/wp\/v2\/posts\/117805\/revisions"}],"wp:featuredmedia":[{"embeddable":true,"href":"https:\/\/www.europesays.com\/no\/wp-json\/wp\/v2\/media\/117806"}],"wp:attachment":[{"href":"https:\/\/www.europesays.com\/no\/wp-json\/wp\/v2\/media?parent=117805"}],"wp:term":[{"taxonomy":"category","embeddable":true,"href":"https:\/\/www.europesays.com\/no\/wp-json\/wp\/v2\/categories?post=117805"},{"taxonomy":"post_tag","embeddable":true,"href":"https:\/\/www.europesays.com\/no\/wp-json\/wp\/v2\/tags?post=117805"}],"curies":[{"name":"wp","href":"https:\/\/api.w.org\/{rel}","templated":true}]}}