{"id":117807,"date":"2025-12-19T21:50:17","date_gmt":"2025-12-19T21:50:17","guid":{"rendered":"https:\/\/www.europesays.com\/no\/117807\/"},"modified":"2025-12-19T21:50:17","modified_gmt":"2025-12-19T21:50:17","slug":"container-traff-bro-pa-e6-i-trondheim","status":"publish","type":"post","link":"https:\/\/www.europesays.com\/no\/117807\/","title":{"rendered":"Container traff bro p\u00e5 E6 i Trondheim"},"content":{"rendered":"\n<p class=\"_lead_o9xde_2 _lead_xtcu6_50 layout-component text-serif-m layout-normal text-serif-l layout-component layout-wide layout-padded _wide_17hqh_1 layout-padded\">Det f\u00f8rer til full stans i trafikken p\u00e5 E6 nordg\u00e5ende i Trondheim.<\/p>\n<p> <img class=\"_image_qp4xg_65 layout-component layout-wide\" data-fullscreen- data-track-element-type=\"Article image fullscreen\" data-track-name=\"ImageFullscreen\" fetchpriority=\"high\" decoding=\"sync\" loading=\"eager\" height=\"181\" itemprop=\"image\"  src=\"https:\/\/www.europesays.com\/no\/wp-content\/uploads\/2025\/12\/a14a787c20d422f91b9dfc22fff22f0b.jpg\"  style=\"object-position:50% 50%;aspect-ratio:1.75;height:auto;object-fit:cover;width:100%\" width=\"102\"\/>   Oppdatert fredag 19. desember kl. 22:40     <\/p>\n<p class=\"_paragraph_o9xde_4 _paragraph_xtcu6_10 layout-component text-serif-m layout-normal text-serif-m layout-padded\">Klokken 20.17 fredag kveld fikk politiet melding om at en lastebil med flere containere p\u00e5 lasteplanet hadde truffet en gangbro over E6 ved Sandmoen i <a href=\"https:\/\/www.vg.no\/tag\/trondheim?utm_source=vg-article&amp;utm_medium=auto-tagger&amp;utm_campaign=K83yV7\" class=\"_link_o9xde_39\" rel=\"nofollow noopener\" target=\"_blank\">Trondheim<\/a>. <\/p>\n<p><img alt=\"Foto: Bertil Lern\u00e6s\" class=\"_image_qp4xg_65 layout-component layout-normal\" data-fullscreen- data-track-element-type=\"Article image fullscreen\" data-track-name=\"ImageFullscreen\" decoding=\"async\" loading=\"lazy\" height=\"1843\" itemprop=\"image\"  src=\"https:\/\/www.europesays.com\/no\/wp-content\/uploads\/2025\/12\/31f9fa6c-ff3b-49c8-b9c0-a55e92aff1c7\"  style=\"object-position:0% 0%\" width=\"2918\"\/>Foto: Bertil Lern\u00e6s<\/p>\n<p class=\"_paragraph_o9xde_4 _paragraph_xtcu6_10 layout-component text-serif-m layout-normal text-serif-m layout-padded\">\u2013 Ingen personer er skadet, men det er skader p\u00e5 broen etter at den ene containeren delvis datt av, opplyser operasjonsleder Wenche Johnsen til VG. <\/p>\n<p class=\"_paragraph_o9xde_4 _paragraph_xtcu6_10 layout-component text-serif-m layout-normal text-serif-m layout-padded\">Bilder fra stedet viser at containeren n\u00e6rmest lener seg mot gangbroen.<\/p>\n<p class=\"_paragraph_o9xde_4 _paragraph_xtcu6_10 layout-component text-serif-m layout-normal text-serif-m layout-padded\">Trafikken er stanset i nordg\u00e5ende l\u00f8p.<\/p>\n<p>\u2013 D\u00e6ven kor det smalt<\/p>\n<p class=\"_paragraph_o9xde_4 _paragraph_xtcu6_10 layout-component text-serif-m layout-normal text-serif-m layout-padded\">Men for Rita Steine, en av de n\u00e6rmeste naboene til ulykkesstedet, ble det en kraftig opplevelse.<\/p>\n<p class=\"_paragraph_o9xde_4 _paragraph_xtcu6_10 layout-component text-serif-m layout-normal text-serif-m layout-padded\">\u2013 Det smalt s\u00e5 g\u00e6li at det rista i m\u00e6, sier Steine til VG.<\/p>\n<p class=\"_paragraph_o9xde_4 _paragraph_xtcu6_10 layout-component text-serif-m layout-normal text-serif-m layout-padded\">Steine forteller at hun var p\u00e5 telefon med ektemannen og p\u00e5 vei ut p\u00e5 verandaen da hun h\u00f8rte et stort smell.<\/p>\n<p><img decoding=\"async\" alt=\"Bilde av Rita Steine\" class=\"_image_ygndg_42\" height=\"59\" itemprop=\"image\" loading=\"lazy\"  src=\"https:\/\/www.europesays.com\/no\/wp-content\/uploads\/2025\/12\/15db35c7-f7b3-44ac-b141-2fe4affd9678\"  width=\"40\"\/><strong class=\"_name_ygndg_51 title-serif-xs\">Rita Steine<\/strong><\/p>\n<p class=\"_paragraph_o9xde_4 text-sans-m _description_ygndg_56\">Forskrekket nabo<\/p>\n<p class=\"_paragraph_o9xde_4 _paragraph_xtcu6_10 layout-component text-serif-m layout-normal text-serif-m layout-padded\">\u2013 Det var voldsomt til eksplosjon, sa jeg til mannen min. D\u00e6ven kor det smalt. Det var en skikkelig eksplosjon, gjenforteller hun.<\/p>\n<p class=\"_paragraph_o9xde_4 _paragraph_xtcu6_10 layout-component text-serif-m layout-normal text-serif-m layout-padded\">Der og da var hun overbevist om at det var g\u00e5tt liv med i ulykken, men det viste seg heldigvis \u00e5 ikke stemme da hun gikk bort for \u00e5 se hva som hadde skjedd. <\/p>\n<p class=\"_paragraph_o9xde_4 _paragraph_xtcu6_10 layout-component text-serif-m layout-normal text-serif-m layout-padded\">\u2013 Entrepren\u00f8rer er p\u00e5 stedet n\u00e5, og det er skiltet omkj\u00f8ring, men det er usikkert hvor lang tid det vil ta, sier operasjonslederen.<\/p>\n<p class=\"_paragraph_o9xde_4 _paragraph_xtcu6_10 layout-component text-serif-m layout-normal text-serif-m layout-padded\">Vegtrafikksentralen Midt har ogs\u00e5 folk p\u00e5 stedet. Trafikk\u00adoperat\u00f8r Roger Berg forteller til VG at trafikken flyter, takket v\u00e6re omkj\u00f8ringen.<\/p>\n<p><img alt=\"Foto: Bertil Lern\u00e6s\" class=\"_image_qp4xg_65 layout-component layout-normal\" data-fullscreen- data-track-element-type=\"Article image fullscreen\" data-track-name=\"ImageFullscreen\" decoding=\"async\" loading=\"lazy\" height=\"1848\" itemprop=\"image\"  src=\"https:\/\/www.europesays.com\/no\/wp-content\/uploads\/2025\/12\/c5a6527f-5490-44b3-8730-e7e16cb1dddf\"  style=\"object-position:0% 0%\" width=\"4000\"\/>Foto: Bertil Lern\u00e6s<\/p>\n<p class=\"_paragraph_o9xde_4 _paragraph_xtcu6_10 layout-component text-serif-m layout-normal text-serif-m layout-padded\">\u2013 Det er fantastisk at det er mulig \u00e5 f\u00e5 til det her. Det er helt kaos i forhold til trafikken, men selvf\u00f8lgelig: uhell skjer. Jeg har ikke sett noe lignende noe annet sted enn p\u00e5 YouTube, sier frilansfotograf Bertil Lern\u00e6s til VG.<\/p>\n<p>\u2013 Skj\u00f8nner ikke helt<\/p>\n<p class=\"_paragraph_o9xde_4 _paragraph_xtcu6_10 layout-component text-serif-m layout-normal text-serif-m layout-padded\">\u2013 Her har vi st\u00e5tt en dr\u00f8y time, sier Arnhild Saltbones p\u00e5 telefon med VG.<\/p>\n<p class=\"_paragraph_o9xde_4 _paragraph_xtcu6_10 layout-component text-serif-m layout-normal text-serif-m layout-padded\">Hun og datteren var p\u00e5 vei til V\u00e6rnes flyplass for \u00e5 hente s\u00f8nnen hjem til jul. <\/p>\n<p class=\"_paragraph_o9xde_4 _paragraph_xtcu6_10 layout-component text-serif-m layout-normal text-serif-m layout-padded\">\u2013 Vi skulle tatt ei ferge til Fosen ogs\u00e5, s\u00e5 det blir nok sent dette her, humrer Saltbones. <\/p>\n<p><img decoding=\"async\" alt=\"Bilde av Arnhild Saltbones\" class=\"_image_ygndg_42\" height=\"39\" itemprop=\"image\" loading=\"lazy\"  src=\"https:\/\/www.europesays.com\/no\/wp-content\/uploads\/2025\/12\/78fbb27d-8936-4729-8acb-715b94f64365\"  width=\"40\"\/><strong class=\"_name_ygndg_51 title-serif-xs\">Arnhild Saltbones<\/strong><\/p>\n<p class=\"_paragraph_o9xde_4 text-sans-m _description_ygndg_56\">Uheldig bilist<\/p>\n<p class=\"_paragraph_o9xde_4 _paragraph_xtcu6_10 layout-component text-serif-m layout-normal text-serif-m layout-padded\">Hun blir ikke helt klok p\u00e5 det hun ser.<\/p>\n<p class=\"_paragraph_o9xde_4 _paragraph_xtcu6_10 layout-component text-serif-m layout-normal text-serif-m layout-padded\">\u2013 Containeren st\u00e5r skj\u00f8vvi opp mot ei bru. Vi skj\u00f8nner ikke helt hvordan det har skjedd. Men ingen har blitt skadet heldigvis, sier Saltbones. <\/p>\n<p class=\"_paragraph_o9xde_4 _paragraph_xtcu6_10 layout-component text-serif-m layout-normal text-serif-m layout-padded\">N\u00e5 forteller hun at bilistene i k\u00f8en som har dannet seg har blitt bedt om forberede seg p\u00e5 \u00e5 sette kursen s\u00f8rover for \u00e5 ta en omkj\u00f8ring. <\/p>\n","protected":false},"excerpt":{"rendered":"Det f\u00f8rer til full stans i trafikken p\u00e5 E6 nordg\u00e5ende i Trondheim. Oppdatert fredag 19. desember kl. 22:40&hellip;\n","protected":false},"author":2,"featured_media":117808,"comment_status":"","ping_status":"","sticky":false,"template":"","format":"standard","meta":{"footnotes":""},"categories":[10],"tags":[20,21,24,25,15,22,23,13,30,28,29,14,16,26,27,1100,596],"class_list":{"0":"post-117807","1":"post","2":"type-post","3":"status-publish","4":"format-standard","5":"has-post-thumbnail","7":"category-norge","8":"tag-breaking-news","9":"tag-breakingnews","10":"tag-featured-news","11":"tag-featurednews","12":"tag-headlines","13":"tag-latest-news","14":"tag-latestnews","15":"tag-news","16":"tag-no","17":"tag-norge","18":"tag-norway","19":"tag-nyheter","20":"tag-overskrifter","21":"tag-top-stories","22":"tag-topstories","23":"tag-trafikkulykker","24":"tag-trondheim"},"share_on_mastodon":{"url":"https:\/\/pubeurope.com\/@no\/115748446547590838","error":""},"_links":{"self":[{"href":"https:\/\/www.europesays.com\/no\/wp-json\/wp\/v2\/posts\/117807","targetHints":{"allow":["GET"]}}],"collection":[{"href":"https:\/\/www.europesays.com\/no\/wp-json\/wp\/v2\/posts"}],"about":[{"href":"https:\/\/www.europesays.com\/no\/wp-json\/wp\/v2\/types\/post"}],"author":[{"embeddable":true,"href":"https:\/\/www.europesays.com\/no\/wp-json\/wp\/v2\/users\/2"}],"replies":[{"embeddable":true,"href":"https:\/\/www.europesays.com\/no\/wp-json\/wp\/v2\/comments?post=117807"}],"version-history":[{"count":0,"href":"https:\/\/www.europesays.com\/no\/wp-json\/wp\/v2\/posts\/117807\/revisions"}],"wp:featuredmedia":[{"embeddable":true,"href":"https:\/\/www.europesays.com\/no\/wp-json\/wp\/v2\/media\/117808"}],"wp:attachment":[{"href":"https:\/\/www.europesays.com\/no\/wp-json\/wp\/v2\/media?parent=117807"}],"wp:term":[{"taxonomy":"category","embeddable":true,"href":"https:\/\/www.europesays.com\/no\/wp-json\/wp\/v2\/categories?post=117807"},{"taxonomy":"post_tag","embeddable":true,"href":"https:\/\/www.europesays.com\/no\/wp-json\/wp\/v2\/tags?post=117807"}],"curies":[{"name":"wp","href":"https:\/\/api.w.org\/{rel}","templated":true}]}}