{"id":117811,"date":"2025-12-19T21:57:24","date_gmt":"2025-12-19T21:57:24","guid":{"rendered":"https:\/\/www.europesays.com\/no\/117811\/"},"modified":"2025-12-19T21:57:24","modified_gmt":"2025-12-19T21:57:24","slug":"coop-nyhetsvarsel-coop-tilbakekaller-fryste-jordbaer-etter-funn-av-skadedyrmidler","status":"publish","type":"post","link":"https:\/\/www.europesays.com\/no\/117811\/","title":{"rendered":"Coop, Nyhetsvarsel | Coop tilbakekaller fryste jordb\u00e6r etter funn av skadedyrmidler"},"content":{"rendered":"\n<p>Coop tilbakekaller produktet Xtra fryste jordb\u00e6r 500 gram.<\/p>\n<p>\u2013 Finske myndigheter har funnet rester av pesticidet Oxamyl over grenseverdien i et parti fryste jordb\u00e6r. Dette kan medf\u00f8re helsefare, skriver Coop i en pressemelding.<\/p>\n<p>Rent konkret gjelder produkter med best f\u00f8r: 14.04.2027 (Lot V25287) og 17.04.2027 (Lot V25290).<\/p>\n<p>Coop oppfordrer forbrukere som har kj\u00f8pt produktet om \u00e5 kaste dette, eller levere produktet tilbake til butikk og f\u00e5 pengene tilbake.<\/p>\n","protected":false},"excerpt":{"rendered":"Coop tilbakekaller produktet Xtra fryste jordb\u00e6r 500 gram. \u2013 Finske myndigheter har funnet rester av pesticidet Oxamyl over&hellip;\n","protected":false},"author":2,"featured_media":117812,"comment_status":"","ping_status":"","sticky":false,"template":"","format":"standard","meta":{"footnotes":""},"categories":[10],"tags":[20,21,24,25,15,22,23,13,30,28,29,14,16,26,27],"class_list":{"0":"post-117811","1":"post","2":"type-post","3":"status-publish","4":"format-standard","5":"has-post-thumbnail","7":"category-norge","8":"tag-breaking-news","9":"tag-breakingnews","10":"tag-featured-news","11":"tag-featurednews","12":"tag-headlines","13":"tag-latest-news","14":"tag-latestnews","15":"tag-news","16":"tag-no","17":"tag-norge","18":"tag-norway","19":"tag-nyheter","20":"tag-overskrifter","21":"tag-top-stories","22":"tag-topstories"},"share_on_mastodon":{"url":"https:\/\/pubeurope.com\/@no\/115748473564073374","error":""},"_links":{"self":[{"href":"https:\/\/www.europesays.com\/no\/wp-json\/wp\/v2\/posts\/117811","targetHints":{"allow":["GET"]}}],"collection":[{"href":"https:\/\/www.europesays.com\/no\/wp-json\/wp\/v2\/posts"}],"about":[{"href":"https:\/\/www.europesays.com\/no\/wp-json\/wp\/v2\/types\/post"}],"author":[{"embeddable":true,"href":"https:\/\/www.europesays.com\/no\/wp-json\/wp\/v2\/users\/2"}],"replies":[{"embeddable":true,"href":"https:\/\/www.europesays.com\/no\/wp-json\/wp\/v2\/comments?post=117811"}],"version-history":[{"count":0,"href":"https:\/\/www.europesays.com\/no\/wp-json\/wp\/v2\/posts\/117811\/revisions"}],"wp:featuredmedia":[{"embeddable":true,"href":"https:\/\/www.europesays.com\/no\/wp-json\/wp\/v2\/media\/117812"}],"wp:attachment":[{"href":"https:\/\/www.europesays.com\/no\/wp-json\/wp\/v2\/media?parent=117811"}],"wp:term":[{"taxonomy":"category","embeddable":true,"href":"https:\/\/www.europesays.com\/no\/wp-json\/wp\/v2\/categories?post=117811"},{"taxonomy":"post_tag","embeddable":true,"href":"https:\/\/www.europesays.com\/no\/wp-json\/wp\/v2\/tags?post=117811"}],"curies":[{"name":"wp","href":"https:\/\/api.w.org\/{rel}","templated":true}]}}