{"id":117813,"date":"2025-12-19T21:59:11","date_gmt":"2025-12-19T21:59:11","guid":{"rendered":"https:\/\/www.europesays.com\/no\/117813\/"},"modified":"2025-12-19T21:59:11","modified_gmt":"2025-12-19T21:59:11","slug":"dag-eilev-fagermo-skal-ha-kalt-spillere-feite","status":"publish","type":"post","link":"https:\/\/www.europesays.com\/no\/117813\/","title":{"rendered":"Dag-Eilev Fagermo skal ha kalt spillere \u00abfeite\u00bb"},"content":{"rendered":"<p>Onsdag kom <a href=\"https:\/\/www.godset.no\/nyheter\/pressemelding\" rel=\"nofollow noopener\" target=\"_blank\">nyheten<\/a> om at det har blitt opprettet en varslingssak mot Dag-Eilev Fagermo etter flere varsler mot ham i Str\u00f8msgodset.<\/p>\n<p>Spillergruppen har ikke \u00f8nsket \u00e5 uttale seg om varslene, men n\u00e5 kan TV 2 fortelle hva varslene dreier seg om.<\/p>\n<p> If\u00f8lge TV 2s opplysninger skal det i varslene v\u00e6re p\u00e5stander om at Fagermo har kalt spillere for \u00abfeite\u00bb og at han skal ha hatt et kroppsfokus som gj\u00f8r at spillere synes det har v\u00e6rt ubehagelig \u00e5 g\u00e5 p\u00e5 trening.<\/p>\n<p>        <img class=\"image__img lazyload\" itemprop=\"image\" title=\"Foto: Trond R. Teigen \/ NTB\" alt=\"P\u00c5 VEI UT?: Dag-Eilev Fagermo p\u00e5 vei bort fra Marienlyst etter \u00e5rets siste hjemmekamp. N\u00e5 tyder alt p\u00e5 at han snart er ferdig i klubben. Foto: Trond R. Teigen \/ NTB\" width=\"675\" height=\"453\" bad-src=\"https:\/\/www.europesays.com\/no\/wp-content\/uploads\/2025\/12\/18400584.webp\" fetchpriority=\"auto\" \/><\/p>\n<p>      P\u00c5 VEI UT?: Dag-Eilev Fagermo p\u00e5 vei bort fra Marienlyst etter \u00e5rets siste hjemmekamp. N\u00e5 tyder alt p\u00e5 at han snart er ferdig i klubben.<br \/>\n         Foto: Trond R. Teigen \/ NTB<\/p>\n<p>Fagermos advokat, Alf K\u00e5re Knudsen, svarer p\u00e5 vegne av sin klient.<\/p>\n<p>\u2013 Han kjenner seg ikke igjen med tanke p\u00e5 p\u00e5stander om overvekt og kropp. Det pekes for \u00f8vrig p\u00e5 at spillerne det er snakk om er topptrente eliteut\u00f8vere. Som hans advokat ser vi frem til \u00e5 f\u00e5 forelagt det fulle innholdet i det som n\u00e5 lekkes til media, skriver Knudsen til TV 2. <\/p>\n<p>\u00abEt ubehagelig arbeidsmilj\u00f8\u00bb<\/p>\n<p> Str\u00f8msgodset skrev i pressemeldingen at \u00abvarslene\u00a0omhandler p\u00e5stander knyttet til Fagermos adferd.\u00bb\u00a0<\/p>\n<p class=\"bold m-bold\" data-lab-font_weight=\"bold\">Det skal etter hva TV 2 forst\u00e5r dreie seg spesielt om ubehagelige kommentarer knyttet til kropp.<\/p>\n<p>Vi har snakket med en rekke personer i og rundt klubben om hvordan de har opplevd halv\u00e5ret med Fagermo.<\/p>\n<p>Det er tydelig at det er delte meninger om trenerveteranens lederstil.<\/p>\n<p>Flere beskriver en lite tilpasningsdyktig lederstil, hvor det som en kilde beskriver\u00a0blir \u00abkommunisert p\u00e5 en m\u00e5te som kanskje fungerte bedre for 20 \u00e5r siden.\u00bb<\/p>\n<p class=\"bold m-bold\" data-lab-font_weight=\"bold\">Som ogs\u00e5\u00a0<a href=\"https:\/\/www.dt.no\/dt-erfarer-anklager-om-fryktkultur\/s\/5-57-2756853\" rel=\"nofollow noopener\" target=\"_blank\">Drammens Tidende <\/a>har skrevet, skal flere spillere ha opplevd en \u00abfryktkultur\u00bb.\u00a0<\/p>\n<p data-lab-font_weight=\"\">Fagermos v\u00e6rem\u00e5te skal ha skapt det noen opplever som et ubehagelig arbeidsmilj\u00f8.<\/p>\n<p>        <img class=\"image__img lazyload\" itemprop=\"image\" title=\"Foto: Yngve Sem Pedersen \/ TV 2\" alt=\"SYKMELDT: Dag-Eilev Fagermo er p\u00e5 grunn av helseutfordringer sykmeldt ut \u00e5ret. Foto: Yngve Sem Pedersen \/ TV 2\" width=\"978\" height=\"626\" bad-src=\"https:\/\/www.europesays.com\/no\/wp-content\/uploads\/2025\/12\/18401014.webp\" fetchpriority=\"auto\" \/><\/p>\n<p>      SYKMELDT: Dag-Eilev Fagermo er p\u00e5 grunn av helseutfordringer sykmeldt ut \u00e5ret.<br \/>\n         Foto: Yngve Sem Pedersen \/ TV 2<\/p>\n<p data-lab-font_weight=\"\">Fagermos advokat Alf K\u00e5re Knudsen, understreker at en tydelig trener med klare krav og tilbakemeldinger kan oppleves dramatisk for noen.<\/p>\n<p>\u2013 Det er min opplevelse at Fagermo fikk et tydelig mandat om \u00e5 v\u00e6re klar, stille krav og skjerpe kulturen. Klubben m\u00e5 ha v\u00e6rt kjent med at han representerte denne typen lederstil. Han kom inn midt i en sesong hvor laget befant seg i krise. Spillerne var mest sannsynlig stresset, redde for nedrykk og usikre.\u00a0<\/p>\n<p>\u2013 I en slik kontekst, vil enhver konfrontasjon kunne f\u00f8les sterkere. Skillet mellom \u00e5 oppleve krav eller frykt i en toppidrettskultur kan v\u00e6re flytende. Spillere kan f\u00f8le frykt for \u00e5 bli satt ut av laget, noen frykter for karrieren ved et eventuelt nedrykk. Dette er en naturlig del av toppidretten, sier advokaten til TV 2.<\/p>\n<p>Samtidig er det ogs\u00e5 enkelte av de TV 2 har snakket med som ikke har opplevd det som utfordrende \u00e5 samarbeide med hovedtreneren.<\/p>\n<p> Som\u00a0<a href=\"https:\/\/www.tv2.no\/sport\/tv-2-erfarer-vil-fjerne-fagermo\/18367599\/\" rel=\"nofollow noopener\" target=\"_blank\">TV 2 s<\/a>krev for halvannen uke siden har flere sentrale\u00a0skikkelser i klubben for en god stund siden konkludert med at det er best\u00a0\u00e5 skille lag med Fagermo for \u00e5 starte en gjenoppbygging av klubben. <\/p>\n<p>\u2013 Noe Fagermo er kjent med<\/p>\n<p>Etter at nyheten ble kjent onsdag om varsler mot hovedtreneren, uttalte hans advokat Alf K\u00e5re Knudsen seg sv\u00e6rt kritisk til m\u00e5ten klubben h\u00e5ndterer prosessen.<\/p>\n<p>\u2013 Fagermo fikk en telefon fra klubben ut av det bl\u00e5 i starten av desember, rett f\u00f8r oppf\u00f8lgingsunders\u00f8kelsen p\u00e5 sykehuset etter h\u00f8stens innleggelse. I samtalen fikk han vite at styret ville avsette han, og dersom han ikke ville g\u00e5 frivillig, \u00abville det ble skittkasting i media som ingen var tjent med\u00bb, skrev Knudsen i en epost til TV 2.<\/p>\n<p>Han fikk klart svar tilbake.<\/p>\n<p>\u2013 Fagermos advokat uttaler seg uten innsyn i faktum. Det er etablert ekstern unders\u00f8kelse av en rekke varsler som opplyst av klubben og utfall av slike unders\u00f8kelser avventes, svarte Str\u00f8msgodsets advokat Erik Fl\u00e5gan p\u00e5 beskyldningene.<\/p>\n<p class=\"italic m-italic\" data-lab-italic=\"italic\">\u2013 N\u00e5r ble det f\u00f8rst varslet mot Fagermo?<\/p>\n<p>\u2013\u00a0Av hensyn til varslingsprosessen \u00f8nsker jeg ikke \u00e5 kommentere detaljer i varslingssaken, ut over \u00e5 bekrefte at dette ikke er en sak som \u00abhar kommet ut av det bl\u00e5\u00bb, noe Fagermo er vel kjent med, svarer Fl\u00e5gan fredag.<\/p>\n<p class=\"italic m-italic\" data-lab-italic=\"italic\">Fagermo har ikke besvart TV 2s henvendelser. Han er for tiden sykmeldt.\u00a0<\/p>\n<p>\u2013 N\u00e5r det gjeldet presset Fagermo opplever, kan vel enhver forestille seg hvordan det er \u00e5 kommentere gjentatte lekkasjer om eget arbeidsforhold i media, svarer advokat Knudsen til TV 2 fredag. <\/p>\n<p>\u2013 Det er mye f\u00f8lelser<\/p>\n<p>Danske\u00a0Jackie Rasmussen kom inn som sportssjef i Str\u00f8msgodset i begynnelsen av desember.<\/p>\n<p>Han kom dermed midt inn i klubbens kaos. Rasmussen henviser videre til andre i klubben for \u00e5 svare p\u00e5 prosessen rundt Fagermo, men dansken legger samtidig ikke skjul p\u00e5 at det er en utfordrende situasjon.<\/p>\n<p>\u2013 Jeg opplever en by hvor klubben betyr riktig mye. Det er mye f\u00f8lelser i spill.\u00a0<\/p>\n<p>\u2013 Til \u00e5 begynne med har jeg fokusert mest p\u00e5 \u00e5 l\u00e6re klubben \u00e5 kjenne. Alt fra akademiet, til sponsorer og mange fantastiske mennesker. Alle har tatt meg godt imot.<\/p>\n<p class=\"italic m-italic\" data-lab-italic=\"italic\">\u2013 Hvordan er det for deg som sportssjef \u00e5 planlegge 2026 n\u00e5r det er s\u00e5pass stor usikkerhet rundt hvem som leder laget?<\/p>\n<p>        <img class=\"image__img lazyload\" itemprop=\"image\" title=\"Foto: Str\u00f8msgodset\" alt=\"KAOS: Jackie Rasmussen har hatt hektiske dager i sin nye jobb hvor det er mange prosesser som gj\u00f8r arbeidshverdagen utfordrende fra start. Foto: Str\u00f8msgodset\" width=\"978\" height=\"548\" bad-src=\"https:\/\/www.europesays.com\/no\/wp-content\/uploads\/2025\/12\/18401026.webp\" fetchpriority=\"auto\" \/><\/p>\n<p>      KAOS: Jackie Rasmussen har hatt hektiske dager i sin nye jobb hvor det er mange prosesser som gj\u00f8r arbeidshverdagen utfordrende fra start.<br \/>\n         Foto: Str\u00f8msgodset<\/p>\n<p>\u2013 Selvf\u00f8lgelig p\u00e5virker situasjonen oss, men vi ser frem til \u00e5 snu det her og f\u00e5 Str\u00f8msgodset tilbake der vi h\u00f8rer hjemme. Men ja, det er jo en utfordring vi har n\u00e5, svarer Rasmussen.<\/p>\n<p>Han har travle dager med \u00e5 sette sammen et slagkraftig lag for \u00e5 lede Str\u00f8msgodset tilbake i Eliteserien.<\/p>\n<p>Den reisen blir trolig ikke Marko Farji med p\u00e5. Klubben har f\u00e5tt flere bud p\u00e5 spilleren, blant annet fra Venezia, og det p\u00e5g\u00e5r n\u00e5 samtaler med klubber om en potensiell overgang for ham.<\/p>\n","protected":false},"excerpt":{"rendered":"Onsdag kom nyheten om at det har blitt opprettet en varslingssak mot Dag-Eilev Fagermo etter flere varsler mot&hellip;\n","protected":false},"author":2,"featured_media":117814,"comment_status":"","ping_status":"","sticky":false,"template":"","format":"standard","meta":{"footnotes":""},"categories":[59],"tags":[30,28,29,83,82],"class_list":{"0":"post-117813","1":"post","2":"type-post","3":"status-publish","4":"format-standard","5":"has-post-thumbnail","7":"category-sport","8":"tag-no","9":"tag-norge","10":"tag-norway","11":"tag-sport","12":"tag-sports"},"share_on_mastodon":{"url":"https:\/\/pubeurope.com\/@no\/115748481467330510","error":""},"_links":{"self":[{"href":"https:\/\/www.europesays.com\/no\/wp-json\/wp\/v2\/posts\/117813","targetHints":{"allow":["GET"]}}],"collection":[{"href":"https:\/\/www.europesays.com\/no\/wp-json\/wp\/v2\/posts"}],"about":[{"href":"https:\/\/www.europesays.com\/no\/wp-json\/wp\/v2\/types\/post"}],"author":[{"embeddable":true,"href":"https:\/\/www.europesays.com\/no\/wp-json\/wp\/v2\/users\/2"}],"replies":[{"embeddable":true,"href":"https:\/\/www.europesays.com\/no\/wp-json\/wp\/v2\/comments?post=117813"}],"version-history":[{"count":0,"href":"https:\/\/www.europesays.com\/no\/wp-json\/wp\/v2\/posts\/117813\/revisions"}],"wp:featuredmedia":[{"embeddable":true,"href":"https:\/\/www.europesays.com\/no\/wp-json\/wp\/v2\/media\/117814"}],"wp:attachment":[{"href":"https:\/\/www.europesays.com\/no\/wp-json\/wp\/v2\/media?parent=117813"}],"wp:term":[{"taxonomy":"category","embeddable":true,"href":"https:\/\/www.europesays.com\/no\/wp-json\/wp\/v2\/categories?post=117813"},{"taxonomy":"post_tag","embeddable":true,"href":"https:\/\/www.europesays.com\/no\/wp-json\/wp\/v2\/tags?post=117813"}],"curies":[{"name":"wp","href":"https:\/\/api.w.org\/{rel}","templated":true}]}}