{"id":117819,"date":"2025-12-19T22:14:17","date_gmt":"2025-12-19T22:14:17","guid":{"rendered":"https:\/\/www.europesays.com\/no\/117819\/"},"modified":"2025-12-19T22:14:17","modified_gmt":"2025-12-19T22:14:17","slug":"steven-tyler-og-aimee-preston-brudd-etter-ti-ar","status":"publish","type":"post","link":"https:\/\/www.europesays.com\/no\/117819\/","title":{"rendered":"Steven Tyler og Aimee Preston: Brudd etter ti \u00e5r"},"content":{"rendered":"<p class=\"kicker \" style=\"\">Stjerneparet g\u00e5r hver til sitt:<\/p>\n<p>  N\u00e5 er det slutt mellom rockestjernen og hans mange\u00e5rige kj\u00e6reste, if\u00f8lge TMZ.<\/p>\n<p>\n    BRUDD: Steven Tyler og 39 \u00e5r yngre Aimee Preston har g\u00e5tt fra hverandre. Foto: Darryl Dyck\/AP\/NTB\n  <\/p>\n<p id=\"text\" class=\"svelte-1bgec1z\">I samarbeid med<\/p>\n<p>     <img decoding=\"async\" src=\"https:\/\/www.europesays.com\/no\/wp-content\/uploads\/2025\/12\/fishermansFriend.png\" alt=\"kommersiell logo\" class=\"svelte-1bgec1z\"\/>          <\/p>\n<p> Aerosmith-frontmann Steven Tyler (77) og hans kj\u00e6reste gjennom elleve \u00e5r, Aimee Preston (38), har gjort det slutt. Det melder <a href=\"https:\/\/www.tmz.com\/2025\/12\/19\/steven-tyler-and-aimee-preston-split-prep\/\" rel=\"nofollow noopener\" target=\"_blank\">TMZ<\/a>. <\/p>\n<p>    <a itemprop=\"url\" href=\"https:\/\/www.seher.no\/kjendis\/matte-gi-slipp\/84005900\" rel=\"nofollow noopener\" target=\"_blank\"><\/p>\n<p>        <img loading=\"lazy\" decoding=\"async\" src=\"https:\/\/www.europesays.com\/no\/wp-content\/uploads\/2025\/12\/84006007.webp\" width=\"980\" height=\"441\" title=\"- Vi m\u00e5tte gi slipp\" alt=\"\" class=\"lazyload\" style=\"--aspect-ratio-image: 2.22; \"\/><\/p>\n<p>        &#8211; Vi m\u00e5tte gi slipp<\/p>\n<p>    <\/a><\/p>\n<p>Flere kilder med direkte kjennskap til forholdet bekrefter n\u00e5 at paret g\u00e5r skilte veier, men det er uklart n\u00e5r bruddet skjedde og hva som er \u00e5rsaken bak avgj\u00f8relsen.<\/p>\n<p>        <img loading=\"lazy\" decoding=\"async\" src=\"https:\/\/www.europesays.com\/no\/wp-content\/uploads\/2025\/12\/84012949.webp\" width=\"667\" height=\"794\" title=\"ELLEVE \u00c5R: Steven og Aimee innledet det \u00e5relange forholdet i 2014. Foto: Broadimage\/REX\/NTB\" alt=\"\" class=\"\" style=\"--aspect-ratio-image: 0.84; \"\/><\/p>\n<p>\n        ELLEVE \u00c5R: Steven og Aimee innledet det \u00e5relange forholdet i 2014. Foto: Broadimage\/REX\/NTB\n    <\/p>\n<p>Steven ansatte 39 \u00e5r yngre Aimee som sin personlige assistent i 2012.\u00a0 If\u00f8lge Fox News jobbet Aimee tidligere som assistent for Victoria Beckham. Hun skal ogs\u00e5 ha v\u00e6rt ansatt av ekskona til Donald Trump, Marla Maples, og artist Christina Aguilera.<\/p>\n<p>De begynte \u00e5 date to \u00e5r etter at de ble kollegaer, men ventet til Oscar-utdelingen i 2016 med \u00e5 offentliggj\u00f8re forholdet.<\/p>\n<p>        \u00abSKAL VI DANSE\u00bb: Danseparet bryter ut i latter under intervjuet. Video: Nora Skavhaug\/ R\u00f8d L\u00f8per<\/p>\n<p>\u00a0Den gang holdt de hender p\u00e5 Elton Johns AIDS Foundation sitt Oscar-arrangement, og helt siden den gang har Aimee blitt artisens faste f\u00f8lge p\u00e5 Hollywood-arrangementer og filmpremierer.<\/p>\n","protected":false},"excerpt":{"rendered":"Stjerneparet g\u00e5r hver til sitt: N\u00e5 er det slutt mellom rockestjernen og hans mange\u00e5rige kj\u00e6reste, if\u00f8lge TMZ. BRUDD:&hellip;\n","protected":false},"author":2,"featured_media":117820,"comment_status":"","ping_status":"","sticky":false,"template":"","format":"standard","meta":{"footnotes":""},"categories":[58],"tags":[14170,4085,71,479,30,28,29,14171,72],"class_list":{"0":"post-117819","1":"post","2":"type-post","3":"status-publish","4":"format-standard","5":"has-post-thumbnail","7":"category-underholdning","8":"tag-aimee-preston","9":"tag-brudd","10":"tag-entertainment","11":"tag-kjendis","12":"tag-no","13":"tag-norge","14":"tag-norway","15":"tag-steven-tyler","16":"tag-underholdning"},"share_on_mastodon":{"url":"https:\/\/pubeurope.com\/@no\/115748541068531719","error":""},"_links":{"self":[{"href":"https:\/\/www.europesays.com\/no\/wp-json\/wp\/v2\/posts\/117819","targetHints":{"allow":["GET"]}}],"collection":[{"href":"https:\/\/www.europesays.com\/no\/wp-json\/wp\/v2\/posts"}],"about":[{"href":"https:\/\/www.europesays.com\/no\/wp-json\/wp\/v2\/types\/post"}],"author":[{"embeddable":true,"href":"https:\/\/www.europesays.com\/no\/wp-json\/wp\/v2\/users\/2"}],"replies":[{"embeddable":true,"href":"https:\/\/www.europesays.com\/no\/wp-json\/wp\/v2\/comments?post=117819"}],"version-history":[{"count":0,"href":"https:\/\/www.europesays.com\/no\/wp-json\/wp\/v2\/posts\/117819\/revisions"}],"wp:featuredmedia":[{"embeddable":true,"href":"https:\/\/www.europesays.com\/no\/wp-json\/wp\/v2\/media\/117820"}],"wp:attachment":[{"href":"https:\/\/www.europesays.com\/no\/wp-json\/wp\/v2\/media?parent=117819"}],"wp:term":[{"taxonomy":"category","embeddable":true,"href":"https:\/\/www.europesays.com\/no\/wp-json\/wp\/v2\/categories?post=117819"},{"taxonomy":"post_tag","embeddable":true,"href":"https:\/\/www.europesays.com\/no\/wp-json\/wp\/v2\/tags?post=117819"}],"curies":[{"name":"wp","href":"https:\/\/api.w.org\/{rel}","templated":true}]}}