{"id":11782,"date":"2025-08-19T00:14:12","date_gmt":"2025-08-19T00:14:12","guid":{"rendered":"https:\/\/www.europesays.com\/no\/11782\/"},"modified":"2025-08-19T00:14:12","modified_gmt":"2025-08-19T00:14:12","slug":"justisdepartementet-skal-dele-epstein-dokumenter-med-kongressen","status":"publish","type":"post","link":"https:\/\/www.europesays.com\/no\/11782\/","title":{"rendered":"Justis\u00addepartementet skal dele Epstein-dokumenter med Kongressen"},"content":{"rendered":"\n<p class=\"_lead_1bvmi_2 _lead_xtcu6_50 layout-component text-serif-m layout-normal text-serif-l layout-component layout-wide layout-padded _wide_17hqh_1 layout-padded\">Dokumentene omhandler den avd\u00f8de milliard\u00e6ren Jeffrey Epstein og hans tidligere kj\u00e6reste Ghislaine Maxwell.<\/p>\n<p><img alt=\"Dette bildet viser Ghislaine Maxwell og Jeffrey Epstein p\u00e5 et ukjent tidspunkt. Bildet er frigjort av retten i New York i 2021. Foto: HANDOUT \/ AFP \/ NTB\" class=\"_image_qp4xg_65 layout-component layout-wide\" data-fullscreen- data-track-element-type=\"Article image fullscreen\" data-track-name=\"ImageFullscreen\" fetchpriority=\"high\" decoding=\"sync\" loading=\"eager\" height=\"2554\" itemprop=\"image\"  src=\"https:\/\/www.europesays.com\/no\/wp-content\/uploads\/2025\/08\/85df1b90-b8aa-458b-b6db-be61a54cebdb\"  style=\"object-position:0% 0%\" width=\"3307\"\/>Dette bildet viser Ghislaine Maxwell og Jeffrey Epstein p\u00e5 et ukjent tidspunkt. Bildet er frigjort av retten i New York i 2021. Foto: HANDOUT \/ AFP \/ NTB<\/p>\n<ul aria-hidden=\"true\" class=\"_images_1y6fe_106\">\n<li><a class=\"_link_1y6fe_111\" href=\"https:\/\/www.vg.no\/forfatter\/vilde-elgaaen\" style=\"z-index:1\" title=\"Vilde Elgaaen\" rel=\"nofollow noopener\" target=\"_blank\"><img alt=\"Bilde av Vilde Elgaaen\" class=\"_image_1y6fe_88\" fetchpriority=\"low\" loading=\"lazy\" decoding=\"async\" itemprop=\"image\"  src=\"https:\/\/www.europesays.com\/no\/wp-content\/uploads\/2025\/08\/1755562449_445_d7abc11e-e453-4b15-b473-933209ff5fea\"  width=\"480\"\/><\/a><\/li>\n<\/ul>\n<p> Oppdatert tirsdag 19. august kl. 01:49    <\/p>\n<ul class=\"_list_1bvmi_3 _list_1flq1_85 _unordered_1bvmi_99 text-sans-m\">\n<li class=\"_item_1bvmi_30\">USAs justisdepartement vil begynne \u00e5 dele dokumenter om Jeffrey Epstein med Kongressen p\u00e5 fredag.<\/li>\n<li class=\"_item_1bvmi_30\">Tidligere justisminister Bill Barr vitnet at Epstein d\u00f8de av selvmord og at Trump ikke var involvert i hans saker.<\/li>\n<li class=\"_item_1bvmi_30\">Epstein-etterforskningen har delt republikanerne.<\/li>\n<\/ul>\n<p>Vis mer <\/p>\n<p class=\"_paragraph_1bvmi_4 _paragraph_xtcu6_10 layout-component text-serif-m layout-normal text-serif-m layout-padded\">Justisdepartementet i USA har varslet at de vil begynne \u00e5 dele dokumenter knyttet til den avd\u00f8de overgrepsanklagede milliard\u00e6ren <a href=\"https:\/\/www.vg.no\/tag\/jeffrey-epstein?utm_source=vg-article&amp;utm_medium=auto-tagger&amp;utm_campaign=alAxX5\" class=\"_link_1bvmi_39\" rel=\"nofollow noopener\" target=\"_blank\">Jeffrey Epstein<\/a> med Kongressen p\u00e5 fredag, melder <a href=\"https:\/\/www.washingtonpost.com\/national-security\/2025\/08\/18\/epstein-maxwell-documents-house-committee-subpoena-justice-bondi\/\" class=\"_link_1bvmi_39\" rel=\"nofollow noopener\" target=\"_blank\">The Washington Post<\/a>.<\/p>\n<p class=\"_paragraph_1bvmi_4 _paragraph_xtcu6_10 layout-component text-serif-m layout-normal text-serif-m layout-padded\">Republikaneren James Comer, som leder tilsynskomiteen i Representantenes hus, utstedte tidligere i august en stevning som krevde at justisminister Pam Bondi skulle levere ut dokumenter knyttet til Epstein eller hans tidligere kj\u00e6reste Ghislaine Maxwell innen tirsdag.<\/p>\n<p><img alt=\"James Comey mandag.  Foto: Mariam Zuhaib \/ AP \/ NTB\" class=\"_image_qp4xg_65 layout-component layout-normal\" data-fullscreen- data-track-element-type=\"Article image fullscreen\" data-track-name=\"ImageFullscreen\" decoding=\"async\" loading=\"lazy\" height=\"3042\" itemprop=\"image\"  src=\"https:\/\/www.europesays.com\/no\/wp-content\/uploads\/2025\/08\/4c31429c-ba5f-49b9-abe4-6cbcdf25cc38\"  style=\"object-position:0% 0%\" width=\"4562\"\/>James Comey mandag.  Foto: Mariam Zuhaib \/ AP \/ NTB<\/p>\n<p class=\"_paragraph_1bvmi_4 _paragraph_xtcu6_10 layout-component text-serif-m layout-normal text-serif-m layout-padded\">\u2013 Tjenestemenn i justisdepartementet har informert oss om at departementet vil begynne \u00e5 gi Epstein-relaterte dokumenter til tilsynskomiteen p\u00e5 fredag, sa Comer i en uttalelse mandag, if\u00f8lge <a href=\"https:\/\/edition.cnn.com\/2025\/08\/18\/politics\/barr-house-oversight-epstein\" class=\"_link_1bvmi_39\" rel=\"nofollow noopener\" target=\"_blank\">CNN<\/a>.<\/p>\n<p class=\"_paragraph_1bvmi_4 _paragraph_xtcu6_10 layout-component text-serif-m layout-normal layout-padded\"><strong class=\"_strong_1bvmi_25\">Les ogs\u00e5:<\/strong> <a href=\"https:\/\/www.vg.no\/i\/B0pWAe\" data-track-element-type=\"Link\" data-track-id=\"link:B0pWAe\" class=\"_link_1bvmi_39\" rel=\"nofollow noopener\" target=\"_blank\">Medier: Trump fikk vite at navnet hans finnes i Epstein-dokumenter<\/a><\/p>\n<p>Forklarte seg<\/p>\n<p class=\"_paragraph_1bvmi_4 _paragraph_xtcu6_10 layout-component text-serif-m layout-normal text-serif-m layout-padded\">Samtidig m\u00f8tte tidligere justisminister Bill Barr p\u00e5 Capitol Hill mandag for \u00e5 vitne om saker knyttet til Epstein foran komiteen med politikere som ser p\u00e5 Epstein-saken. <\/p>\n<p class=\"_paragraph_1bvmi_4 _paragraph_xtcu6_10 layout-component text-serif-m layout-normal text-serif-m layout-padded\">Barr var justisminister under Donald Trumps f\u00f8rste periode og hadde jobben da Epstein d\u00f8de av selvmord i fengsel mens han ventet p\u00e5 rettssak.<\/p>\n<p class=\"_paragraph_1bvmi_4 _paragraph_xtcu6_10 layout-component text-serif-m layout-normal text-serif-m layout-padded\">Under en pause i avh\u00f8ret fortalte Comer til journalister at Barr vitnet om at Epstein d\u00f8de av selvmord og at det ikke var noe mistenkelig ved d\u00f8dsfallet. <\/p>\n<p><img alt=\"Bill Barr mandag.  Foto: J. Scott Applewhite \/ AP \/ NTB\" class=\"_image_qp4xg_65 layout-component layout-normal\" data-fullscreen- data-track-element-type=\"Article image fullscreen\" data-track-name=\"ImageFullscreen\" decoding=\"async\" loading=\"lazy\" height=\"3000\" itemprop=\"image\"  src=\"https:\/\/www.europesays.com\/no\/wp-content\/uploads\/2025\/08\/2e715d29-f2e6-4c19-8a27-780701d8c853\"  style=\"object-position:0% 0%\" width=\"4500\"\/>Bill Barr mandag.  Foto: J. Scott Applewhite \/ AP \/ NTB<\/p>\n<p class=\"_paragraph_1bvmi_4 _paragraph_xtcu6_10 layout-component text-serif-m layout-normal text-serif-m layout-padded\">Barr skal ogs\u00e5 ha vitnet at han aldri hadde samtaler med president Trump om en klientliste knyttet til Epstein, og at han aldri hadde sett noe som kunne implisere Trump i saken.<\/p>\n<p>Delt parti<\/p>\n<p class=\"_paragraph_1bvmi_4 _paragraph_xtcu6_10 layout-component text-serif-m layout-normal text-serif-m layout-padded\">Saken har skapt splittelse blant republikanerne. Mange har krevd full \u00e5penhet om Epstein-etterforskningen, mens Trump nylig har oppfordret sine tilhengere til \u00e5 g\u00e5 videre fra saken.<\/p>\n<p><img alt=\"Foto: Kevin Lamarque \/ Reuters \/ NTB\" class=\"_image_qp4xg_65 layout-component layout-normal\" data-fullscreen- data-track-element-type=\"Article image fullscreen\" data-track-name=\"ImageFullscreen\" decoding=\"async\" loading=\"lazy\" height=\"5376\" itemprop=\"image\"  src=\"https:\/\/www.europesays.com\/no\/wp-content\/uploads\/2025\/08\/eb5252b3-7b3c-4c1c-8b77-72ae104feaa9\"  style=\"object-position:0% 0%\" width=\"7834\"\/>Foto: Kevin Lamarque \/ Reuters \/ NTB<\/p>\n<p class=\"_paragraph_1bvmi_4 _paragraph_xtcu6_10 layout-component text-serif-m layout-normal text-serif-m layout-padded\">Tilsynskomiteen har ogs\u00e5 sendt stevninger til ti tidligere regjeringsoffisielle, b\u00e5de demokrater og republikanere, som de \u00f8nsker \u00e5 avh\u00f8re i forbindelse med Epstein-saken.<\/p>\n<p class=\"_paragraph_1bvmi_4 _paragraph_xtcu6_10 layout-component text-serif-m layout-normal text-serif-m layout-padded\">Blant dem er tidligere presidenter Bill Clinton og Hillary Clinton, samt tidligere FBI-direkt\u00f8r James Comey.<\/p>\n<p class=\"_paragraph_1bvmi_4 _paragraph_xtcu6_10 layout-component text-serif-m layout-normal text-serif-m layout-padded\">Demokratene har kritisert republikanerne for ikke \u00e5 v\u00e6re oppriktige i sin gransking av Epstein-saken.<\/p>\n<p class=\"_paragraph_1bvmi_4 _paragraph_xtcu6_10 layout-component text-serif-m layout-normal text-serif-m layout-padded\">\u2013 Sp\u00f8rsm\u00e5let er om de virkelig er investert i \u00e5 gj\u00f8re det som er riktig og s\u00f8rge for at det er reell \u00e5penhet for det amerikanske folk, sa demokraten Jasmine Crockett til CNN.<\/p>\n<p class=\"_paragraph_1bvmi_4 _paragraph_xtcu6_10 layout-component text-serif-m layout-normal text-serif-m layout-padded\">Epstein ble funnet d\u00f8d i sin celle i august 2019 mens han ventet p\u00e5 rettssak for anklager om seksuelle overgrep mot mindre\u00e5rige jenter.<\/p>\n<p>Les ogs\u00e5<br \/>\n    <img decoding=\"async\" alt=\"Tips oss illustrasjon\" width=\"62px\" height=\"auto\" src=\"https:\/\/www.europesays.com\/no\/wp-content\/uploads\/2025\/08\/1754784428_95_W9avJzE.png\"\/>    <\/p>\n<p class=\"title-serif-s\">Har du tips til oss?<\/p>\n<p class=\"text-sans-m\">Send oss informasjon, bilder eller video<\/p>\n<p>  <a href=\"https:\/\/www.vg.no\/tips-oss\" rel=\"nofollow noopener\" target=\"_blank\"> Tips oss <\/a>      <\/p>\n","protected":false},"excerpt":{"rendered":"Dokumentene omhandler den avd\u00f8de milliard\u00e6ren Jeffrey Epstein og hans tidligere kj\u00e6reste Ghislaine Maxwell. Dette bildet viser Ghislaine Maxwell&hellip;\n","protected":false},"author":2,"featured_media":11783,"comment_status":"","ping_status":"","sticky":false,"template":"","format":"standard","meta":{"footnotes":""},"categories":[12],"tags":[1238,31,20,21,55,24,25,15,1649,22,23,13,30,28,29,14,16,26,27,42,43,44,45],"class_list":{"0":"post-11782","1":"post","2":"type-post","3":"status-publish","4":"format-standard","5":"has-post-thumbnail","7":"category-verden","8":"tag-amerikansk-politikk","9":"tag-breaking","10":"tag-breaking-news","11":"tag-breakingnews","12":"tag-donald-trump","13":"tag-featured-news","14":"tag-featurednews","15":"tag-headlines","16":"tag-jeffrey-epstein","17":"tag-latest-news","18":"tag-latestnews","19":"tag-news","20":"tag-no","21":"tag-norge","22":"tag-norway","23":"tag-nyheter","24":"tag-overskrifter","25":"tag-top-stories","26":"tag-topstories","27":"tag-verden","28":"tag-world","29":"tag-world-news","30":"tag-worldnews"},"share_on_mastodon":{"url":"","error":""},"_links":{"self":[{"href":"https:\/\/www.europesays.com\/no\/wp-json\/wp\/v2\/posts\/11782","targetHints":{"allow":["GET"]}}],"collection":[{"href":"https:\/\/www.europesays.com\/no\/wp-json\/wp\/v2\/posts"}],"about":[{"href":"https:\/\/www.europesays.com\/no\/wp-json\/wp\/v2\/types\/post"}],"author":[{"embeddable":true,"href":"https:\/\/www.europesays.com\/no\/wp-json\/wp\/v2\/users\/2"}],"replies":[{"embeddable":true,"href":"https:\/\/www.europesays.com\/no\/wp-json\/wp\/v2\/comments?post=11782"}],"version-history":[{"count":0,"href":"https:\/\/www.europesays.com\/no\/wp-json\/wp\/v2\/posts\/11782\/revisions"}],"wp:featuredmedia":[{"embeddable":true,"href":"https:\/\/www.europesays.com\/no\/wp-json\/wp\/v2\/media\/11783"}],"wp:attachment":[{"href":"https:\/\/www.europesays.com\/no\/wp-json\/wp\/v2\/media?parent=11782"}],"wp:term":[{"taxonomy":"category","embeddable":true,"href":"https:\/\/www.europesays.com\/no\/wp-json\/wp\/v2\/categories?post=11782"},{"taxonomy":"post_tag","embeddable":true,"href":"https:\/\/www.europesays.com\/no\/wp-json\/wp\/v2\/tags?post=11782"}],"curies":[{"name":"wp","href":"https:\/\/api.w.org\/{rel}","templated":true}]}}