{"id":117825,"date":"2025-12-19T22:27:08","date_gmt":"2025-12-19T22:27:08","guid":{"rendered":"https:\/\/www.europesays.com\/no\/117825\/"},"modified":"2025-12-19T22:27:08","modified_gmt":"2025-12-19T22:27:08","slug":"stromsgodset-eliteserien-fagermo-skal-ha-kalt-spillere-feite","status":"publish","type":"post","link":"https:\/\/www.europesays.com\/no\/117825\/","title":{"rendered":"Str\u00f8msgodset, Eliteserien | Fagermo skal ha kalt spillere \u00abfeite\u00bb"},"content":{"rendered":"\n<p>Konflikten mellom Str\u00f8msgodset-trener Dag-Eilev Fagermo og Godset eskalerte onsdag <a class=\"simple-relation related-teaser article--c-eRUmMG article--c-eRUmMG-fZoQSp-design-nettavisen article--c-eRUmMG-gwthdJ-cv\" href=\"https:\/\/www.nettavisen.no\/stromsgodset-bekrefter-varsler-mot-dag-eilev-fagermo\/s\/5-95-2785488\" rel=\"nofollow noopener\" target=\"_blank\">da klubben gikk ut med en pressemelding.<\/a><\/p>\n<p>Drammensklubben opplyste om at den har mottatt flere varsler som omhandler p\u00e5stander knyttet til Fagermos adferd.<\/p>\n<p>Klubben bekreftet samtidig om at ekstern ekspertise er engasjert for \u00e5 se n\u00e6rmere p\u00e5 saken.<\/p>\n<p>Skal ha kalt spillere \u00abfeite\u00bb<\/p>\n<p>Fredag kveld melder<a rel=\"Follow nofollow noopener\" href=\"https:\/\/www.tv2.no\/sport\/sjokkpastander-skal-ha-kalt-spillere-feite\/18400376\/\" target=\"_blank\"> TV 2<\/a> at varslene mot Fagermo blant annet handler om at han har kommet med kommentarer om spillernes kropper.<\/p>\n<p>Treneren skal ha kalt spillere for \u00abfeite\u00bb og hatt et kroppsfokus som gj\u00f8r at spillere synes det har v\u00e6rt ubehagelig \u00e5 g\u00e5 p\u00e5 trening.<\/p>\n<p>Spillergruppa skal ha reagert kraftig p\u00e5 oppf\u00f8rselen.<\/p>\n<p>Nettavisen sitter p\u00e5 de samme opplysningene.<\/p>\n<p>Til TV 2 sier Fagermos advokat Alf K\u00e5re Knudsen f\u00f8lgende:<\/p>\n<p>\u2013 Han kjenner seg ikke igjen med tanke p\u00e5 p\u00e5stander om overvekt og kropp. Det pekes for \u00f8vrig p\u00e5 at spillerne det er snakk om er topptrente eliteut\u00f8vere. Som hans advokat ser vi frem til \u00e5 f\u00e5 forelagt det fulle innholdet i det som n\u00e5 lekkes til media, skriver Knudsen til TV 2.<\/p>\n<p>Fryktkultur<\/p>\n<p>I en pressemelding tidligere denne uken skrev Godset at varslene mot Fagermo omhandler p\u00e5stander knyttet til trenerens adferd.<\/p>\n<p>If\u00f8lge Drammens Tidende har flere spillere opplevd en fryktkultur.<\/p>\n<p>Fagermos advokat Alf K\u00e5re Knudsen, mener imidlertid at Fagermo kun har stilt krav og v\u00e6rt tydelig og at dette kan oppleves dramatisk for noen.<\/p>\n<p>\u2013 Det er min opplevelse at Fagermo fikk et tydelig mandat om \u00e5 v\u00e6re klar, stille krav og skjerpe kulturen. Klubben m\u00e5 ha v\u00e6rt kjent med at han representerte denne typen lederstil. Han kom inn midt i en sesong hvor laget befant seg i krise. Spillerne var mest sannsynlig stresset, redde for nedrykk og usikre, sier Knudsen.<\/p>\n<p>Str\u00f8msgodset rykket ned fra Eliteserien denne sesongen, og Fagermo har kontrakt ut 2027-sesongen.<\/p>\n","protected":false},"excerpt":{"rendered":"Konflikten mellom Str\u00f8msgodset-trener Dag-Eilev Fagermo og Godset eskalerte onsdag da klubben gikk ut med en pressemelding. Drammensklubben opplyste&hellip;\n","protected":false},"author":2,"featured_media":116014,"comment_status":"","ping_status":"","sticky":false,"template":"","format":"standard","meta":{"footnotes":""},"categories":[59],"tags":[30,28,29,83,82],"class_list":{"0":"post-117825","1":"post","2":"type-post","3":"status-publish","4":"format-standard","5":"has-post-thumbnail","7":"category-sport","8":"tag-no","9":"tag-norge","10":"tag-norway","11":"tag-sport","12":"tag-sports"},"share_on_mastodon":{"url":"https:\/\/pubeurope.com\/@no\/115748591578236268","error":""},"_links":{"self":[{"href":"https:\/\/www.europesays.com\/no\/wp-json\/wp\/v2\/posts\/117825","targetHints":{"allow":["GET"]}}],"collection":[{"href":"https:\/\/www.europesays.com\/no\/wp-json\/wp\/v2\/posts"}],"about":[{"href":"https:\/\/www.europesays.com\/no\/wp-json\/wp\/v2\/types\/post"}],"author":[{"embeddable":true,"href":"https:\/\/www.europesays.com\/no\/wp-json\/wp\/v2\/users\/2"}],"replies":[{"embeddable":true,"href":"https:\/\/www.europesays.com\/no\/wp-json\/wp\/v2\/comments?post=117825"}],"version-history":[{"count":0,"href":"https:\/\/www.europesays.com\/no\/wp-json\/wp\/v2\/posts\/117825\/revisions"}],"wp:featuredmedia":[{"embeddable":true,"href":"https:\/\/www.europesays.com\/no\/wp-json\/wp\/v2\/media\/116014"}],"wp:attachment":[{"href":"https:\/\/www.europesays.com\/no\/wp-json\/wp\/v2\/media?parent=117825"}],"wp:term":[{"taxonomy":"category","embeddable":true,"href":"https:\/\/www.europesays.com\/no\/wp-json\/wp\/v2\/categories?post=117825"},{"taxonomy":"post_tag","embeddable":true,"href":"https:\/\/www.europesays.com\/no\/wp-json\/wp\/v2\/tags?post=117825"}],"curies":[{"name":"wp","href":"https:\/\/api.w.org\/{rel}","templated":true}]}}