{"id":117826,"date":"2025-12-19T22:32:29","date_gmt":"2025-12-19T22:32:29","guid":{"rendered":"https:\/\/www.europesays.com\/no\/117826\/"},"modified":"2025-12-19T22:32:29","modified_gmt":"2025-12-19T22:32:29","slug":"to-personer-pagrepet-etter-innbruddsraid-smp-no","status":"publish","type":"post","link":"https:\/\/www.europesays.com\/no\/117826\/","title":{"rendered":"To personer p\u00e5grepet etter innbruddsraid &#8211; smp.no"},"content":{"rendered":"<ol>\n<li><a href=\"https:\/\/news.google.com\/rss\/articles\/CBMigwFBVV95cUxQN3ZzSGxtUmJMSVJtTlk2eERYekVwMjNBY0Z3YzZWV2JfZVR2OU1XUEhybjBNMUdIUUFpVjJlZDBGdXk3WG9SaE5MZEUzckIybUktcmc3VUNrd3hpVEh1dWFZVkZEZVBoalNTdWtNYU52aFY5YV9sci1ueWxCLTAxejJjcw?oc=5\" target=\"_blank\" rel=\"nofollow noopener\">To personer p\u00e5grepet etter innbruddsraid<\/a>&nbsp;&nbsp;smp.no<\/li>\n<li><a href=\"https:\/\/news.google.com\/rss\/articles\/CBMijwFBVV95cUxOYnJDbThUSW9zU0hCOEZrd0pOa1ZocWFRNnNHV09DNWFpaWFlVW5EQzBRdW9sNnhuUl9FSGpmN0MtY0VBeUFMRG9zUGMxV2h4Yzd1eGN6VW5vVTZWOHZVd1RZVmVfVk13UFVLeHp6VlJOeHpOUzlqdXJkU1JkMHFLRFBTbU5oRHVjZUVDZDBIYw?oc=5\" target=\"_blank\" rel=\"nofollow noopener\">Politiet har p\u00e5grepet to personer for innbrudd i Fana<\/a>&nbsp;&nbsp;Bergens Tidende<\/li>\n<li><a href=\"https:\/\/news.google.com\/rss\/articles\/CBMieEFVX3lxTE1kbUpTMXJHMFRVVDdCblAwY1dadG9HSWlGTmRJMUltMU4wOUdtQ2Z3Z1NrVXdlM1FXN3NsRmtCOEpDUTdQNERJY3p5QXJlTnIzNmFuQkp0ODBqVDhfb3ZIa1RZWGRoRVBkMUJCcVBYdmd6RlZfZDE3Mw?oc=5\" target=\"_blank\" rel=\"nofollow noopener\">Bergen og \u00c5lesund: To menn tatt etter innbrotsb\u00f8lge<\/a>&nbsp;&nbsp;TV2.no<\/li>\n<li><a href=\"https:\/\/news.google.com\/rss\/articles\/CBMigAFBVV95cUxPWERyTzVYdWkwY0J0NnRaa1FFQnNMNlV3TzV5TUtPUWRoYkxaaF9SdzNMRzB4T0RTdjF0UWFKRl9SRmFQeHZyVUNxWUQxVGlXbFVlakdPSUVjVnBSQWttSEJOZ2VzcWY3Yko1dFRWQXBuNXVUOE1mUTZvdjdtanEwcQ?oc=5\" target=\"_blank\" rel=\"nofollow noopener\">To personer p\u00e5grepet etter innbruddsb\u00f8lge i Fana<\/a>&nbsp;&nbsp;Bergensavisen<\/li>\n<li><a href=\"https:\/\/news.google.com\/rss\/articles\/CBMiiAFBVV95cUxQbk8zekhoaGhGbG5SRGtLUDFUTTV0aWJORTJRNDlUaWVvWGpIa3ZOSzk1ekwycDBBYU5fMWg2ZkJVakJHVkxOUDhHMHJzNnU3VTg1VGl0N1o5VVQzU21yS3ZxU3hPVUpZQy16QWlHbm1BSDhKS0xTbEVhdjJxWVBNaGE5Qk9uVjBV?oc=5\" target=\"_blank\" rel=\"nofollow noopener\">Innbrotsb\u00f8lga i Fana: To personar p\u00e5gripne<\/a>&nbsp;&nbsp;NRK<\/li>\n<\/ol>\n","protected":false},"excerpt":{"rendered":"To personer p\u00e5grepet etter innbruddsraid&nbsp;&nbsp;smp.no Politiet har p\u00e5grepet to personer for innbrudd i Fana&nbsp;&nbsp;Bergens Tidende Bergen og \u00c5lesund:&hellip;\n","protected":false},"author":2,"featured_media":117827,"comment_status":"","ping_status":"","sticky":false,"template":"","format":"standard","meta":{"footnotes":""},"categories":[10],"tags":[20,21,24,25,15,22,23,13,30,28,29,14,16,26,27],"class_list":{"0":"post-117826","1":"post","2":"type-post","3":"status-publish","4":"format-standard","5":"has-post-thumbnail","7":"category-norge","8":"tag-breaking-news","9":"tag-breakingnews","10":"tag-featured-news","11":"tag-featurednews","12":"tag-headlines","13":"tag-latest-news","14":"tag-latestnews","15":"tag-news","16":"tag-no","17":"tag-norge","18":"tag-norway","19":"tag-nyheter","20":"tag-overskrifter","21":"tag-top-stories","22":"tag-topstories"},"share_on_mastodon":{"url":"https:\/\/pubeurope.com\/@no\/115748611342092663","error":""},"_links":{"self":[{"href":"https:\/\/www.europesays.com\/no\/wp-json\/wp\/v2\/posts\/117826","targetHints":{"allow":["GET"]}}],"collection":[{"href":"https:\/\/www.europesays.com\/no\/wp-json\/wp\/v2\/posts"}],"about":[{"href":"https:\/\/www.europesays.com\/no\/wp-json\/wp\/v2\/types\/post"}],"author":[{"embeddable":true,"href":"https:\/\/www.europesays.com\/no\/wp-json\/wp\/v2\/users\/2"}],"replies":[{"embeddable":true,"href":"https:\/\/www.europesays.com\/no\/wp-json\/wp\/v2\/comments?post=117826"}],"version-history":[{"count":0,"href":"https:\/\/www.europesays.com\/no\/wp-json\/wp\/v2\/posts\/117826\/revisions"}],"wp:featuredmedia":[{"embeddable":true,"href":"https:\/\/www.europesays.com\/no\/wp-json\/wp\/v2\/media\/117827"}],"wp:attachment":[{"href":"https:\/\/www.europesays.com\/no\/wp-json\/wp\/v2\/media?parent=117826"}],"wp:term":[{"taxonomy":"category","embeddable":true,"href":"https:\/\/www.europesays.com\/no\/wp-json\/wp\/v2\/categories?post=117826"},{"taxonomy":"post_tag","embeddable":true,"href":"https:\/\/www.europesays.com\/no\/wp-json\/wp\/v2\/tags?post=117826"}],"curies":[{"name":"wp","href":"https:\/\/api.w.org\/{rel}","templated":true}]}}