{"id":117830,"date":"2025-12-19T22:34:11","date_gmt":"2025-12-19T22:34:11","guid":{"rendered":"https:\/\/www.europesays.com\/no\/117830\/"},"modified":"2025-12-19T22:34:11","modified_gmt":"2025-12-19T22:34:11","slug":"historiske-unn-merete-jaeger-og-henriette-jaeger-er-nominert","status":"publish","type":"post","link":"https:\/\/www.europesays.com\/no\/117830\/","title":{"rendered":"Historiske Unn Merete J\u00e6ger og Henriette J\u00e6ger er nominert"},"content":{"rendered":"\n<p class=\"_lead_o9xde_2 _lead_xtcu6_50 layout-component text-serif-m layout-normal text-serif-l layout-component layout-wide layout-padded _wide_17hqh_1 layout-padded\">For f\u00f8rste gang er mor og datter nominert i hver sin kategori p\u00e5 Idrettsgallaen. <\/p>\n<p><img alt=\"Suksessduoen Unn Merete J\u00e6ger og Henriette J\u00e6ger under VM i friidrett i Tokyo.  Foto: Bj\u00f8rn S. Delebekk \/ VG\" class=\"_image_qp4xg_65 layout-component layout-wide\" data-fullscreen- data-track-element-type=\"Article image fullscreen\" data-track-name=\"ImageFullscreen\" fetchpriority=\"high\" decoding=\"sync\" loading=\"eager\" height=\"5302\" itemprop=\"image\"  src=\"https:\/\/www.europesays.com\/no\/wp-content\/uploads\/2025\/12\/bc63009f-9c59-4b2b-9eb1-933187014cfa\"  style=\"object-position:0% 0%\" width=\"8256\"\/>Suksessduoen Unn Merete J\u00e6ger og Henriette J\u00e6ger under VM i friidrett i Tokyo.  Foto: Bj\u00f8rn S. Delebekk \/ VG<\/p>\n<ul aria-hidden=\"true\" class=\"_images_ntbth_112\">\n<li><a class=\"_link_ntbth_117\" href=\"https:\/\/www.vg.no\/forfatter\/herman-folvik\" style=\"z-index:1\" title=\"Herman Folvik\" rel=\"nofollow noopener\" target=\"_blank\"><img alt=\"Bilde av Herman Folvik\" class=\"_image_ntbth_93\" fetchpriority=\"low\" loading=\"lazy\" decoding=\"async\" itemprop=\"image\"  src=\"https:\/\/www.europesays.com\/no\/wp-content\/uploads\/2025\/12\/1766183649_298_b8d5eb91-9fa9-460c-b9f0-da310ffe35dd\"  width=\"480\"\/><\/a><\/li>\n<\/ul>\n<p> Oppdatert fredag 19. desember kl. 23:09    <\/p>\n<ul class=\"_list_o9xde_3 _list_64s2r_85 _unordered_o9xde_106 text-sans-m\">\n<li class=\"_item_o9xde_30\">Unn Merete J\u00e6ger og Henriette J\u00e6ger skriver historie som nominert trener og ut\u00f8ver p\u00e5 Idrettsgallaen som mamma og datter.<\/li>\n<li class=\"_item_o9xde_30\">Henriette har hatt en fenomenal sesong med flere medaljer og rekorder i 2025.<\/li>\n<li class=\"_item_o9xde_30\">De ble overrasket da VG ringte og fortalte om den historiske nominasjonen. <\/li>\n<\/ul>\n<p>Vis mer <\/p>\n<p class=\"_paragraph_o9xde_4 _paragraph_xtcu6_10 layout-component text-serif-m layout-normal text-serif-m layout-padded\">\u2013 Oi, er vi historiske da? Det har jeg ikke tenkt p\u00e5, sier mor Unn Merete.<\/p>\n<p class=\"_paragraph_o9xde_4 _paragraph_xtcu6_10 layout-component text-serif-m layout-normal text-serif-m layout-padded\">\u2013 Oi, det er veldig stas, reagerer Henriette.<\/p>\n<p class=\"_paragraph_o9xde_4 _paragraph_xtcu6_10 layout-component text-serif-m layout-normal text-serif-m layout-padded\">Unn Merete J\u00e6ger er som eneste kvinne nominert til \u00e5rets trener p\u00e5 Idrettsgallaen. Mens datter <a href=\"https:\/\/www.vg.no\/tag\/henriette-jaeger?utm_source=vg-article&amp;utm_medium=auto-tagger&amp;utm_campaign=q6LnB0\" class=\"_link_o9xde_39\" rel=\"nofollow noopener\" target=\"_blank\">Henriette J\u00e6ger<\/a> er nominert som \u00e5rets kvinnelige ut\u00f8ver etter en fenomenal sesong p\u00e5 400 meter. <\/p>\n<p class=\"_paragraph_o9xde_4 _paragraph_xtcu6_10 layout-component text-serif-m layout-normal text-serif-m layout-padded\">Det har skjedd flere ganger at far som trener og s\u00f8nn som ut\u00f8ver har blitt nominert til samme idrettsgalla, men aldri f\u00f8r med mor og datter.<\/p>\n<p class=\"_paragraph_o9xde_4 _paragraph_xtcu6_10 layout-component text-serif-m layout-normal text-serif-m layout-padded\">\u2013 Jeg er veldig stolt over mamma sin nominasjon. Det er jo f\u00e6rre kvinner som er trenere, og nominasjon er jo et tegn p\u00e5 at vi har hatt et bra \u00e5r, sier Henriette.<\/p>\n<p><img alt=\"Henriette J\u00e6ger hyllet moren sin under VM i Tokyo. Det ble et r\u00f8rende treff.   Foto: Bj\u00f8rn S. Delebekk \/ VG\" class=\"_image_qp4xg_65 layout-component layout-normal\" data-fullscreen- data-track-element-type=\"Article image fullscreen\" data-track-name=\"ImageFullscreen\" decoding=\"async\" loading=\"lazy\" height=\"5014\" itemprop=\"image\"  src=\"https:\/\/www.europesays.com\/no\/wp-content\/uploads\/2025\/12\/3f5fc6da-9d84-44c1-93fe-6e1907187844\"  style=\"object-position:0% 0%\" width=\"7265\"\/>Henriette J\u00e6ger hyllet moren sin under VM i Tokyo. Det ble et r\u00f8rende treff.   Foto: Bj\u00f8rn S. Delebekk \/ VGNominasjoner blant far og s\u00f8nn<\/p>\n<p class=\"_paragraph_o9xde_4 _paragraph_xtcu6_10 _paragraph_16v91_10 layout-component text-serif-m layout-normal text-sans-m layout-padded\">2024: Espen og Markus Rooth, friidrett<\/p>\n<p class=\"_paragraph_o9xde_4 _paragraph_xtcu6_10 _paragraph_16v91_10 layout-component text-serif-m layout-normal text-sans-m layout-padded\">2023: K\u00e5re Mol og Anders Mol, volleyball. Christian og Casper Ruud, tennis<\/p>\n<p class=\"_paragraph_o9xde_4 _paragraph_xtcu6_10 _paragraph_16v91_10 layout-component text-serif-m layout-normal text-sans-m layout-padded\">2022: Gjert og Jakob Ingebrigtsen, friidrett. K\u00e5re og Anders Mol, volleyball<\/p>\n<p class=\"_paragraph_o9xde_4 _paragraph_xtcu6_10 _paragraph_16v91_10 layout-component text-serif-m layout-normal text-sans-m layout-padded\">2020: Gjert og Jakob Ingebrigtsen, friidrett. K\u00e5re og Anders Mol, volleyball<\/p>\n<p class=\"_paragraph_o9xde_4 _paragraph_xtcu6_10 _paragraph_16v91_10 layout-component text-serif-m layout-normal text-sans-m layout-padded\">2019: Gjert og Jakob Ingebrigtsen, friidrett. K\u00e5re og Anders Mol, volleyball<\/p>\n<p class=\"_paragraph_o9xde_4 _paragraph_xtcu6_10 _paragraph_16v91_10 layout-component text-serif-m layout-normal text-sans-m layout-padded\">2018: Gjert og Filip Ingebrigtsen, friidrett<\/p>\n<p class=\"_paragraph_o9xde_4 _paragraph_xtcu6_10 _paragraph_16v91_10 layout-component text-serif-m layout-normal text-sans-m layout-padded\">2017: Gjert og Filip Ingebrigtsen, friidrett<\/p>\n<p>Vis mer<\/p>\n<p class=\"_paragraph_o9xde_4 _paragraph_xtcu6_10 layout-component text-serif-m layout-normal text-serif-m layout-padded\">2025 ble et hektisk \u00e5r med ekstremt mange l\u00f8p for Aremark-jenta. Med mange h\u00f8ydepunkter:<\/p>\n<ul class=\"_list_o9xde_3 _list_xtcu6_9 _unordered_o9xde_106 layout-component text-serif-m layout-normal text-serif-m layout-padded\">\n<li class=\"_item_o9xde_30\">S\u00f8lv p\u00e5 400 m under EM innend\u00f8rs i Nederland<\/li>\n<li class=\"_item_o9xde_30\">Bronse p\u00e5 400 m under VM innend\u00f8rs i Kina<\/li>\n<li class=\"_item_o9xde_30\">Gull (400 meter) og s\u00f8lv (200 meter) under U23-EM i Bergen<\/li>\n<li class=\"_item_o9xde_30\">Seks pallplasser og en seier i Diamond League<\/li>\n<li class=\"_item_o9xde_30\">Norsk rekord p\u00e5 49,49 og flere l\u00f8p under 50 sekunder p\u00e5 400 meter<\/li>\n<li class=\"_item_o9xde_30\">7. plass i VM-finalen utend\u00f8rs i Tokyo p\u00e5 400 m<\/li>\n<li class=\"_item_o9xde_30\">Norsk rekord p\u00e5 3.23,71 og 6. plass p\u00e5 4&#215;400 meter-stafetten i VM<\/li>\n<\/ul>\n<p class=\"_paragraph_o9xde_4 _paragraph_xtcu6_10 layout-component text-serif-m layout-normal text-serif-m layout-padded\">\u2013 Det har v\u00e6rt et veldig, veldig bra \u00e5r og jeg er takknemlig over nominasjonen. Jeg er veldig imponert og stolt over det mamma og jeg f\u00e5r til, for vi er jo sammen om dette og reiser rundt p\u00e5 dette, sier Henriette. <\/p>\n<p class=\"_paragraph_o9xde_4 _paragraph_xtcu6_10 layout-component text-serif-m layout-normal text-serif-m layout-padded\">\u2013 2025 var kjempebra jevnt over med stor stabilitet. Det var veldig mange l\u00f8p p\u00e5 49-tallet p\u00e5 400 meter. Det viser at treningsmetoden v\u00e5r med mye variasjon og mengde fungerer, sier Unn Merete. <\/p>\n<p>Nominerte til \u00e5rets trener<\/p>\n<ul class=\"_list_o9xde_3 _list_xtcu6_9 _list_16v91_9 _unordered_o9xde_106 layout-component text-serif-m layout-normal text-sans-m layout-padded\">\n<li class=\"_item_o9xde_30\">Ole Gustav Gjekstad, h\u00e5ndball<\/li>\n<li class=\"_item_o9xde_30\">Unn Merete Lie J\u00e6ger, friidrett<\/li>\n<li class=\"_item_o9xde_30\">Kjetil Knutsen, fotball<\/li>\n<li class=\"_item_o9xde_30\">Siegfried Mazet\/Egil Kristiansen, skiskyting<\/li>\n<li class=\"_item_o9xde_30\">Arild Monsen og Eirik Myhr Nossum, langrenn<\/li>\n<li class=\"_item_o9xde_30\">Bjarne Rykkje, sk\u00f8yter<\/li>\n<li class=\"_item_o9xde_30\">Janne Salmi, orientering<\/li>\n<li class=\"_item_o9xde_30\">St\u00e5le Solbakken, fotball<\/li>\n<\/ul>\n<p>Vis mer<\/p>\n<p class=\"_paragraph_o9xde_4 _paragraph_xtcu6_10 layout-component text-serif-m layout-normal text-serif-m layout-padded\">Etter sesongen holdt til og med Henriette J\u00e6ger tale foran kong Harald og dronning Sonja i hjembyen Aremark. Duoen vedg\u00e5r at de ikke er de beste til \u00e5 stoppe opp og reflektere over hva de har f\u00e5tt til underveis, men har pr\u00f8vd \u00e5 ta det innover seg gjennom h\u00f8sten.<\/p>\n<p><img alt=\"Kong Harald og dronning Sonja sammen med Henriette J\u00e6ger under bes\u00f8ket i Aremark i oktober.  Foto: Stian Lysberg Solum \/ POOL \/ NTB\" class=\"_image_qp4xg_65 layout-component layout-normal\" data-fullscreen- data-track-element-type=\"Article image fullscreen\" data-track-name=\"ImageFullscreen\" decoding=\"async\" loading=\"lazy\" height=\"4981\" itemprop=\"image\"  src=\"https:\/\/www.europesays.com\/no\/wp-content\/uploads\/2025\/12\/b363e172-2fd1-42e0-bd73-7f11bf040c07\"  style=\"object-position:0% 0%\" width=\"7472\"\/>Kong Harald og dronning Sonja sammen med Henriette J\u00e6ger under bes\u00f8ket i Aremark i oktober.  Foto: Stian Lysberg Solum \/ POOL \/ NTB<\/p>\n<p class=\"_paragraph_o9xde_4 _paragraph_xtcu6_10 layout-component text-serif-m layout-normal text-serif-m layout-padded\">\u2013 Faktisk gjorde jeg det i g\u00e5r da jeg skulle takke sponsorene for 2025. Jeg begynte \u00e5 liste det opp og tenkte bare \u00aboi, shit!\u00bb. Det har v\u00e6rt et voldsomt bra \u00e5r, sier Unn Merete.<\/p>\n<p>Nominerte til \u00e5rets kvinnelige ut\u00f8ver<\/p>\n<ul class=\"_list_o9xde_3 _list_xtcu6_9 _list_16v91_9 _unordered_o9xde_106 layout-component text-serif-m layout-normal text-sans-m layout-padded\">\n<li class=\"_item_o9xde_30\">Grace Bullen, bryting<\/li>\n<li class=\"_item_o9xde_30\">Kari Brattset Dale, h\u00e5ndball<\/li>\n<li class=\"_item_o9xde_30\">Jeanette Hegg Duestad, skyting<\/li>\n<li class=\"_item_o9xde_30\">Marte Elverum, styrkel\u00f8ft<\/li>\n<li class=\"_item_o9xde_30\">Caroline Graham Hansen, fotball<\/li>\n<li class=\"_item_o9xde_30\">Gyda Westvold Hansen, kombinert<\/li>\n<li class=\"_item_o9xde_30\">Therese Johaug, langrenn<\/li>\n<li class=\"_item_o9xde_30\">Henriette J\u00e6ger, friidrett<\/li>\n<li class=\"_item_o9xde_30\">Solfrid Koanda, vektl\u00f8fting<\/li>\n<li class=\"_item_o9xde_30\">Solveig L\u00f8vseth, triatlon <\/li>\n<li class=\"_item_o9xde_30\">Henny Reistad, h\u00e5ndball<\/li>\n<li class=\"_item_o9xde_30\">Ragne Wiklund, sk\u00f8yter<\/li>\n<\/ul>\n<p>Vis mer<\/p>\n<p class=\"_paragraph_o9xde_4 _paragraph_xtcu6_10 layout-component text-serif-m layout-normal text-serif-m layout-padded\">\u2013 Det er viktig \u00e5 pr\u00f8ve og tenke gjennom det litt. Selv om vi fokuserer mye p\u00e5 hvordan vi kan bli enda bedre. Vi er enige om \u00e5 fortsette arbeidet v\u00e5rt med samme opplegg s\u00e5 f\u00f8r, men vi snakker alltid om \u00e5 gj\u00f8re noen sm\u00e5 justeringer. Det viktigste er kontinuitet og ha det g\u00f8y, sier Henriette.<\/p>\n<p class=\"_paragraph_o9xde_4 _paragraph_xtcu6_10 layout-component text-serif-m layout-normal text-serif-m layout-padded\">Allerede 26. desember g\u00e5r turen til S\u00f8r-Afrika for treningsleir. De f\u00e5r dermed ikke v\u00e6rt til stede under Idrettsgallaen p\u00e5 Hamar l\u00f8rdag 10. januar. <\/p>\n<p class=\"_paragraph_o9xde_4 _paragraph_xtcu6_10 layout-component text-serif-m layout-normal text-serif-m layout-padded\"><a href=\"https:\/\/www.vg.no\/sport\/i\/j0PR3o\/disse-er-nominert-foran-idrettsgallaen-haaland-kan-vinne-tre-priser\" data-track-element-type=\"Link\" data-track-id=\"link:j0PR3o\" class=\"_link_o9xde_39\" rel=\"nofollow noopener\" target=\"_blank\">Se alle nominerte her.<\/a><\/p>\n<p class=\"_paragraph_o9xde_4 _paragraph_xtcu6_10 layout-component text-serif-m layout-normal text-serif-m layout-padded\">Selveste julaften 24. desember kan du ogs\u00e5 lese hvilken plassering J\u00e6ger kommer p\u00e5 i VGs topp 100 liste.<\/p>\n","protected":false},"excerpt":{"rendered":"For f\u00f8rste gang er mor og datter nominert i hver sin kategori p\u00e5 Idrettsgallaen. Suksessduoen Unn Merete J\u00e6ger&hellip;\n","protected":false},"author":2,"featured_media":117831,"comment_status":"","ping_status":"","sticky":false,"template":"","format":"standard","meta":{"footnotes":""},"categories":[59],"tags":[423,2042,30,28,29,83,82],"class_list":{"0":"post-117830","1":"post","2":"type-post","3":"status-publish","4":"format-standard","5":"has-post-thumbnail","7":"category-sport","8":"tag-friidrett","9":"tag-henriette-jaeger","10":"tag-no","11":"tag-norge","12":"tag-norway","13":"tag-sport","14":"tag-sports"},"share_on_mastodon":{"url":"https:\/\/pubeurope.com\/@no\/115748619247304420","error":""},"_links":{"self":[{"href":"https:\/\/www.europesays.com\/no\/wp-json\/wp\/v2\/posts\/117830","targetHints":{"allow":["GET"]}}],"collection":[{"href":"https:\/\/www.europesays.com\/no\/wp-json\/wp\/v2\/posts"}],"about":[{"href":"https:\/\/www.europesays.com\/no\/wp-json\/wp\/v2\/types\/post"}],"author":[{"embeddable":true,"href":"https:\/\/www.europesays.com\/no\/wp-json\/wp\/v2\/users\/2"}],"replies":[{"embeddable":true,"href":"https:\/\/www.europesays.com\/no\/wp-json\/wp\/v2\/comments?post=117830"}],"version-history":[{"count":0,"href":"https:\/\/www.europesays.com\/no\/wp-json\/wp\/v2\/posts\/117830\/revisions"}],"wp:featuredmedia":[{"embeddable":true,"href":"https:\/\/www.europesays.com\/no\/wp-json\/wp\/v2\/media\/117831"}],"wp:attachment":[{"href":"https:\/\/www.europesays.com\/no\/wp-json\/wp\/v2\/media?parent=117830"}],"wp:term":[{"taxonomy":"category","embeddable":true,"href":"https:\/\/www.europesays.com\/no\/wp-json\/wp\/v2\/categories?post=117830"},{"taxonomy":"post_tag","embeddable":true,"href":"https:\/\/www.europesays.com\/no\/wp-json\/wp\/v2\/tags?post=117830"}],"curies":[{"name":"wp","href":"https:\/\/api.w.org\/{rel}","templated":true}]}}