{"id":117832,"date":"2025-12-19T22:40:17","date_gmt":"2025-12-19T22:40:17","guid":{"rendered":"https:\/\/www.europesays.com\/no\/117832\/"},"modified":"2025-12-19T22:40:17","modified_gmt":"2025-12-19T22:40:17","slug":"slik-spilles-eliteserien-i-2026-brann","status":"publish","type":"post","link":"https:\/\/www.europesays.com\/no\/117832\/","title":{"rendered":"Slik spilles Eliteserien i 2026 \/ Brann"},"content":{"rendered":"<p>N\u00e5r er f\u00f8rste hjemmekamp? Hvem m\u00f8ter Brann i f\u00f8rste bortekamp? Blir det Molde-tur i november for tredje \u00e5r p\u00e5 rad?\u00a0<\/p>\n<p>Eliteserien sparkes i gang 15. mars i 2026. Brann begynner borte.\u00a0<\/p>\n<p>F\u00f8r seriestart skal Brann spille minst to kamper til i Europa League, p\u00e5 flere treningsleire, spille treningskamper og NM. <a href=\"https:\/\/www.brann.no\/nyheter\/omtrent-slik-blir-brann-vinteren\" rel=\"nofollow noopener\" target=\"_blank\">Les mer om det her.<\/a><\/p>\n<p>NB: NM-kampen mot Tromsdalen er ikke bekreftet enn\u00e5. Innimellom noen av serierundene p\u00e5 v\u00e5ren skal det ogs\u00e5 spilles NM-runder, om Brann kommer videre.\u00a0<\/p>\n<p>Eliteserien 2026 \u2013 runde for runde<\/p>\n<p><strong>Runde 1:\u00a0<\/strong><\/p>\n<p>Kristiansund\u2013Brann, s\u00f8ndag 15. mars klokken 14.30.<\/p>\n<p><strong>Runde 2:\u00a0<\/strong><\/p>\n<p>Brann\u2013Troms\u00f8, s\u00f8ndag 22. mars klokken 17.00.<\/p>\n<p><strong>Runde 3:\u00a0<\/strong><\/p>\n<p>HamKam\u2013Brann, mandag 6. april klokken 17.00. (2. p\u00e5skedag).<\/p>\n<p><strong>Runde 4:\u00a0<\/strong><\/p>\n<p>Brann\u2013Sandefjord, s\u00f8ndag 12. april klokken 19.15.<\/p>\n<p><strong>Runde 5:\u00a0<\/strong><\/p>\n<p>Viking\u2013Brann, l\u00f8rdag 18. april klokken 18.00.<\/p>\n<p><strong>Runde 6:\u00a0<\/strong><\/p>\n<p>Rosenborg\u2013Brann, l\u00f8rdag 25. april klokken 18.00.<\/p>\n<p><strong>Runde 17:<\/strong><\/p>\n<p>Troms\u00f8\u2013Brann, onsdag 29. april klokken 19.00 (fremskyndet fra august grunnet Conference League).<\/p>\n<p><strong>Runde 7:\u00a0<\/strong><\/p>\n<p>Brann\u2013Fredrikstad, l\u00f8rdag 2. mai klokken 18.00.\u00a0<\/p>\n<p><strong>Runde 8:\u00a0<\/strong><\/p>\n<p>Aalesund\u2013Brann, s\u00f8ndag 10. mai klokken 19.15 (NB: Flyttes til 20. mai om Brann eller Aalesund kommer til cupfinalen).<\/p>\n<p><strong>Runde 9:\u00a0<\/strong><\/p>\n<p>Brann\u2013KFUM, l\u00f8rdag 16. mai klokken 14.00.\u00a0<\/p>\n<p>NB: Fra og med runde 10 er ikke kampene endelig bestemt. Det betyr at b\u00e5de dato og tidspunkt kan endres.\u00a0<\/p>\n<p><strong>Runde 10:<\/strong><\/p>\n<p>Bod\u00f8\/Glimt\u2013Brann, mandag 25. mai (Spilles s\u00f8ndag 24. mai dersom Brann eller Sarpsborg spiller &laquo;supercupfinalen&raquo; 30.\/31. mai)<\/p>\n<p><strong>Runde 11:\u00a0<\/strong><\/p>\n<p>Brann\u2013Sarpsborg 08, s\u00f8ndag 31. mai (Spilles onsdag 27. mai dersom Brann eller Sarpsborg spiller &laquo;supercupfinalen&raquo; 30.\/31. mai).<\/p>\n<p><strong>Runde 12:\u00a0<\/strong><\/p>\n<p>Lillestr\u00f8m\u2013Brann, s\u00f8ndag 5. juli.<\/p>\n<p><strong>Runde 13:<\/strong><\/p>\n<p>Brann\u2013Start, s\u00f8ndag 12. juli.<\/p>\n<p><strong>Runde 14:\u00a0<\/strong><\/p>\n<p>Molde\u2013Brann, l\u00f8rdag 18. juli.\u00a0<\/p>\n<p><strong>Runde 15:<\/strong><\/p>\n<p>Brann\u2013V\u00e5lerenga, s\u00f8ndag 26. juli.<\/p>\n<p><strong>Runde 16:\u00a0<\/strong><\/p>\n<p>Brann\u2013Rosenborg, s\u00f8ndag 2. august.<\/p>\n<p><strong>Runde 18:\u00a0<\/strong><\/p>\n<p>Brann\u2013HamKam, s\u00f8ndag 16. august.\u00a0<\/p>\n<p><strong>Runde 19:\u00a0<\/strong><\/p>\n<p>Sandefjord\u2013Brann. s\u00f8ndag 30. august.\u00a0<\/p>\n<p><strong>Runde 20:\u00a0<\/strong><\/p>\n<p>Brann\u2013Lillestr\u00f8m, s\u00f8ndag 6. september.\u00a0<\/p>\n<p><strong>Runde 21:\u00a0<\/strong><\/p>\n<p>Start\u2013Brann, s\u00f8ndag 13. september.<\/p>\n<p><strong>Runde 22:\u00a0<\/strong><\/p>\n<p>Brann\u2013Bod\u00f8\/Glimt, s\u00f8ndag 20. september.\u00a0<\/p>\n<p><strong>Runde 23:\u00a0<\/strong><\/p>\n<p>Brann\u2013Viking, s\u00f8ndag 11. oktober.\u00a0<\/p>\n<p><strong>Runde 24:\u00a0<\/strong><\/p>\n<p>V\u00e5lerenga\u2013Brann, s\u00f8ndag 18. oktober.<\/p>\n<p><strong>Runde 25:\u00a0<\/strong><\/p>\n<p>Brann\u2013Molde, s\u00f8ndag 25. oktober.\u00a0<\/p>\n<p><strong>Runde 26:\u00a0<\/strong><\/p>\n<p>Fredrikstad\u2013Brann, s\u00f8ndag 1. november.\u00a0<\/p>\n<p><strong>Runde 27:\u00a0<\/strong><\/p>\n<p>KFUM\u2013Brann. s\u00f8ndag 8. november.\u00a0<\/p>\n<p><strong>Runde 28:\u00a0<\/strong><\/p>\n<p>Brann\u2013Kristiansund BK, s\u00f8ndag 22. november.\u00a0<\/p>\n<p><strong>Runde 29:\u00a0<\/strong><\/p>\n<p>Sarpsborg\u2013Brann, s\u00f8ndag 29. november.<\/p>\n<p><strong>Runde 30:\u00a0<\/strong><\/p>\n<p>Brann\u2013Aalesund, s\u00f8ndag 5. desember.\u00a0<\/p>\n","protected":false},"excerpt":{"rendered":"N\u00e5r er f\u00f8rste hjemmekamp? Hvem m\u00f8ter Brann i f\u00f8rste bortekamp? Blir det Molde-tur i november for tredje \u00e5r&hellip;\n","protected":false},"author":2,"featured_media":117833,"comment_status":"","ping_status":"","sticky":false,"template":"","format":"standard","meta":{"footnotes":""},"categories":[5],"tags":[20,21,24,25,15,19,22,23,17,18,13,30,28,29,14,16,26,27],"class_list":{"0":"post-117832","1":"post","2":"type-post","3":"status-publish","4":"format-standard","5":"has-post-thumbnail","7":"category-overskrifter","8":"tag-breaking-news","9":"tag-breakingnews","10":"tag-featured-news","11":"tag-featurednews","12":"tag-headlines","13":"tag-hovedoppslag","14":"tag-latest-news","15":"tag-latestnews","16":"tag-main-news","17":"tag-mainnews","18":"tag-news","19":"tag-no","20":"tag-norge","21":"tag-norway","22":"tag-nyheter","23":"tag-overskrifter","24":"tag-top-stories","25":"tag-topstories"},"share_on_mastodon":{"url":"https:\/\/pubeurope.com\/@no\/115748642779830108","error":""},"_links":{"self":[{"href":"https:\/\/www.europesays.com\/no\/wp-json\/wp\/v2\/posts\/117832","targetHints":{"allow":["GET"]}}],"collection":[{"href":"https:\/\/www.europesays.com\/no\/wp-json\/wp\/v2\/posts"}],"about":[{"href":"https:\/\/www.europesays.com\/no\/wp-json\/wp\/v2\/types\/post"}],"author":[{"embeddable":true,"href":"https:\/\/www.europesays.com\/no\/wp-json\/wp\/v2\/users\/2"}],"replies":[{"embeddable":true,"href":"https:\/\/www.europesays.com\/no\/wp-json\/wp\/v2\/comments?post=117832"}],"version-history":[{"count":0,"href":"https:\/\/www.europesays.com\/no\/wp-json\/wp\/v2\/posts\/117832\/revisions"}],"wp:featuredmedia":[{"embeddable":true,"href":"https:\/\/www.europesays.com\/no\/wp-json\/wp\/v2\/media\/117833"}],"wp:attachment":[{"href":"https:\/\/www.europesays.com\/no\/wp-json\/wp\/v2\/media?parent=117832"}],"wp:term":[{"taxonomy":"category","embeddable":true,"href":"https:\/\/www.europesays.com\/no\/wp-json\/wp\/v2\/categories?post=117832"},{"taxonomy":"post_tag","embeddable":true,"href":"https:\/\/www.europesays.com\/no\/wp-json\/wp\/v2\/tags?post=117832"}],"curies":[{"name":"wp","href":"https:\/\/api.w.org\/{rel}","templated":true}]}}