{"id":117834,"date":"2025-12-19T22:41:10","date_gmt":"2025-12-19T22:41:10","guid":{"rendered":"https:\/\/www.europesays.com\/no\/117834\/"},"modified":"2025-12-19T22:41:10","modified_gmt":"2025-12-19T22:41:10","slug":"dukket-opp-gikk-av-hengslene","status":"publish","type":"post","link":"https:\/\/www.europesays.com\/no\/117834\/","title":{"rendered":"Dukket opp: &#8211; Gikk av hengslene"},"content":{"rendered":"<p>  Den tidligere Liverpool-spissen og\u00a0engelske landslagsspilleren dukket opp midt i VM-festen.<\/p>\n<p>\n    ALLY PALLY: Peter Crouch i arenaen hvor verdensmesterskapet i dart spilles. Foto: AP\n  <\/p>\n<p>Verdensmesterskapet i dart er i full gang i London, der 96 av verdens beste spillere kjemper om en plass i finalen 3. januar. Turneringen spilles i ber\u00f8mte Ally Pally, og er kjent for et h\u00f8ylytt publikum som er glade i \u00e5 ta seg et par enheter.<\/p>\n<p><a href=\"https:\/\/www.skysports.com\/darts\/video\/15618\/13485376\/world-darts-championship-crouchie-loves-the-darts\" rel=\"nofollow noopener\" target=\"_blank\">Sky Sports<\/a> og andre medier melder at Peter Crouch (44) tok turen til verdensmesterskapet i dart torsdag kveld.<\/p>\n<p class=\"font-weight-bold m-font-weight-bold\" data-lab-font_weight=\"font-weight-bold\">&#8211; Peter Crouch ble sett nyte dartkampen i Ally Pally, til publikums store glede, heter det fra Sky Sports.<\/p>\n<p class=\"font-weight-normal m-font-weight-normal\" data-lab-font_weight=\"font-weight-normal\">&#8211; Peter Crouch f\u00e5r publikum i Alexandra Palace til \u00e5 g\u00e5 av hengslene mens han chugger en \u00f8l, skriver <a href=\"https:\/\/talksport.com\/darts\/3834545\/peter-crouch-downs-pint-world-darts-championship-fans\/\" rel=\"nofollow noopener\" target=\"_blank\">talkSPORT<\/a>.<\/p>\n<p>Tyske <a href=\"https:\/\/www.bild.de\/sport\/mehr-sport\/darts-wm-england-legende-im-ally-pally-aufgetaucht-69445a1f239329d6a928b450\" rel=\"nofollow noopener\" target=\"_blank\">Bild<\/a> skriver at publikums fokus p\u00e5 kampen mellom Dominik Gr\u00fcllich og Jermaine Wattimena plutselig forsvant da den Liverpool-spissen dukket opp p\u00e5 storskjermen. <\/p>\n<p class=\"font-weight-bold m-font-weight-bold\" data-lab-font_weight=\"font-weight-bold\">&#8211; Den tidligere engelske kultspilleren satt p\u00e5 tribunen i Ally Pally og n\u00f8t showet &#8211; med en \u00f8l i h\u00e5nden. Da han for f\u00f8rste gang ble vist p\u00e5 storskjerm, gikk publikum fullstendig av hengslene, melder Bild.<\/p>\n<p> If\u00f8lge Bild\u00a0ble Crouch vist hele seks ganger i l\u00f8pet av 36 sekunder &#8211; til og med mens dartspillerne sto og kastet. <\/p>\n<p>        <img loading=\"lazy\" decoding=\"async\" src=\"https:\/\/www.europesays.com\/no\/wp-content\/uploads\/2025\/12\/84012099.webp\" width=\"667\" height=\"381\" title=\"GOD STEMNING: - Da Peter Crouch for f\u00f8rste gang ble vist p\u00e5 storskjerm, gikk publikum fullstendig av hengslene, skriver Bild.Foto: Reuters\" alt=\"\" class=\"\" style=\"--aspect-ratio-image: 1.75; \"\/><\/p>\n<p>\n        GOD STEMNING: &#8211; Da Peter Crouch for f\u00f8rste gang ble vist p\u00e5 storskjerm, gikk publikum fullstendig av hengslene, skriver Bild.Foto: Reuters\n    <\/p>\n<p><a href=\"https:\/\/x.com\/OfficialPDC\/status\/2001741314509992357\" rel=\"nofollow\">PDC<\/a> (The Professional Darts Corporation) har delt en video av Crouch som har 743 000 visninger i skrivende stund.<\/p>\n<p class=\"font-weight-bold m-font-weight-bold\" data-lab-font_weight=\"font-weight-bold\">&#8211; Peter Crouch \u2026 en nasjonalskatt. Ally Pally gikk fullstendig av hengslene for den tidligere England-spissen, skriver PDC p\u00e5 X.<\/p>\n<p>Crouch fikk 42 landskamper og scoret 22 m\u00e5l for England. Han var del av Englands tropp til VM i b\u00e5de 2006 og 2010. Han fikk ogs\u00e5 106 Premier League-scoringer totalt og spilte for klubber som Liverpool, Tottenham, Stoke City, Portsmouth, QPR og Aston Villa.<\/p>\n","protected":false},"excerpt":{"rendered":"Den tidligere Liverpool-spissen og\u00a0engelske landslagsspilleren dukket opp midt i VM-festen. ALLY PALLY: Peter Crouch i arenaen hvor verdensmesterskapet&hellip;\n","protected":false},"author":2,"featured_media":117835,"comment_status":"","ping_status":"","sticky":false,"template":"","format":"standard","meta":{"footnotes":""},"categories":[59],"tags":[10312,4835,30,28,29,5118,83,82],"class_list":{"0":"post-117834","1":"post","2":"type-post","3":"status-publish","4":"format-standard","5":"has-post-thumbnail","7":"category-sport","8":"tag-dart","9":"tag-england","10":"tag-no","11":"tag-norge","12":"tag-norway","13":"tag-peter-crouch","14":"tag-sport","15":"tag-sports"},"share_on_mastodon":{"url":"https:\/\/pubeurope.com\/@no\/115748646776235860","error":""},"_links":{"self":[{"href":"https:\/\/www.europesays.com\/no\/wp-json\/wp\/v2\/posts\/117834","targetHints":{"allow":["GET"]}}],"collection":[{"href":"https:\/\/www.europesays.com\/no\/wp-json\/wp\/v2\/posts"}],"about":[{"href":"https:\/\/www.europesays.com\/no\/wp-json\/wp\/v2\/types\/post"}],"author":[{"embeddable":true,"href":"https:\/\/www.europesays.com\/no\/wp-json\/wp\/v2\/users\/2"}],"replies":[{"embeddable":true,"href":"https:\/\/www.europesays.com\/no\/wp-json\/wp\/v2\/comments?post=117834"}],"version-history":[{"count":0,"href":"https:\/\/www.europesays.com\/no\/wp-json\/wp\/v2\/posts\/117834\/revisions"}],"wp:featuredmedia":[{"embeddable":true,"href":"https:\/\/www.europesays.com\/no\/wp-json\/wp\/v2\/media\/117835"}],"wp:attachment":[{"href":"https:\/\/www.europesays.com\/no\/wp-json\/wp\/v2\/media?parent=117834"}],"wp:term":[{"taxonomy":"category","embeddable":true,"href":"https:\/\/www.europesays.com\/no\/wp-json\/wp\/v2\/categories?post=117834"},{"taxonomy":"post_tag","embeddable":true,"href":"https:\/\/www.europesays.com\/no\/wp-json\/wp\/v2\/tags?post=117834"}],"curies":[{"name":"wp","href":"https:\/\/api.w.org\/{rel}","templated":true}]}}